{"id":22296,"date":"2013-08-13T15:30:00","date_gmt":"2013-08-13T13:30:00","guid":{"rendered":"https:\/\/www.gurit.com\/annonce-ad-hoc-gurit-presentera-ses-resultats-semestriels-le-23-aout-2013\/"},"modified":"2013-08-13T15:30:00","modified_gmt":"2013-08-13T13:30:00","slug":"annonce-ad-hoc-gurit-presentera-ses-resultats-semestriels-le-23-aout-2013","status":"publish","type":"post","link":"https:\/\/www.gurit.com\/fr\/annonce-ad-hoc-gurit-presentera-ses-resultats-semestriels-le-23-aout-2013\/","title":{"rendered":"Annonce ad hoc &#8211; Gurit pr\u00e9sentera ses r\u00e9sultats semestriels le 23 ao\u00fbt 2013"},"content":{"rendered":"<table class=\"tensid-wrapper\" cellpadding=\"0\" cellspacing=\"0\" border=\"0\" summary=\"\">\n<tr>\n<td valign=\"top\">\n<table class=\"tensid-whole_content\" cellpadding=\"0\" cellspacing=\"0\" border=\"0\" summary=\"\">\n<tr>\n<td valign=\"top\" class=\"tensid-heading\">  Gurit pr\u00e9sentera ses r\u00e9sultats semestriels le 23 ao\u00fbt 2013  <\/td>\n<\/tr>\n<tr>\n<td valign=\"top\" class=\"tensid-spacer\">&nbsp;<\/td>\n<\/tr>\n<tr>\n<td valign=\"top\" class=\"tensid-lead\">\n<p align=\"justify\">\n<ul>\n<li><strong>07:00 a.m. CEST : Distribution du communiqu\u00e9 de presse ; publication en ligne du rapport semestriel et des diapositives de pr\u00e9sentation <\/strong><\/li>\n<li><strong>09:00 a.m. CEST : Conf\u00e9rence t\u00e9l\u00e9phonique et webcast international   <\/strong><\/li>\n<\/ul>\n<\/td>\n<\/tr>\n<tr>\n<td valign=\"top\" class=\"tensid-spacer\">&nbsp;<\/td>\n<\/tr>\n<tr>\n<td valign=\"top\" class=\"tensid-body\">\n<p align=\"justify\">Zurich, le 13 ao\u00fbt 2013. Gurit (SIX Swiss Exchange : GUR) publiera ses r\u00e9sultats semestriels 2013 en ao\u00fbt 2013. <\/p>\n<p align=\"justify\">\n<p align=\"justify\">A 07h00 CEST, Gurit publiera un communiqu\u00e9 de presse au niveau international. Parall\u00e8lement, le rapport semestriel 2013 complet et les diapositives de pr\u00e9sentation du semestre 2013 pourront \u00eatre t\u00e9l\u00e9charg\u00e9s sur le site web de Gurit <a href=\"http:\/\/www.gurit.com\/fr\/\">, gurit2.3ddev.de\/<\/a>, \u00e0 l&rsquo;adresse <a href=\"http:\/\/investors.gurit.com\/download-archive.aspx\">http:\/\/investors.gurit.com\/download-archive.aspx.<\/a>  <\/p>\n<p align=\"justify\">\n<p align=\"justify\">Une conf\u00e9rence t\u00e9l\u00e9phonique \u00e0 l&rsquo;intention des m\u00e9dias et des analystes est pr\u00e9vue \u00e0 9h00. Veuillez vous connecter environ 10 minutes avant l&rsquo;appel en utilisant les num\u00e9ros suivants : <\/p>\n<ul>\n<li>Suisse : +41 58 262 07 22<\/li>\n<li>Allemagne : 0800 181 93 93 (gratuit)<\/li>\n<li>Grande-Bretagne : 0808 234 88 76 (gratuit)<\/li>\n<li>\u00c9tats-Unis : 1 866 591 43 61 ou 1 888 50 333 35 (gratuit)<\/li>\n<\/ul>\n<p align=\"justify\">\n<p align=\"justify\">Le code PIN pour acc\u00e9der \u00e0 la conf\u00e9rence t\u00e9l\u00e9phonique est <strong>256277<\/strong>.<\/p>\n<p align=\"justify\">\n<p align=\"justify\">Pendant la conf\u00e9rence, les participants seront en mode \u00e9coute uniquement. Si vous souhaitez poser des questions, veuillez composer *14 sur votre t\u00e9l\u00e9phone, pour retirer une question, appuyez sur *15. Les r\u00e9ponses aux questions seront donn\u00e9es dans l&rsquo;ordre chronologique.  <\/p>\n<p align=\"justify\">\n<p align=\"justify\">La conf\u00e9rence t\u00e9l\u00e9phonique est \u00e9galement disponible simultan\u00e9ment sous forme de webcast international \u00e0 l&rsquo;adresse <a href=\"http:\/\/investors.gurit.com\/webcasts.aspx\">http:\/\/investors.gurit.com\/webcasts.aspx<\/a> o\u00f9 un enregistrement sera archiv\u00e9 ult\u00e9rieurement.<\/p>\n<p align=\"justify\">\n<p align=\"justify\">\n<p align=\"justify\">Pour plus d&rsquo;informations sur Gurit : Markus Kn\u00fcsli Amacker, CFO et responsable des relations avec les investisseurs, <a href=\"mailto:markus.knuesli@gurit.com\">markus.knuesli@gurit.com,<\/a> T +41 44 316 15 62, M +41 79 217 11 67<\/p>\n<\/td>\n<\/tr>\n<tr>\n<td valign=\"top\" class=\"tensid-spacer\">&nbsp;<\/td>\n<\/tr>\n<tr>\n<td valign=\"top\" class=\"tensid-footer\">\n<p align=\"justify\">\n<p align=\"justify\">Vous pouvez <strong>vous inscrire pour recevoir des alertes par courrier \u00e9lectronique<\/strong> \u00e0 l&rsquo;adresse suivante<a href=\"http:\/\/investors.gurit.com\/news-alert-subscription.aspx\">:<br \/>http:\/\/investors.gurit.com\/news-alert-subscription.aspx<\/a><\/p>\n<p align=\"justify\">\n<p align=\"justify\">\n<p align=\"justify\"><strong>\u00c0 propos de Gurit :<\/strong> Les soci\u00e9t\u00e9s de Gurit Holding AG, Wattwil\/Suisse, (SIX Swiss Ex-change : GUR) sont sp\u00e9cialis\u00e9es dans le d\u00e9veloppement et la fabrication de mat\u00e9riaux composites avanc\u00e9s, de technologies connexes et de pi\u00e8ces et composants finis s\u00e9lectionn\u00e9s. La gamme compl\u00e8te de produits comprend des pr\u00e9impr\u00e9gn\u00e9s renforc\u00e9s de fibres, des produits structuraux (mat\u00e9riaux synth\u00e9tiques et bois de balsa), des gelcoats, des adh\u00e9sifs, des r\u00e9sines et des consommables. Gurit approvisionne les march\u00e9s mondiaux en croissance en mat\u00e9riaux composites, d&rsquo;une part, et en \u00e9quipements d&rsquo;outillage composites, en ing\u00e9nierie structurelle et en pi\u00e8ces finies s\u00e9lectionn\u00e9es, d&rsquo;autre part. Le groupe mondial poss\u00e8de des sites de production et des bureaux en Suisse, en Allemagne, au Royaume-Uni, au Canada, en Espagne, en Australie, en Nouvelle-Z\u00e9lande, aux \u00c9tats-Unis, en \u00c9quateur, au Br\u00e9sil, en Inde et en Chine.   <\/p>\n<p align=\"justify\">\n<p align=\"justify\">\n<\/td>\n<\/tr>\n<tr>\n<td valign=\"top\" class=\"tensid-spacer\">&nbsp;<\/td>\n<\/tr>\n<tr><\/tr>\n<\/table>\n<\/td>\n<\/tr>\n<\/table>\n","protected":false},"excerpt":{"rendered":"<p>Gurit pr\u00e9sentera ses r\u00e9sultats semestriels le 23 ao\u00fbt 2013 &nbsp; 07:00 a.m. CEST : Distribution du communiqu\u00e9 de presse ; publication en ligne du rapport semestriel et des diapositives de [&hellip;]<\/p>\n","protected":false},"author":1,"featured_media":0,"comment_status":"closed","ping_status":"closed","sticky":false,"template":"","format":"standard","meta":{"_et_pb_use_builder":"","_et_pb_old_content":"","_et_gb_content_width":"","footnotes":""},"categories":[82],"tags":[],"class_list":["post-22296","post","type-post","status-publish","format-standard","hentry","category-eqsadhoc"],"yoast_head":"<!-- This site is optimized with the Yoast SEO plugin v27.5 - https:\/\/yoast.com\/product\/yoast-seo-wordpress\/ -->\n<title>Annonce ad hoc - Gurit pr\u00e9sentera ses r\u00e9sultats semestriels le 23 ao\u00fbt 2013 - Gurit.<\/title>\n<meta name=\"robots\" content=\"index, follow, max-snippet:-1, max-image-preview:large, max-video-preview:-1\" \/>\n<link rel=\"canonical\" href=\"https:\/\/www.gurit.com\/fr\/annonce-ad-hoc-gurit-presentera-ses-resultats-semestriels-le-23-aout-2013\/\" \/>\n<meta property=\"og:locale\" content=\"fr_FR\" \/>\n<meta property=\"og:type\" content=\"article\" \/>\n<meta property=\"og:title\" content=\"Annonce ad hoc - Gurit pr\u00e9sentera ses r\u00e9sultats semestriels le 23 ao\u00fbt 2013 - Gurit.\" \/>\n<meta property=\"og:description\" content=\"Gurit pr\u00e9sentera ses r\u00e9sultats semestriels le 23 ao\u00fbt 2013 &nbsp; 07:00 a.m. CEST : Distribution du communiqu\u00e9 de presse ; publication en ligne du rapport semestriel et des diapositives de [&hellip;]\" \/>\n<meta property=\"og:url\" content=\"https:\/\/www.gurit.com\/fr\/annonce-ad-hoc-gurit-presentera-ses-resultats-semestriels-le-23-aout-2013\/\" \/>\n<meta property=\"og:site_name\" content=\"Gurit\" \/>\n<meta property=\"article:publisher\" content=\"https:\/\/www.facebook.com\/GuritGroup\" \/>\n<meta property=\"article:published_time\" content=\"2013-08-13T13:30:00+00:00\" \/>\n<meta name=\"author\" content=\"simplicate\" \/>\n<meta name=\"twitter:card\" content=\"summary_large_image\" \/>\n<meta name=\"twitter:creator\" content=\"@guritgroup\" \/>\n<meta name=\"twitter:site\" content=\"@guritgroup\" \/>\n<meta name=\"twitter:label1\" content=\"\u00c9crit par\" \/>\n\t<meta name=\"twitter:data1\" content=\"simplicate\" \/>\n\t<meta name=\"twitter:label2\" content=\"Dur\u00e9e de lecture estim\u00e9e\" \/>\n\t<meta name=\"twitter:data2\" content=\"2 minutes\" \/>\n<script type=\"application\/ld+json\" class=\"yoast-schema-graph\">{\"@context\":\"https:\\\/\\\/schema.org\",\"@graph\":[{\"@type\":\"Article\",\"@id\":\"https:\\\/\\\/www.gurit.com\\\/fr\\\/annonce-ad-hoc-gurit-presentera-ses-resultats-semestriels-le-23-aout-2013\\\/#article\",\"isPartOf\":{\"@id\":\"https:\\\/\\\/www.gurit.com\\\/fr\\\/annonce-ad-hoc-gurit-presentera-ses-resultats-semestriels-le-23-aout-2013\\\/\"},\"author\":{\"name\":\"simplicate\",\"@id\":\"https:\\\/\\\/www.gurit.com\\\/fr\\\/#\\\/schema\\\/person\\\/b119121c55c6dcf772cd743cf20ea81b\"},\"headline\":\"Annonce ad hoc &#8211; Gurit pr\u00e9sentera ses r\u00e9sultats semestriels le 23 ao\u00fbt 2013\",\"datePublished\":\"2013-08-13T13:30:00+00:00\",\"mainEntityOfPage\":{\"@id\":\"https:\\\/\\\/www.gurit.com\\\/fr\\\/annonce-ad-hoc-gurit-presentera-ses-resultats-semestriels-le-23-aout-2013\\\/\"},\"wordCount\":455,\"publisher\":{\"@id\":\"https:\\\/\\\/www.gurit.com\\\/fr\\\/#organization\"},\"articleSection\":[\"EQSadhoc\"],\"inLanguage\":\"fr-FR\"},{\"@type\":\"WebPage\",\"@id\":\"https:\\\/\\\/www.gurit.com\\\/fr\\\/annonce-ad-hoc-gurit-presentera-ses-resultats-semestriels-le-23-aout-2013\\\/\",\"url\":\"https:\\\/\\\/www.gurit.com\\\/fr\\\/annonce-ad-hoc-gurit-presentera-ses-resultats-semestriels-le-23-aout-2013\\\/\",\"name\":\"Annonce ad hoc - Gurit pr\u00e9sentera ses r\u00e9sultats semestriels le 23 ao\u00fbt 2013 - Gurit.\",\"isPartOf\":{\"@id\":\"https:\\\/\\\/www.gurit.com\\\/fr\\\/#website\"},\"datePublished\":\"2013-08-13T13:30:00+00:00\",\"breadcrumb\":{\"@id\":\"https:\\\/\\\/www.gurit.com\\\/fr\\\/annonce-ad-hoc-gurit-presentera-ses-resultats-semestriels-le-23-aout-2013\\\/#breadcrumb\"},\"inLanguage\":\"fr-FR\",\"potentialAction\":[{\"@type\":\"ReadAction\",\"target\":[\"https:\\\/\\\/www.gurit.com\\\/fr\\\/annonce-ad-hoc-gurit-presentera-ses-resultats-semestriels-le-23-aout-2013\\\/\"]}]},{\"@type\":\"BreadcrumbList\",\"@id\":\"https:\\\/\\\/www.gurit.com\\\/fr\\\/annonce-ad-hoc-gurit-presentera-ses-resultats-semestriels-le-23-aout-2013\\\/#breadcrumb\",\"itemListElement\":[{\"@type\":\"ListItem\",\"position\":1,\"name\":\"Startseite\",\"item\":\"https:\\\/\\\/www.gurit.com\\\/fr\\\/marches\\\/\"},{\"@type\":\"ListItem\",\"position\":2,\"name\":\"Annonce ad hoc &#8211; Gurit pr\u00e9sentera ses r\u00e9sultats semestriels le 23 ao\u00fbt 2013\"}]},{\"@type\":\"WebSite\",\"@id\":\"https:\\\/\\\/www.gurit.com\\\/fr\\\/#website\",\"url\":\"https:\\\/\\\/www.gurit.com\\\/fr\\\/\",\"name\":\"Gurit\",\"description\":\"Composites avanc\u00e9s pour l'\u00e9nergie \u00e9olienne, la marine, la construction et d'autres industries\",\"publisher\":{\"@id\":\"https:\\\/\\\/www.gurit.com\\\/fr\\\/#organization\"},\"potentialAction\":[{\"@type\":\"SearchAction\",\"target\":{\"@type\":\"EntryPoint\",\"urlTemplate\":\"https:\\\/\\\/www.gurit.com\\\/fr\\\/?s={search_term_string}\"},\"query-input\":{\"@type\":\"PropertyValueSpecification\",\"valueRequired\":true,\"valueName\":\"search_term_string\"}}],\"inLanguage\":\"fr-FR\"},{\"@type\":\"Organization\",\"@id\":\"https:\\\/\\\/www.gurit.com\\\/fr\\\/#organization\",\"name\":\"Gurit\",\"url\":\"https:\\\/\\\/www.gurit.com\\\/fr\\\/\",\"logo\":{\"@type\":\"ImageObject\",\"inLanguage\":\"fr-FR\",\"@id\":\"https:\\\/\\\/www.gurit.com\\\/fr\\\/#\\\/schema\\\/logo\\\/image\\\/\",\"url\":\"https:\\\/\\\/www.gurit.com\\\/wp-content\\\/uploads\\\/2021\\\/12\\\/gurit-logo.png\",\"contentUrl\":\"https:\\\/\\\/www.gurit.com\\\/wp-content\\\/uploads\\\/2021\\\/12\\\/gurit-logo.png\",\"width\":262,\"height\":100,\"caption\":\"Gurit\"},\"image\":{\"@id\":\"https:\\\/\\\/www.gurit.com\\\/fr\\\/#\\\/schema\\\/logo\\\/image\\\/\"},\"sameAs\":[\"https:\\\/\\\/www.facebook.com\\\/GuritGroup\",\"https:\\\/\\\/x.com\\\/guritgroup\",\"https:\\\/\\\/www.linkedin.com\\\/company\\\/gurit\\\/\"]},{\"@type\":\"Person\",\"@id\":\"https:\\\/\\\/www.gurit.com\\\/fr\\\/#\\\/schema\\\/person\\\/b119121c55c6dcf772cd743cf20ea81b\",\"name\":\"simplicate\",\"image\":{\"@type\":\"ImageObject\",\"inLanguage\":\"fr-FR\",\"@id\":\"https:\\\/\\\/secure.gravatar.com\\\/avatar\\\/9a8f9ff1310a9be563f7bb74ad701c675616de3f72f797dc49f714eb54922b80?s=96&d=mm&r=g\",\"url\":\"https:\\\/\\\/secure.gravatar.com\\\/avatar\\\/9a8f9ff1310a9be563f7bb74ad701c675616de3f72f797dc49f714eb54922b80?s=96&d=mm&r=g\",\"contentUrl\":\"https:\\\/\\\/secure.gravatar.com\\\/avatar\\\/9a8f9ff1310a9be563f7bb74ad701c675616de3f72f797dc49f714eb54922b80?s=96&d=mm&r=g\",\"caption\":\"simplicate\"},\"sameAs\":[\"http:\\\/\\\/gurit.simplicate.de\"],\"url\":\"https:\\\/\\\/www.gurit.com\\\/fr\\\/author\\\/simplicate_gur\\\/\"}]}<\/script>\n<!-- \/ Yoast SEO plugin. -->","yoast_head_json":{"title":"Annonce ad hoc - Gurit pr\u00e9sentera ses r\u00e9sultats semestriels le 23 ao\u00fbt 2013 - Gurit.","robots":{"index":"index","follow":"follow","max-snippet":"max-snippet:-1","max-image-preview":"max-image-preview:large","max-video-preview":"max-video-preview:-1"},"canonical":"https:\/\/www.gurit.com\/fr\/annonce-ad-hoc-gurit-presentera-ses-resultats-semestriels-le-23-aout-2013\/","og_locale":"fr_FR","og_type":"article","og_title":"Annonce ad hoc - Gurit pr\u00e9sentera ses r\u00e9sultats semestriels le 23 ao\u00fbt 2013 - Gurit.","og_description":"Gurit pr\u00e9sentera ses r\u00e9sultats semestriels le 23 ao\u00fbt 2013 &nbsp; 07:00 a.m. CEST : Distribution du communiqu\u00e9 de presse ; publication en ligne du rapport semestriel et des diapositives de [&hellip;]","og_url":"https:\/\/www.gurit.com\/fr\/annonce-ad-hoc-gurit-presentera-ses-resultats-semestriels-le-23-aout-2013\/","og_site_name":"Gurit","article_publisher":"https:\/\/www.facebook.com\/GuritGroup","article_published_time":"2013-08-13T13:30:00+00:00","author":"simplicate","twitter_card":"summary_large_image","twitter_creator":"@guritgroup","twitter_site":"@guritgroup","twitter_misc":{"\u00c9crit par":"simplicate","Dur\u00e9e de lecture estim\u00e9e":"2 minutes"},"schema":{"@context":"https:\/\/schema.org","@graph":[{"@type":"Article","@id":"https:\/\/www.gurit.com\/fr\/annonce-ad-hoc-gurit-presentera-ses-resultats-semestriels-le-23-aout-2013\/#article","isPartOf":{"@id":"https:\/\/www.gurit.com\/fr\/annonce-ad-hoc-gurit-presentera-ses-resultats-semestriels-le-23-aout-2013\/"},"author":{"name":"simplicate","@id":"https:\/\/www.gurit.com\/fr\/#\/schema\/person\/b119121c55c6dcf772cd743cf20ea81b"},"headline":"Annonce ad hoc &#8211; Gurit pr\u00e9sentera ses r\u00e9sultats semestriels le 23 ao\u00fbt 2013","datePublished":"2013-08-13T13:30:00+00:00","mainEntityOfPage":{"@id":"https:\/\/www.gurit.com\/fr\/annonce-ad-hoc-gurit-presentera-ses-resultats-semestriels-le-23-aout-2013\/"},"wordCount":455,"publisher":{"@id":"https:\/\/www.gurit.com\/fr\/#organization"},"articleSection":["EQSadhoc"],"inLanguage":"fr-FR"},{"@type":"WebPage","@id":"https:\/\/www.gurit.com\/fr\/annonce-ad-hoc-gurit-presentera-ses-resultats-semestriels-le-23-aout-2013\/","url":"https:\/\/www.gurit.com\/fr\/annonce-ad-hoc-gurit-presentera-ses-resultats-semestriels-le-23-aout-2013\/","name":"Annonce ad hoc - Gurit pr\u00e9sentera ses r\u00e9sultats semestriels le 23 ao\u00fbt 2013 - Gurit.","isPartOf":{"@id":"https:\/\/www.gurit.com\/fr\/#website"},"datePublished":"2013-08-13T13:30:00+00:00","breadcrumb":{"@id":"https:\/\/www.gurit.com\/fr\/annonce-ad-hoc-gurit-presentera-ses-resultats-semestriels-le-23-aout-2013\/#breadcrumb"},"inLanguage":"fr-FR","potentialAction":[{"@type":"ReadAction","target":["https:\/\/www.gurit.com\/fr\/annonce-ad-hoc-gurit-presentera-ses-resultats-semestriels-le-23-aout-2013\/"]}]},{"@type":"BreadcrumbList","@id":"https:\/\/www.gurit.com\/fr\/annonce-ad-hoc-gurit-presentera-ses-resultats-semestriels-le-23-aout-2013\/#breadcrumb","itemListElement":[{"@type":"ListItem","position":1,"name":"Startseite","item":"https:\/\/www.gurit.com\/fr\/marches\/"},{"@type":"ListItem","position":2,"name":"Annonce ad hoc &#8211; Gurit pr\u00e9sentera ses r\u00e9sultats semestriels le 23 ao\u00fbt 2013"}]},{"@type":"WebSite","@id":"https:\/\/www.gurit.com\/fr\/#website","url":"https:\/\/www.gurit.com\/fr\/","name":"Gurit","description":"Composites avanc\u00e9s pour l'\u00e9nergie \u00e9olienne, la marine, la construction et d'autres industries","publisher":{"@id":"https:\/\/www.gurit.com\/fr\/#organization"},"potentialAction":[{"@type":"SearchAction","target":{"@type":"EntryPoint","urlTemplate":"https:\/\/www.gurit.com\/fr\/?s={search_term_string}"},"query-input":{"@type":"PropertyValueSpecification","valueRequired":true,"valueName":"search_term_string"}}],"inLanguage":"fr-FR"},{"@type":"Organization","@id":"https:\/\/www.gurit.com\/fr\/#organization","name":"Gurit","url":"https:\/\/www.gurit.com\/fr\/","logo":{"@type":"ImageObject","inLanguage":"fr-FR","@id":"https:\/\/www.gurit.com\/fr\/#\/schema\/logo\/image\/","url":"https:\/\/www.gurit.com\/wp-content\/uploads\/2021\/12\/gurit-logo.png","contentUrl":"https:\/\/www.gurit.com\/wp-content\/uploads\/2021\/12\/gurit-logo.png","width":262,"height":100,"caption":"Gurit"},"image":{"@id":"https:\/\/www.gurit.com\/fr\/#\/schema\/logo\/image\/"},"sameAs":["https:\/\/www.facebook.com\/GuritGroup","https:\/\/x.com\/guritgroup","https:\/\/www.linkedin.com\/company\/gurit\/"]},{"@type":"Person","@id":"https:\/\/www.gurit.com\/fr\/#\/schema\/person\/b119121c55c6dcf772cd743cf20ea81b","name":"simplicate","image":{"@type":"ImageObject","inLanguage":"fr-FR","@id":"https:\/\/secure.gravatar.com\/avatar\/9a8f9ff1310a9be563f7bb74ad701c675616de3f72f797dc49f714eb54922b80?s=96&d=mm&r=g","url":"https:\/\/secure.gravatar.com\/avatar\/9a8f9ff1310a9be563f7bb74ad701c675616de3f72f797dc49f714eb54922b80?s=96&d=mm&r=g","contentUrl":"https:\/\/secure.gravatar.com\/avatar\/9a8f9ff1310a9be563f7bb74ad701c675616de3f72f797dc49f714eb54922b80?s=96&d=mm&r=g","caption":"simplicate"},"sameAs":["http:\/\/gurit.simplicate.de"],"url":"https:\/\/www.gurit.com\/fr\/author\/simplicate_gur\/"}]}},"_links":{"self":[{"href":"https:\/\/www.gurit.com\/fr\/wp-json\/wp\/v2\/posts\/22296","targetHints":{"allow":["GET"]}}],"collection":[{"href":"https:\/\/www.gurit.com\/fr\/wp-json\/wp\/v2\/posts"}],"about":[{"href":"https:\/\/www.gurit.com\/fr\/wp-json\/wp\/v2\/types\/post"}],"author":[{"embeddable":true,"href":"https:\/\/www.gurit.com\/fr\/wp-json\/wp\/v2\/users\/1"}],"replies":[{"embeddable":true,"href":"https:\/\/www.gurit.com\/fr\/wp-json\/wp\/v2\/comments?post=22296"}],"version-history":[{"count":0,"href":"https:\/\/www.gurit.com\/fr\/wp-json\/wp\/v2\/posts\/22296\/revisions"}],"wp:attachment":[{"href":"https:\/\/www.gurit.com\/fr\/wp-json\/wp\/v2\/media?parent=22296"}],"wp:term":[{"taxonomy":"category","embeddable":true,"href":"https:\/\/www.gurit.com\/fr\/wp-json\/wp\/v2\/categories?post=22296"},{"taxonomy":"post_tag","embeddable":true,"href":"https:\/\/www.gurit.com\/fr\/wp-json\/wp\/v2\/tags?post=22296"}],"curies":[{"name":"wp","href":"https:\/\/api.w.org\/{rel}","templated":true}]}}