{"id":22335,"date":"2015-08-03T05:00:00","date_gmt":"2015-08-03T03:00:00","guid":{"rendered":"https:\/\/www.gurit.com\/annonce-ad-hoc-gurit-presentera-ses-resultats-semestriels-le-24-aout-2015\/"},"modified":"2015-08-03T05:00:00","modified_gmt":"2015-08-03T03:00:00","slug":"annonce-ad-hoc-gurit-presentera-ses-resultats-semestriels-le-24-aout-2015","status":"publish","type":"post","link":"https:\/\/www.gurit.com\/fr\/annonce-ad-hoc-gurit-presentera-ses-resultats-semestriels-le-24-aout-2015\/","title":{"rendered":"Annonce ad hoc &#8211; Gurit pr\u00e9sentera ses r\u00e9sultats semestriels le 24 ao\u00fbt 2015"},"content":{"rendered":"<table class=\"tensid-wrapper\" cellpadding=\"0\" cellspacing=\"0\" border=\"0\" summary=\"\">\n<tr>\n<td valign=\"top\">\n<table class=\"tensid-whole_content\" cellpadding=\"0\" cellspacing=\"0\" border=\"0\" summary=\"\">\n<tr>\n<td valign=\"top\" class=\"tensid-heading\">  Gurit pr\u00e9sentera ses r\u00e9sultats semestriels le 24 ao\u00fbt 2015  <\/td>\n<\/tr>\n<tr>\n<td valign=\"top\" class=\"tensid-spacer\">&nbsp;<\/td>\n<\/tr>\n<tr>\n<td valign=\"top\" class=\"tensid-body\">\n<ul>\n<li><strong>07:00 a.m. CEST : Distribution du communiqu\u00e9 de presse ; publication en ligne du rapport semestriel et des diapositives de pr\u00e9sentation <\/strong><\/li>\n<li><strong>09:30 a.m. CEST : Conf\u00e9rence conjointe des m\u00e9dias et des analystes   <\/strong><\/li>\n<\/ul>\n<p align=\"justify\">\n<p style=\"margin: 0px; padding: 0px;\">Zurich, Suisse, 03 ao\u00fbt 2015 &#8211; Gurit (SIX Swiss Exchange : GUR) publiera ses r\u00e9sultats semestriels 2015 le 24 ao\u00fbt 2015.<\/p>\n<p style=\"margin: 0px; padding: 0px;\">\n<p align=\"justify\">A 07h00 CEST, Gurit publiera un communiqu\u00e9 de presse au niveau international. Parall\u00e8lement, le rapport semestriel 2015 complet et les diapositives de pr\u00e9sentation du semestre 2015 pourront \u00eatre t\u00e9l\u00e9charg\u00e9s sur le site web de Gurit <a href=\"http:\/\/www.gurit.com\/fr\/\">gurit2.3ddev.de\/<\/a> \u00e0 l&rsquo;adresse <a href=\"http:\/\/investors.gurit.com\/publicationsdownloads.aspx\">http:\/\/investors.gurit.com\/publicationsdownloads.aspx.<\/a>  <\/p>\n<p style=\"margin: 0px; padding: 0px;\">\n<p align=\"justify\">La direction discutera plus en d\u00e9tail des r\u00e9sultats lors d&rsquo;une conf\u00e9rence de presse et d&rsquo;une conf\u00e9rence d&rsquo;analystes qui se tiendront \u00e0 Zurich \u00e0 9h30. CET. La conf\u00e9rence aura lieu au Convention Point de la SIX Swiss Exchange, Selnau Strasse 30, CH-8021 Z\u00fcrich. Les pr\u00e9sentations se d\u00e9rouleront en anglais et seront \u00e9galement accessibles en webcast sur <a href=\"http:\/\/www.gurit.com\/fr\/\">gurit2.3ddev.de\/<\/a> o\u00f9 une version archiv\u00e9e pourra \u00eatre t\u00e9l\u00e9charg\u00e9e ult\u00e9rieurement. <\/p>\n<\/td>\n<\/tr>\n<tr>\n<td valign=\"top\" class=\"tensid-spacer\">&nbsp;<\/td>\n<\/tr>\n<tr>\n<td valign=\"top\" class=\"tensid-footer\">\n<p style=\"margin: 0px; padding: 0px;\"><strong><span style=\"color: black;\">\u00c0 propos de Gurit :<\/span><\/strong><\/p>\n<p style=\"margin: 0px; padding: 0px;\"><span style=\"color: black;\">Les soci\u00e9t\u00e9s de Gurit Holding AG, Wattwil\/Suisse, (SIX Swiss Exchange : GUR) sont sp\u00e9cialis\u00e9es dans le d\u00e9veloppement et la fabrication de mat\u00e9riaux composites avanc\u00e9s, de technologies connexes et de pi\u00e8ces et composants finis s\u00e9lectionn\u00e9s. La gamme compl\u00e8te de produits comprend des pr\u00e9impr\u00e9gn\u00e9s renforc\u00e9s de fibres, des produits structuraux, des gelcoats, des adh\u00e9sifs, des r\u00e9sines et des consommables. Gurit approvisionne les march\u00e9s mondiaux en croissance en mat\u00e9riaux composites, d&rsquo;une part, et en \u00e9quipements d&rsquo;outillage composites, en ing\u00e9nierie structurelle et en pi\u00e8ces finies s\u00e9lectionn\u00e9es, d&rsquo;autre part. Le groupe mondial poss\u00e8de des sites de production et des bureaux en Suisse, en Allemagne, en Hongrie, en Italie, en Espagne, au Royaume-Uni, au Canada, aux \u00c9tats-Unis, au Br\u00e9sil, en \u00c9quateur, en Australie, en Nouvelle-Z\u00e9lande, en Inde et en Chine.    Pour plus d&rsquo;informations, veuillez consulter le site gurit2.3ddev.de\/ ou vous inscrire pour recevoir des alertes par courrier \u00e9lectronique \u00e0 l&rsquo;<a href=\"http:\/\/investors.gurit.com\/news-alert-subscription.aspx\">adresse http:\/\/investors.gurit.com\/news-alert-subscription.aspx<\/a>.<\/span><\/p>\n<p style=\"margin: 0px; padding: 0px;\">\n<p style=\"margin: 0px; padding: 0px;\"><strong><span style=\"color: black;\">Communications du groupe Gurit<\/span><\/strong><\/p>\n<p style=\"margin: 0px; padding: 0px;\"><span style=\"color: black;\">Tanja Moehler<\/span><\/p>\n<p style=\"margin: 0px; padding: 0px;\"><span style=\"color: black;\">Chef du marketing et de la communication d&rsquo;entreprise<\/span><\/p>\n<p style=\"margin: 0px; padding: 0px;\"><span style=\"color: black;\">T +41 44 316 15 55<\/span><\/p>\n<p style=\"margin: 0px; padding: 0px;\"><span style=\"color: black;\">M +41 79 722 84 71<\/span><\/p>\n<p style=\"margin: 0px; padding: 0px;\"><a href=\"mailto:tanja.moehler@gurit.com\">tanja.moehler@gurit.com<\/a><\/p>\n<p style=\"margin: 0px; padding: 0px;\"><a href=\"http:\/\/www.gurit.com\/fr\/\">gurit2.3ddev.de\/<\/a><\/p>\n<p style=\"margin: 0px; padding: 0px;\">\n<p style=\"margin: 0px; padding: 0px;\"><span style=\"color: black;\">Toutes les marques commerciales utilis\u00e9es ou mentionn\u00e9es dans le pr\u00e9sent communiqu\u00e9 sont prot\u00e9g\u00e9es par la loi.<\/span><\/p>\n<\/td>\n<\/tr>\n<tr>\n<td valign=\"top\" class=\"tensid-spacer\">&nbsp;<\/td>\n<\/tr>\n<tr><\/tr>\n<\/table>\n<\/td>\n<\/tr>\n<\/table>\n","protected":false},"excerpt":{"rendered":"<p>Gurit pr\u00e9sentera ses r\u00e9sultats semestriels le 24 ao\u00fbt 2015 &nbsp; 07:00 a.m. CEST : Distribution du communiqu\u00e9 de presse ; publication en ligne du rapport semestriel et des diapositives de [&hellip;]<\/p>\n","protected":false},"author":1,"featured_media":0,"comment_status":"closed","ping_status":"closed","sticky":false,"template":"","format":"standard","meta":{"_et_pb_use_builder":"","_et_pb_old_content":"","_et_gb_content_width":"","footnotes":""},"categories":[82],"tags":[],"class_list":["post-22335","post","type-post","status-publish","format-standard","hentry","category-eqsadhoc"],"yoast_head":"<!-- This site is optimized with the Yoast SEO plugin v27.5 - https:\/\/yoast.com\/product\/yoast-seo-wordpress\/ -->\n<title>Annonce ad hoc - Gurit pr\u00e9sentera ses r\u00e9sultats semestriels le 24 ao\u00fbt 2015 - Gurit.<\/title>\n<meta name=\"robots\" content=\"index, follow, max-snippet:-1, max-image-preview:large, max-video-preview:-1\" \/>\n<link rel=\"canonical\" href=\"https:\/\/www.gurit.com\/fr\/annonce-ad-hoc-gurit-presentera-ses-resultats-semestriels-le-24-aout-2015\/\" \/>\n<meta property=\"og:locale\" content=\"fr_FR\" \/>\n<meta property=\"og:type\" content=\"article\" \/>\n<meta property=\"og:title\" content=\"Annonce ad hoc - Gurit pr\u00e9sentera ses r\u00e9sultats semestriels le 24 ao\u00fbt 2015 - Gurit.\" \/>\n<meta property=\"og:description\" content=\"Gurit pr\u00e9sentera ses r\u00e9sultats semestriels le 24 ao\u00fbt 2015 &nbsp; 07:00 a.m. CEST : Distribution du communiqu\u00e9 de presse ; publication en ligne du rapport semestriel et des diapositives de [&hellip;]\" \/>\n<meta property=\"og:url\" content=\"https:\/\/www.gurit.com\/fr\/annonce-ad-hoc-gurit-presentera-ses-resultats-semestriels-le-24-aout-2015\/\" \/>\n<meta property=\"og:site_name\" content=\"Gurit\" \/>\n<meta property=\"article:publisher\" content=\"https:\/\/www.facebook.com\/GuritGroup\" \/>\n<meta property=\"article:published_time\" content=\"2015-08-03T03:00:00+00:00\" \/>\n<meta name=\"author\" content=\"simplicate\" \/>\n<meta name=\"twitter:card\" content=\"summary_large_image\" \/>\n<meta name=\"twitter:creator\" content=\"@guritgroup\" \/>\n<meta name=\"twitter:site\" content=\"@guritgroup\" \/>\n<meta name=\"twitter:label1\" content=\"\u00c9crit par\" \/>\n\t<meta name=\"twitter:data1\" content=\"simplicate\" \/>\n\t<meta name=\"twitter:label2\" content=\"Dur\u00e9e de lecture estim\u00e9e\" \/>\n\t<meta name=\"twitter:data2\" content=\"2 minutes\" \/>\n<script type=\"application\/ld+json\" class=\"yoast-schema-graph\">{\"@context\":\"https:\\\/\\\/schema.org\",\"@graph\":[{\"@type\":\"Article\",\"@id\":\"https:\\\/\\\/www.gurit.com\\\/fr\\\/annonce-ad-hoc-gurit-presentera-ses-resultats-semestriels-le-24-aout-2015\\\/#article\",\"isPartOf\":{\"@id\":\"https:\\\/\\\/www.gurit.com\\\/fr\\\/annonce-ad-hoc-gurit-presentera-ses-resultats-semestriels-le-24-aout-2015\\\/\"},\"author\":{\"name\":\"simplicate\",\"@id\":\"https:\\\/\\\/www.gurit.com\\\/fr\\\/#\\\/schema\\\/person\\\/b119121c55c6dcf772cd743cf20ea81b\"},\"headline\":\"Annonce ad hoc &#8211; Gurit pr\u00e9sentera ses r\u00e9sultats semestriels le 24 ao\u00fbt 2015\",\"datePublished\":\"2015-08-03T03:00:00+00:00\",\"mainEntityOfPage\":{\"@id\":\"https:\\\/\\\/www.gurit.com\\\/fr\\\/annonce-ad-hoc-gurit-presentera-ses-resultats-semestriels-le-24-aout-2015\\\/\"},\"wordCount\":435,\"publisher\":{\"@id\":\"https:\\\/\\\/www.gurit.com\\\/fr\\\/#organization\"},\"articleSection\":[\"EQSadhoc\"],\"inLanguage\":\"fr-FR\"},{\"@type\":\"WebPage\",\"@id\":\"https:\\\/\\\/www.gurit.com\\\/fr\\\/annonce-ad-hoc-gurit-presentera-ses-resultats-semestriels-le-24-aout-2015\\\/\",\"url\":\"https:\\\/\\\/www.gurit.com\\\/fr\\\/annonce-ad-hoc-gurit-presentera-ses-resultats-semestriels-le-24-aout-2015\\\/\",\"name\":\"Annonce ad hoc - Gurit pr\u00e9sentera ses r\u00e9sultats semestriels le 24 ao\u00fbt 2015 - Gurit.\",\"isPartOf\":{\"@id\":\"https:\\\/\\\/www.gurit.com\\\/fr\\\/#website\"},\"datePublished\":\"2015-08-03T03:00:00+00:00\",\"breadcrumb\":{\"@id\":\"https:\\\/\\\/www.gurit.com\\\/fr\\\/annonce-ad-hoc-gurit-presentera-ses-resultats-semestriels-le-24-aout-2015\\\/#breadcrumb\"},\"inLanguage\":\"fr-FR\",\"potentialAction\":[{\"@type\":\"ReadAction\",\"target\":[\"https:\\\/\\\/www.gurit.com\\\/fr\\\/annonce-ad-hoc-gurit-presentera-ses-resultats-semestriels-le-24-aout-2015\\\/\"]}]},{\"@type\":\"BreadcrumbList\",\"@id\":\"https:\\\/\\\/www.gurit.com\\\/fr\\\/annonce-ad-hoc-gurit-presentera-ses-resultats-semestriels-le-24-aout-2015\\\/#breadcrumb\",\"itemListElement\":[{\"@type\":\"ListItem\",\"position\":1,\"name\":\"Startseite\",\"item\":\"https:\\\/\\\/www.gurit.com\\\/fr\\\/marches\\\/\"},{\"@type\":\"ListItem\",\"position\":2,\"name\":\"Annonce ad hoc &#8211; Gurit pr\u00e9sentera ses r\u00e9sultats semestriels le 24 ao\u00fbt 2015\"}]},{\"@type\":\"WebSite\",\"@id\":\"https:\\\/\\\/www.gurit.com\\\/fr\\\/#website\",\"url\":\"https:\\\/\\\/www.gurit.com\\\/fr\\\/\",\"name\":\"Gurit\",\"description\":\"Composites avanc\u00e9s pour l'\u00e9nergie \u00e9olienne, la marine, la construction et d'autres industries\",\"publisher\":{\"@id\":\"https:\\\/\\\/www.gurit.com\\\/fr\\\/#organization\"},\"potentialAction\":[{\"@type\":\"SearchAction\",\"target\":{\"@type\":\"EntryPoint\",\"urlTemplate\":\"https:\\\/\\\/www.gurit.com\\\/fr\\\/?s={search_term_string}\"},\"query-input\":{\"@type\":\"PropertyValueSpecification\",\"valueRequired\":true,\"valueName\":\"search_term_string\"}}],\"inLanguage\":\"fr-FR\"},{\"@type\":\"Organization\",\"@id\":\"https:\\\/\\\/www.gurit.com\\\/fr\\\/#organization\",\"name\":\"Gurit\",\"url\":\"https:\\\/\\\/www.gurit.com\\\/fr\\\/\",\"logo\":{\"@type\":\"ImageObject\",\"inLanguage\":\"fr-FR\",\"@id\":\"https:\\\/\\\/www.gurit.com\\\/fr\\\/#\\\/schema\\\/logo\\\/image\\\/\",\"url\":\"https:\\\/\\\/www.gurit.com\\\/wp-content\\\/uploads\\\/2021\\\/12\\\/gurit-logo.png\",\"contentUrl\":\"https:\\\/\\\/www.gurit.com\\\/wp-content\\\/uploads\\\/2021\\\/12\\\/gurit-logo.png\",\"width\":262,\"height\":100,\"caption\":\"Gurit\"},\"image\":{\"@id\":\"https:\\\/\\\/www.gurit.com\\\/fr\\\/#\\\/schema\\\/logo\\\/image\\\/\"},\"sameAs\":[\"https:\\\/\\\/www.facebook.com\\\/GuritGroup\",\"https:\\\/\\\/x.com\\\/guritgroup\",\"https:\\\/\\\/www.linkedin.com\\\/company\\\/gurit\\\/\"]},{\"@type\":\"Person\",\"@id\":\"https:\\\/\\\/www.gurit.com\\\/fr\\\/#\\\/schema\\\/person\\\/b119121c55c6dcf772cd743cf20ea81b\",\"name\":\"simplicate\",\"image\":{\"@type\":\"ImageObject\",\"inLanguage\":\"fr-FR\",\"@id\":\"https:\\\/\\\/secure.gravatar.com\\\/avatar\\\/9a8f9ff1310a9be563f7bb74ad701c675616de3f72f797dc49f714eb54922b80?s=96&d=mm&r=g\",\"url\":\"https:\\\/\\\/secure.gravatar.com\\\/avatar\\\/9a8f9ff1310a9be563f7bb74ad701c675616de3f72f797dc49f714eb54922b80?s=96&d=mm&r=g\",\"contentUrl\":\"https:\\\/\\\/secure.gravatar.com\\\/avatar\\\/9a8f9ff1310a9be563f7bb74ad701c675616de3f72f797dc49f714eb54922b80?s=96&d=mm&r=g\",\"caption\":\"simplicate\"},\"sameAs\":[\"http:\\\/\\\/gurit.simplicate.de\"],\"url\":\"https:\\\/\\\/www.gurit.com\\\/fr\\\/author\\\/simplicate_gur\\\/\"}]}<\/script>\n<!-- \/ Yoast SEO plugin. -->","yoast_head_json":{"title":"Annonce ad hoc - Gurit pr\u00e9sentera ses r\u00e9sultats semestriels le 24 ao\u00fbt 2015 - Gurit.","robots":{"index":"index","follow":"follow","max-snippet":"max-snippet:-1","max-image-preview":"max-image-preview:large","max-video-preview":"max-video-preview:-1"},"canonical":"https:\/\/www.gurit.com\/fr\/annonce-ad-hoc-gurit-presentera-ses-resultats-semestriels-le-24-aout-2015\/","og_locale":"fr_FR","og_type":"article","og_title":"Annonce ad hoc - Gurit pr\u00e9sentera ses r\u00e9sultats semestriels le 24 ao\u00fbt 2015 - Gurit.","og_description":"Gurit pr\u00e9sentera ses r\u00e9sultats semestriels le 24 ao\u00fbt 2015 &nbsp; 07:00 a.m. CEST : Distribution du communiqu\u00e9 de presse ; publication en ligne du rapport semestriel et des diapositives de [&hellip;]","og_url":"https:\/\/www.gurit.com\/fr\/annonce-ad-hoc-gurit-presentera-ses-resultats-semestriels-le-24-aout-2015\/","og_site_name":"Gurit","article_publisher":"https:\/\/www.facebook.com\/GuritGroup","article_published_time":"2015-08-03T03:00:00+00:00","author":"simplicate","twitter_card":"summary_large_image","twitter_creator":"@guritgroup","twitter_site":"@guritgroup","twitter_misc":{"\u00c9crit par":"simplicate","Dur\u00e9e de lecture estim\u00e9e":"2 minutes"},"schema":{"@context":"https:\/\/schema.org","@graph":[{"@type":"Article","@id":"https:\/\/www.gurit.com\/fr\/annonce-ad-hoc-gurit-presentera-ses-resultats-semestriels-le-24-aout-2015\/#article","isPartOf":{"@id":"https:\/\/www.gurit.com\/fr\/annonce-ad-hoc-gurit-presentera-ses-resultats-semestriels-le-24-aout-2015\/"},"author":{"name":"simplicate","@id":"https:\/\/www.gurit.com\/fr\/#\/schema\/person\/b119121c55c6dcf772cd743cf20ea81b"},"headline":"Annonce ad hoc &#8211; Gurit pr\u00e9sentera ses r\u00e9sultats semestriels le 24 ao\u00fbt 2015","datePublished":"2015-08-03T03:00:00+00:00","mainEntityOfPage":{"@id":"https:\/\/www.gurit.com\/fr\/annonce-ad-hoc-gurit-presentera-ses-resultats-semestriels-le-24-aout-2015\/"},"wordCount":435,"publisher":{"@id":"https:\/\/www.gurit.com\/fr\/#organization"},"articleSection":["EQSadhoc"],"inLanguage":"fr-FR"},{"@type":"WebPage","@id":"https:\/\/www.gurit.com\/fr\/annonce-ad-hoc-gurit-presentera-ses-resultats-semestriels-le-24-aout-2015\/","url":"https:\/\/www.gurit.com\/fr\/annonce-ad-hoc-gurit-presentera-ses-resultats-semestriels-le-24-aout-2015\/","name":"Annonce ad hoc - Gurit pr\u00e9sentera ses r\u00e9sultats semestriels le 24 ao\u00fbt 2015 - Gurit.","isPartOf":{"@id":"https:\/\/www.gurit.com\/fr\/#website"},"datePublished":"2015-08-03T03:00:00+00:00","breadcrumb":{"@id":"https:\/\/www.gurit.com\/fr\/annonce-ad-hoc-gurit-presentera-ses-resultats-semestriels-le-24-aout-2015\/#breadcrumb"},"inLanguage":"fr-FR","potentialAction":[{"@type":"ReadAction","target":["https:\/\/www.gurit.com\/fr\/annonce-ad-hoc-gurit-presentera-ses-resultats-semestriels-le-24-aout-2015\/"]}]},{"@type":"BreadcrumbList","@id":"https:\/\/www.gurit.com\/fr\/annonce-ad-hoc-gurit-presentera-ses-resultats-semestriels-le-24-aout-2015\/#breadcrumb","itemListElement":[{"@type":"ListItem","position":1,"name":"Startseite","item":"https:\/\/www.gurit.com\/fr\/marches\/"},{"@type":"ListItem","position":2,"name":"Annonce ad hoc &#8211; Gurit pr\u00e9sentera ses r\u00e9sultats semestriels le 24 ao\u00fbt 2015"}]},{"@type":"WebSite","@id":"https:\/\/www.gurit.com\/fr\/#website","url":"https:\/\/www.gurit.com\/fr\/","name":"Gurit","description":"Composites avanc\u00e9s pour l'\u00e9nergie \u00e9olienne, la marine, la construction et d'autres industries","publisher":{"@id":"https:\/\/www.gurit.com\/fr\/#organization"},"potentialAction":[{"@type":"SearchAction","target":{"@type":"EntryPoint","urlTemplate":"https:\/\/www.gurit.com\/fr\/?s={search_term_string}"},"query-input":{"@type":"PropertyValueSpecification","valueRequired":true,"valueName":"search_term_string"}}],"inLanguage":"fr-FR"},{"@type":"Organization","@id":"https:\/\/www.gurit.com\/fr\/#organization","name":"Gurit","url":"https:\/\/www.gurit.com\/fr\/","logo":{"@type":"ImageObject","inLanguage":"fr-FR","@id":"https:\/\/www.gurit.com\/fr\/#\/schema\/logo\/image\/","url":"https:\/\/www.gurit.com\/wp-content\/uploads\/2021\/12\/gurit-logo.png","contentUrl":"https:\/\/www.gurit.com\/wp-content\/uploads\/2021\/12\/gurit-logo.png","width":262,"height":100,"caption":"Gurit"},"image":{"@id":"https:\/\/www.gurit.com\/fr\/#\/schema\/logo\/image\/"},"sameAs":["https:\/\/www.facebook.com\/GuritGroup","https:\/\/x.com\/guritgroup","https:\/\/www.linkedin.com\/company\/gurit\/"]},{"@type":"Person","@id":"https:\/\/www.gurit.com\/fr\/#\/schema\/person\/b119121c55c6dcf772cd743cf20ea81b","name":"simplicate","image":{"@type":"ImageObject","inLanguage":"fr-FR","@id":"https:\/\/secure.gravatar.com\/avatar\/9a8f9ff1310a9be563f7bb74ad701c675616de3f72f797dc49f714eb54922b80?s=96&d=mm&r=g","url":"https:\/\/secure.gravatar.com\/avatar\/9a8f9ff1310a9be563f7bb74ad701c675616de3f72f797dc49f714eb54922b80?s=96&d=mm&r=g","contentUrl":"https:\/\/secure.gravatar.com\/avatar\/9a8f9ff1310a9be563f7bb74ad701c675616de3f72f797dc49f714eb54922b80?s=96&d=mm&r=g","caption":"simplicate"},"sameAs":["http:\/\/gurit.simplicate.de"],"url":"https:\/\/www.gurit.com\/fr\/author\/simplicate_gur\/"}]}},"_links":{"self":[{"href":"https:\/\/www.gurit.com\/fr\/wp-json\/wp\/v2\/posts\/22335","targetHints":{"allow":["GET"]}}],"collection":[{"href":"https:\/\/www.gurit.com\/fr\/wp-json\/wp\/v2\/posts"}],"about":[{"href":"https:\/\/www.gurit.com\/fr\/wp-json\/wp\/v2\/types\/post"}],"author":[{"embeddable":true,"href":"https:\/\/www.gurit.com\/fr\/wp-json\/wp\/v2\/users\/1"}],"replies":[{"embeddable":true,"href":"https:\/\/www.gurit.com\/fr\/wp-json\/wp\/v2\/comments?post=22335"}],"version-history":[{"count":0,"href":"https:\/\/www.gurit.com\/fr\/wp-json\/wp\/v2\/posts\/22335\/revisions"}],"wp:attachment":[{"href":"https:\/\/www.gurit.com\/fr\/wp-json\/wp\/v2\/media?parent=22335"}],"wp:term":[{"taxonomy":"category","embeddable":true,"href":"https:\/\/www.gurit.com\/fr\/wp-json\/wp\/v2\/categories?post=22335"},{"taxonomy":"post_tag","embeddable":true,"href":"https:\/\/www.gurit.com\/fr\/wp-json\/wp\/v2\/tags?post=22335"}],"curies":[{"name":"wp","href":"https:\/\/api.w.org\/{rel}","templated":true}]}}