{"id":22393,"date":"2019-02-26T17:13:00","date_gmt":"2019-02-26T16:13:00","guid":{"rendered":"https:\/\/www.gurit.com\/gurit-propose-des-candidats-pour-son-conseil-dadministration\/"},"modified":"2019-02-26T17:13:00","modified_gmt":"2019-02-26T16:13:00","slug":"gurit-propose-des-candidats-pour-son-conseil-dadministration","status":"publish","type":"post","link":"https:\/\/www.gurit.com\/fr\/gurit-propose-des-candidats-pour-son-conseil-dadministration\/","title":{"rendered":"Gurit propose des candidats pour son conseil d&rsquo;administration"},"content":{"rendered":"<table class=\"tensid-wrapper\" cellpadding=\"0\" cellspacing=\"0\" border=\"0\" summary=\"\">\n<tr>\n<td valign=\"top\">\n<table class=\"tensid-whole_content\" cellpadding=\"0\" cellspacing=\"0\" border=\"0\" summary=\"\">\n<tr>\n<td valign=\"top\" class=\"tensid-heading\">\n<p style=\"margin: 0px; padding: 0px;\"><strong>Gurit propose des candidats pour son conseil d&rsquo;administration<\/strong><\/p>\n<\/td>\n<\/tr>\n<tr>\n<td valign=\"top\" class=\"tensid-spacer\">&nbsp;<\/td>\n<\/tr>\n<tr>\n<td valign=\"top\" class=\"tensid-lead\">\n<p align=\"justify\"><strong>Zurich, Suisse,<\/strong> <strong><span style=\"color: windowtext;\"><sup>26<\/sup> f\u00e9vrier 2019<\/span><\/strong> <strong>&#8211; Gurit (SIX Swiss Exchange : GUR) a annonc\u00e9 aujourd&rsquo;hui qu&rsquo;elle propose deux candidats \u00e0 l&rsquo;\u00e9lection en tant que nouveaux membres de son conseil d&rsquo;administration.<\/strong><\/p>\n<\/td>\n<\/tr>\n<tr>\n<td valign=\"top\" class=\"tensid-spacer\">&nbsp;<\/td>\n<\/tr>\n<tr>\n<td valign=\"top\" class=\"tensid-body\">\n<p align=\"justify\">Le conseil d&rsquo;administration de Gurit propose les candidats suivants pour l&rsquo;\u00e9lection de nouveaux membres \u00e0 la prochaine assembl\u00e9e g\u00e9n\u00e9rale annuelle ordinaire des actionnaires qui aura lieu le<sup>9<\/sup> avril 2019.<\/p>\n<p style=\"margin: 0px; padding: 0px;\">\n<p align=\"justify\"><strong>Dr. Bettina GERHARZ-KALTE<\/strong><\/p>\n<p align=\"justify\">N\u00e9 en 1964 ; citoyen allemand ; vice-pr\u00e9sident de la nouvelle activit\u00e9 de croissance Isolation thermique chez Evonik Industries (depuis 2014). Fonctions ant\u00e9rieures : Directeur mondial de la strat\u00e9gie et du d\u00e9veloppement des nouvelles activit\u00e9s chez Akzo Nobel Chemicals ; responsable du segment mondial chez National Starch and Chemical Company. Bettina Gerharz-Kalte est titulaire d&rsquo;un doctorat en chimie de l&rsquo;Institut Max-Planck pour la recherche sur les polym\u00e8res et d&rsquo;un dipl\u00f4me en chimie de l&rsquo;Universit\u00e9 de Mayence, en Allemagne.  <\/p>\n<p style=\"margin: 0px; padding: 0px;\">\n<p align=\"justify\"><strong>Philippe ROYER<\/strong><br \/>N\u00e9 en 1961 ; citoyen fran\u00e7ais ; CEO de Metalor (2014-2018). Fonctions ant\u00e9rieures : Pr\u00e9sident-directeur g\u00e9n\u00e9ral de Manoir Industries ; pr\u00e9sident de Business Unit chez Alcoa. Philippe Royer est titulaire d&rsquo;un dipl\u00f4me en administration des affaires de l&rsquo;Institut de commerce et de gestion (ICG) de Paris et d&rsquo;un dipl\u00f4me d&rsquo;ing\u00e9nieur de l&rsquo;\u00c9cole centrale de Lyon, France.  <\/p>\n<p style=\"margin: 0px; padding: 0px;\">\n<p align=\"justify\">Bettina Gerharz-Kalte est propos\u00e9e pour succ\u00e9der \u00e0 un membre du conseil d&rsquo;administration qui ne se repr\u00e9sentera pas. En outre, le conseil d&rsquo;administration propose de porter le nombre de ses membres de cinq actuellement \u00e0 six au total. Philippe Royer repr\u00e9sente l&rsquo;actionnaire Whale Holding AG \/ Whale Ventures AG.  <\/p>\n<p style=\"margin: 0px; padding: 0px;\">\n<p align=\"justify\">\u00ab\u00a0Le parcours professionnel et acad\u00e9mique des candidats propos\u00e9s compl\u00e8te tr\u00e8s bien le conseil d&rsquo;administration actuel. Les deux candidats poss\u00e8dent un savoir-faire et une exp\u00e9rience industrielle pr\u00e9cieux, qui profiteront \u00e0 Gurit et la renforceront\u00a0\u00bb, a d\u00e9clar\u00e9 Peter Leupp, pr\u00e9sident du conseil d&rsquo;administration.<\/p>\n<p style=\"margin: 0px; padding: 0px;\">\n<p style=\"margin: 0px; padding: 0px;\">\n<p align=\"justify\"><strong>\u00c0 propos de Gurit :<\/strong><\/p>\n<p align=\"justify\">Les filiales de Gurit Holding AG, Wattwil\/Suisse, (SIX Swiss Exchange : GUR) sont sp\u00e9cialis\u00e9es dans le d\u00e9veloppement et la fabrication de mat\u00e9riaux composites avanc\u00e9s, de technologies connexes et de pi\u00e8ces et composants finis s\u00e9lectionn\u00e9s. La gamme compl\u00e8te de produits comprend des pr\u00e9impr\u00e9gn\u00e9s renforc\u00e9s de fibres, des produits structuraux, des gelcoats, des adh\u00e9sifs, des r\u00e9sines et des consommables. Gurit approvisionne les march\u00e9s mondiaux en croissance en mat\u00e9riaux composites, d&rsquo;une part, et en \u00e9quipements d&rsquo;outillage composites, en kits de mat\u00e9riaux de base pour pales d&rsquo;\u00e9oliennes, en ing\u00e9nierie structurelle et en pi\u00e8ces finies s\u00e9lectionn\u00e9es, d&rsquo;autre part. Gurit exploite des sites de production et des bureaux au Canada, en Chine, au Danemark, en \u00c9quateur, en Allemagne, en Hongrie, en Indon\u00e9sie, en Inde, en Italie, en Nouvelle-Z\u00e9lande, en Pologne, en Espagne, en Suisse, en Turquie, au Royaume-Uni et aux \u00c9tats-Unis. Pour plus d&rsquo;informations, veuillez consulter le site gurit2.3ddev.de\/    <\/p>\n<p style=\"margin: 0px; padding: 0px;\">\n<p style=\"margin: 0px; padding: 0px;\"><strong>Communications du groupe Gurit<\/strong><\/p>\n<p style=\"margin: 0px; padding: 0px;\">Thomas Nauer<\/p>\n<p style=\"margin: 0px; padding: 0px;\">Tel : +41 44 316 15 55<\/p>\n<p style=\"margin: 0px; padding: 0px;\">\n<\/td>\n<\/tr>\n<tr>\n<td valign=\"top\" class=\"tensid-spacer\">&nbsp;<\/td>\n<\/tr>\n<tr>\n<td valign=\"top\" class=\"tensid-footer\">\n<p style=\"margin: 0px; padding: 0px;\"><span style=\"color: black;\">Toutes les marques commerciales utilis\u00e9es ou mentionn\u00e9es dans le pr\u00e9sent communiqu\u00e9 sont prot\u00e9g\u00e9es par la loi.<\/span><\/p>\n<p style=\"margin: 0px; padding: 0px;\">\n<p style=\"margin: 0px; padding: 0px;\"><strong><span style=\"color: black;\">D\u00e9clarations prospectives :<\/span><\/strong><\/p>\n<p style=\"margin: 0px; padding: 0px;\"><span style=\"color: black;\">Dans la mesure o\u00f9 cette annonce contient des d\u00e9clarations prospectives, celles-ci sont bas\u00e9es sur des hypoth\u00e8ses, des planifications et des pr\u00e9visions au moment de la publication de cette annonce. Les d\u00e9clarations prospectives comportent toujours des incertitudes. Les risques et d\u00e9veloppements commerciaux et \u00e9conomiques, la conduite des concurrents, les d\u00e9cisions politiques et d&rsquo;autres facteurs peuvent faire en sorte que les r\u00e9sultats r\u00e9els soient mat\u00e9riellement diff\u00e9rents des hypoth\u00e8ses, des planifications et des pr\u00e9visions au moment de la publication de cette annonce. Par cons\u00e9quent, Gurit Holding AG n&rsquo;assume aucune responsabilit\u00e9 en ce qui concerne les d\u00e9clarations prospectives contenues dans le pr\u00e9sent communiqu\u00e9.<\/span><\/p>\n<\/td>\n<\/tr>\n<tr>\n<td valign=\"top\" class=\"tensid-spacer\">&nbsp;<\/td>\n<\/tr>\n<tr><\/tr>\n<\/table>\n<\/td>\n<\/tr>\n<\/table>\n","protected":false},"excerpt":{"rendered":"<p>Gurit propose des candidats pour son conseil d&rsquo;administration &nbsp; Zurich, Suisse, 26 f\u00e9vrier 2019 &#8211; Gurit (SIX Swiss Exchange : GUR) a annonc\u00e9 aujourd&rsquo;hui qu&rsquo;elle propose deux candidats \u00e0 l&rsquo;\u00e9lection [&hellip;]<\/p>\n","protected":false},"author":1,"featured_media":0,"comment_status":"closed","ping_status":"closed","sticky":false,"template":"","format":"standard","meta":{"_et_pb_use_builder":"","_et_pb_old_content":"","_et_gb_content_width":"","footnotes":""},"categories":[83],"tags":[],"class_list":["post-22393","post","type-post","status-publish","format-standard","hentry","category-eqsmedia"],"yoast_head":"<!-- This site is optimized with the Yoast SEO plugin v27.5 - https:\/\/yoast.com\/product\/yoast-seo-wordpress\/ -->\n<title>Gurit propose des candidats pour son conseil d&#039;administration - Gurit.<\/title>\n<meta name=\"robots\" content=\"index, follow, max-snippet:-1, max-image-preview:large, max-video-preview:-1\" \/>\n<link rel=\"canonical\" href=\"https:\/\/www.gurit.com\/fr\/gurit-propose-des-candidats-pour-son-conseil-dadministration\/\" \/>\n<meta property=\"og:locale\" content=\"fr_FR\" \/>\n<meta property=\"og:type\" content=\"article\" \/>\n<meta property=\"og:title\" content=\"Gurit propose des candidats pour son conseil d&#039;administration - Gurit.\" \/>\n<meta property=\"og:description\" content=\"Gurit propose des candidats pour son conseil d&rsquo;administration &nbsp; Zurich, Suisse, 26 f\u00e9vrier 2019 &#8211; Gurit (SIX Swiss Exchange : GUR) a annonc\u00e9 aujourd&rsquo;hui qu&rsquo;elle propose deux candidats \u00e0 l&rsquo;\u00e9lection [&hellip;]\" \/>\n<meta property=\"og:url\" content=\"https:\/\/www.gurit.com\/fr\/gurit-propose-des-candidats-pour-son-conseil-dadministration\/\" \/>\n<meta property=\"og:site_name\" content=\"Gurit\" \/>\n<meta property=\"article:publisher\" content=\"https:\/\/www.facebook.com\/GuritGroup\" \/>\n<meta property=\"article:published_time\" content=\"2019-02-26T16:13:00+00:00\" \/>\n<meta name=\"author\" content=\"simplicate\" \/>\n<meta name=\"twitter:card\" content=\"summary_large_image\" \/>\n<meta name=\"twitter:creator\" content=\"@guritgroup\" \/>\n<meta name=\"twitter:site\" content=\"@guritgroup\" \/>\n<meta name=\"twitter:label1\" content=\"\u00c9crit par\" \/>\n\t<meta name=\"twitter:data1\" content=\"simplicate\" \/>\n\t<meta name=\"twitter:label2\" content=\"Dur\u00e9e de lecture estim\u00e9e\" \/>\n\t<meta name=\"twitter:data2\" content=\"3 minutes\" \/>\n<script type=\"application\/ld+json\" class=\"yoast-schema-graph\">{\"@context\":\"https:\\\/\\\/schema.org\",\"@graph\":[{\"@type\":\"Article\",\"@id\":\"https:\\\/\\\/www.gurit.com\\\/fr\\\/gurit-propose-des-candidats-pour-son-conseil-dadministration\\\/#article\",\"isPartOf\":{\"@id\":\"https:\\\/\\\/www.gurit.com\\\/fr\\\/gurit-propose-des-candidats-pour-son-conseil-dadministration\\\/\"},\"author\":{\"name\":\"simplicate\",\"@id\":\"https:\\\/\\\/www.gurit.com\\\/fr\\\/#\\\/schema\\\/person\\\/b119121c55c6dcf772cd743cf20ea81b\"},\"headline\":\"Gurit propose des candidats pour son conseil d&rsquo;administration\",\"datePublished\":\"2019-02-26T16:13:00+00:00\",\"mainEntityOfPage\":{\"@id\":\"https:\\\/\\\/www.gurit.com\\\/fr\\\/gurit-propose-des-candidats-pour-son-conseil-dadministration\\\/\"},\"wordCount\":666,\"publisher\":{\"@id\":\"https:\\\/\\\/www.gurit.com\\\/fr\\\/#organization\"},\"articleSection\":[\"EQSmedia\"],\"inLanguage\":\"fr-FR\"},{\"@type\":\"WebPage\",\"@id\":\"https:\\\/\\\/www.gurit.com\\\/fr\\\/gurit-propose-des-candidats-pour-son-conseil-dadministration\\\/\",\"url\":\"https:\\\/\\\/www.gurit.com\\\/fr\\\/gurit-propose-des-candidats-pour-son-conseil-dadministration\\\/\",\"name\":\"Gurit propose des candidats pour son conseil d'administration - Gurit.\",\"isPartOf\":{\"@id\":\"https:\\\/\\\/www.gurit.com\\\/fr\\\/#website\"},\"datePublished\":\"2019-02-26T16:13:00+00:00\",\"breadcrumb\":{\"@id\":\"https:\\\/\\\/www.gurit.com\\\/fr\\\/gurit-propose-des-candidats-pour-son-conseil-dadministration\\\/#breadcrumb\"},\"inLanguage\":\"fr-FR\",\"potentialAction\":[{\"@type\":\"ReadAction\",\"target\":[\"https:\\\/\\\/www.gurit.com\\\/fr\\\/gurit-propose-des-candidats-pour-son-conseil-dadministration\\\/\"]}]},{\"@type\":\"BreadcrumbList\",\"@id\":\"https:\\\/\\\/www.gurit.com\\\/fr\\\/gurit-propose-des-candidats-pour-son-conseil-dadministration\\\/#breadcrumb\",\"itemListElement\":[{\"@type\":\"ListItem\",\"position\":1,\"name\":\"Startseite\",\"item\":\"https:\\\/\\\/www.gurit.com\\\/fr\\\/marches\\\/\"},{\"@type\":\"ListItem\",\"position\":2,\"name\":\"Gurit propose des candidats pour son conseil d&#8217;administration\"}]},{\"@type\":\"WebSite\",\"@id\":\"https:\\\/\\\/www.gurit.com\\\/fr\\\/#website\",\"url\":\"https:\\\/\\\/www.gurit.com\\\/fr\\\/\",\"name\":\"Gurit\",\"description\":\"Composites avanc\u00e9s pour l'\u00e9nergie \u00e9olienne, la marine, la construction et d'autres industries\",\"publisher\":{\"@id\":\"https:\\\/\\\/www.gurit.com\\\/fr\\\/#organization\"},\"potentialAction\":[{\"@type\":\"SearchAction\",\"target\":{\"@type\":\"EntryPoint\",\"urlTemplate\":\"https:\\\/\\\/www.gurit.com\\\/fr\\\/?s={search_term_string}\"},\"query-input\":{\"@type\":\"PropertyValueSpecification\",\"valueRequired\":true,\"valueName\":\"search_term_string\"}}],\"inLanguage\":\"fr-FR\"},{\"@type\":\"Organization\",\"@id\":\"https:\\\/\\\/www.gurit.com\\\/fr\\\/#organization\",\"name\":\"Gurit\",\"url\":\"https:\\\/\\\/www.gurit.com\\\/fr\\\/\",\"logo\":{\"@type\":\"ImageObject\",\"inLanguage\":\"fr-FR\",\"@id\":\"https:\\\/\\\/www.gurit.com\\\/fr\\\/#\\\/schema\\\/logo\\\/image\\\/\",\"url\":\"https:\\\/\\\/www.gurit.com\\\/wp-content\\\/uploads\\\/2021\\\/12\\\/gurit-logo.png\",\"contentUrl\":\"https:\\\/\\\/www.gurit.com\\\/wp-content\\\/uploads\\\/2021\\\/12\\\/gurit-logo.png\",\"width\":262,\"height\":100,\"caption\":\"Gurit\"},\"image\":{\"@id\":\"https:\\\/\\\/www.gurit.com\\\/fr\\\/#\\\/schema\\\/logo\\\/image\\\/\"},\"sameAs\":[\"https:\\\/\\\/www.facebook.com\\\/GuritGroup\",\"https:\\\/\\\/x.com\\\/guritgroup\",\"https:\\\/\\\/www.linkedin.com\\\/company\\\/gurit\\\/\"]},{\"@type\":\"Person\",\"@id\":\"https:\\\/\\\/www.gurit.com\\\/fr\\\/#\\\/schema\\\/person\\\/b119121c55c6dcf772cd743cf20ea81b\",\"name\":\"simplicate\",\"image\":{\"@type\":\"ImageObject\",\"inLanguage\":\"fr-FR\",\"@id\":\"https:\\\/\\\/secure.gravatar.com\\\/avatar\\\/9a8f9ff1310a9be563f7bb74ad701c675616de3f72f797dc49f714eb54922b80?s=96&d=mm&r=g\",\"url\":\"https:\\\/\\\/secure.gravatar.com\\\/avatar\\\/9a8f9ff1310a9be563f7bb74ad701c675616de3f72f797dc49f714eb54922b80?s=96&d=mm&r=g\",\"contentUrl\":\"https:\\\/\\\/secure.gravatar.com\\\/avatar\\\/9a8f9ff1310a9be563f7bb74ad701c675616de3f72f797dc49f714eb54922b80?s=96&d=mm&r=g\",\"caption\":\"simplicate\"},\"sameAs\":[\"http:\\\/\\\/gurit.simplicate.de\"],\"url\":\"https:\\\/\\\/www.gurit.com\\\/fr\\\/author\\\/simplicate_gur\\\/\"}]}<\/script>\n<!-- \/ Yoast SEO plugin. -->","yoast_head_json":{"title":"Gurit propose des candidats pour son conseil d'administration - Gurit.","robots":{"index":"index","follow":"follow","max-snippet":"max-snippet:-1","max-image-preview":"max-image-preview:large","max-video-preview":"max-video-preview:-1"},"canonical":"https:\/\/www.gurit.com\/fr\/gurit-propose-des-candidats-pour-son-conseil-dadministration\/","og_locale":"fr_FR","og_type":"article","og_title":"Gurit propose des candidats pour son conseil d'administration - Gurit.","og_description":"Gurit propose des candidats pour son conseil d&rsquo;administration &nbsp; Zurich, Suisse, 26 f\u00e9vrier 2019 &#8211; Gurit (SIX Swiss Exchange : GUR) a annonc\u00e9 aujourd&rsquo;hui qu&rsquo;elle propose deux candidats \u00e0 l&rsquo;\u00e9lection [&hellip;]","og_url":"https:\/\/www.gurit.com\/fr\/gurit-propose-des-candidats-pour-son-conseil-dadministration\/","og_site_name":"Gurit","article_publisher":"https:\/\/www.facebook.com\/GuritGroup","article_published_time":"2019-02-26T16:13:00+00:00","author":"simplicate","twitter_card":"summary_large_image","twitter_creator":"@guritgroup","twitter_site":"@guritgroup","twitter_misc":{"\u00c9crit par":"simplicate","Dur\u00e9e de lecture estim\u00e9e":"3 minutes"},"schema":{"@context":"https:\/\/schema.org","@graph":[{"@type":"Article","@id":"https:\/\/www.gurit.com\/fr\/gurit-propose-des-candidats-pour-son-conseil-dadministration\/#article","isPartOf":{"@id":"https:\/\/www.gurit.com\/fr\/gurit-propose-des-candidats-pour-son-conseil-dadministration\/"},"author":{"name":"simplicate","@id":"https:\/\/www.gurit.com\/fr\/#\/schema\/person\/b119121c55c6dcf772cd743cf20ea81b"},"headline":"Gurit propose des candidats pour son conseil d&rsquo;administration","datePublished":"2019-02-26T16:13:00+00:00","mainEntityOfPage":{"@id":"https:\/\/www.gurit.com\/fr\/gurit-propose-des-candidats-pour-son-conseil-dadministration\/"},"wordCount":666,"publisher":{"@id":"https:\/\/www.gurit.com\/fr\/#organization"},"articleSection":["EQSmedia"],"inLanguage":"fr-FR"},{"@type":"WebPage","@id":"https:\/\/www.gurit.com\/fr\/gurit-propose-des-candidats-pour-son-conseil-dadministration\/","url":"https:\/\/www.gurit.com\/fr\/gurit-propose-des-candidats-pour-son-conseil-dadministration\/","name":"Gurit propose des candidats pour son conseil d'administration - Gurit.","isPartOf":{"@id":"https:\/\/www.gurit.com\/fr\/#website"},"datePublished":"2019-02-26T16:13:00+00:00","breadcrumb":{"@id":"https:\/\/www.gurit.com\/fr\/gurit-propose-des-candidats-pour-son-conseil-dadministration\/#breadcrumb"},"inLanguage":"fr-FR","potentialAction":[{"@type":"ReadAction","target":["https:\/\/www.gurit.com\/fr\/gurit-propose-des-candidats-pour-son-conseil-dadministration\/"]}]},{"@type":"BreadcrumbList","@id":"https:\/\/www.gurit.com\/fr\/gurit-propose-des-candidats-pour-son-conseil-dadministration\/#breadcrumb","itemListElement":[{"@type":"ListItem","position":1,"name":"Startseite","item":"https:\/\/www.gurit.com\/fr\/marches\/"},{"@type":"ListItem","position":2,"name":"Gurit propose des candidats pour son conseil d&#8217;administration"}]},{"@type":"WebSite","@id":"https:\/\/www.gurit.com\/fr\/#website","url":"https:\/\/www.gurit.com\/fr\/","name":"Gurit","description":"Composites avanc\u00e9s pour l'\u00e9nergie \u00e9olienne, la marine, la construction et d'autres industries","publisher":{"@id":"https:\/\/www.gurit.com\/fr\/#organization"},"potentialAction":[{"@type":"SearchAction","target":{"@type":"EntryPoint","urlTemplate":"https:\/\/www.gurit.com\/fr\/?s={search_term_string}"},"query-input":{"@type":"PropertyValueSpecification","valueRequired":true,"valueName":"search_term_string"}}],"inLanguage":"fr-FR"},{"@type":"Organization","@id":"https:\/\/www.gurit.com\/fr\/#organization","name":"Gurit","url":"https:\/\/www.gurit.com\/fr\/","logo":{"@type":"ImageObject","inLanguage":"fr-FR","@id":"https:\/\/www.gurit.com\/fr\/#\/schema\/logo\/image\/","url":"https:\/\/www.gurit.com\/wp-content\/uploads\/2021\/12\/gurit-logo.png","contentUrl":"https:\/\/www.gurit.com\/wp-content\/uploads\/2021\/12\/gurit-logo.png","width":262,"height":100,"caption":"Gurit"},"image":{"@id":"https:\/\/www.gurit.com\/fr\/#\/schema\/logo\/image\/"},"sameAs":["https:\/\/www.facebook.com\/GuritGroup","https:\/\/x.com\/guritgroup","https:\/\/www.linkedin.com\/company\/gurit\/"]},{"@type":"Person","@id":"https:\/\/www.gurit.com\/fr\/#\/schema\/person\/b119121c55c6dcf772cd743cf20ea81b","name":"simplicate","image":{"@type":"ImageObject","inLanguage":"fr-FR","@id":"https:\/\/secure.gravatar.com\/avatar\/9a8f9ff1310a9be563f7bb74ad701c675616de3f72f797dc49f714eb54922b80?s=96&d=mm&r=g","url":"https:\/\/secure.gravatar.com\/avatar\/9a8f9ff1310a9be563f7bb74ad701c675616de3f72f797dc49f714eb54922b80?s=96&d=mm&r=g","contentUrl":"https:\/\/secure.gravatar.com\/avatar\/9a8f9ff1310a9be563f7bb74ad701c675616de3f72f797dc49f714eb54922b80?s=96&d=mm&r=g","caption":"simplicate"},"sameAs":["http:\/\/gurit.simplicate.de"],"url":"https:\/\/www.gurit.com\/fr\/author\/simplicate_gur\/"}]}},"_links":{"self":[{"href":"https:\/\/www.gurit.com\/fr\/wp-json\/wp\/v2\/posts\/22393","targetHints":{"allow":["GET"]}}],"collection":[{"href":"https:\/\/www.gurit.com\/fr\/wp-json\/wp\/v2\/posts"}],"about":[{"href":"https:\/\/www.gurit.com\/fr\/wp-json\/wp\/v2\/types\/post"}],"author":[{"embeddable":true,"href":"https:\/\/www.gurit.com\/fr\/wp-json\/wp\/v2\/users\/1"}],"replies":[{"embeddable":true,"href":"https:\/\/www.gurit.com\/fr\/wp-json\/wp\/v2\/comments?post=22393"}],"version-history":[{"count":0,"href":"https:\/\/www.gurit.com\/fr\/wp-json\/wp\/v2\/posts\/22393\/revisions"}],"wp:attachment":[{"href":"https:\/\/www.gurit.com\/fr\/wp-json\/wp\/v2\/media?parent=22393"}],"wp:term":[{"taxonomy":"category","embeddable":true,"href":"https:\/\/www.gurit.com\/fr\/wp-json\/wp\/v2\/categories?post=22393"},{"taxonomy":"post_tag","embeddable":true,"href":"https:\/\/www.gurit.com\/fr\/wp-json\/wp\/v2\/tags?post=22393"}],"curies":[{"name":"wp","href":"https:\/\/api.w.org\/{rel}","templated":true}]}}