{"id":22406,"date":"2019-06-20T05:00:00","date_gmt":"2019-06-20T03:00:00","guid":{"rendered":"https:\/\/www.gurit.com\/gurit-nomme-un-nouveau-directeur-financier\/"},"modified":"2019-06-20T05:00:00","modified_gmt":"2019-06-20T03:00:00","slug":"gurit-nomme-un-nouveau-directeur-financier","status":"publish","type":"post","link":"https:\/\/www.gurit.com\/fr\/gurit-nomme-un-nouveau-directeur-financier\/","title":{"rendered":"Gurit nomme un nouveau directeur financier"},"content":{"rendered":"<table class=\"tensid-wrapper\" cellpadding=\"0\" cellspacing=\"0\" border=\"0\" summary=\"\">\n<tr>\n<td valign=\"top\">\n<table class=\"tensid-whole_content\" cellpadding=\"0\" cellspacing=\"0\" border=\"0\" summary=\"\">\n<tr>\n<td valign=\"top\" class=\"tensid-heading\">\n<p align=\"justify\"><strong>Gurit nomme un nouveau directeur financier<\/strong><\/p>\n<p style=\"margin: 0px; padding: 0px;\">\n<p style=\"margin: 0px; padding: 0px;\">\n<p style=\"margin: 0px; padding: 0px;\">\n<\/td>\n<\/tr>\n<tr>\n<td valign=\"top\" class=\"tensid-spacer\">&nbsp;<\/td>\n<\/tr>\n<tr>\n<td valign=\"top\" class=\"tensid-lead\">\n<p align=\"justify\"><strong><span style=\"color: black;\">Z<\/span><\/strong><strong><span style=\"color: black;\">urich, le 20 juin 2019 &#8211; Gurit (SIX Swiss Exchange : GUR) a annonc\u00e9 aujourd&rsquo;hui la nomination de Philippe Wirth en tant que directeur financier et membre du comit\u00e9 ex\u00e9cutif.<\/span><\/strong><\/p>\n<p style=\"margin: 0px; padding: 0px;\">\n<\/td>\n<\/tr>\n<tr>\n<td valign=\"top\" class=\"tensid-spacer\">&nbsp;<\/td>\n<\/tr>\n<tr>\n<td valign=\"top\" class=\"tensid-body\">\n<p align=\"justify\">Philippe Wirth poss\u00e8de une solide exp\u00e9rience dans les domaines de la finance, des processus d&rsquo;entreprise et de l&rsquo;informatique. Il rendra compte \u00e0 Rudolf Hadorn, directeur g\u00e9n\u00e9ral de Gurit. <\/p>\n<p style=\"margin: 0px; padding: 0px;\">\n<p align=\"justify\">Avant de rejoindre Gurit, Philippe Wirth \u00e9tait directeur financier du groupe Crealogix, une soci\u00e9t\u00e9 suisse cot\u00e9e en bourse. Auparavant, il a occup\u00e9 plusieurs postes \u00e0 responsabilit\u00e9 dans le domaine financier chez Mettler-Toledo et a dirig\u00e9 un programme de transformation de l&rsquo;entreprise au niveau mondial. Philippe Wirth est de nationalit\u00e9 suisse et titulaire d&rsquo;un dipl\u00f4me en \u00e9conomie, finance, comptabilit\u00e9 et audit de l&rsquo;universit\u00e9 de Zurich. Il prendra ses fonctions chez Gurit en janvier 2020.   <\/p>\n<p style=\"margin: 0px; padding: 0px;\">\n<p align=\"justify\"><em>\u00ab\u00a0Je suis heureux d&rsquo;accueillir Philippe Wirth au sein de Gurit en tant que nouveau directeur financier.<\/em> Il <em>poss\u00e8de de vastes comp\u00e9tences en mati\u00e8re de finances et de direction et viendra renforcer notre \u00e9quipe de direction\u00a0\u00bb<\/em>, a d\u00e9clar\u00e9 Rudolf Hadorn, PDG de Gurit.  <\/p>\n<p style=\"margin: 0px; padding: 0px;\">\n<p align=\"justify\">Patrick Sparer, contr\u00f4leur du groupe, assumera la fonction de directeur financier ad interim jusqu&rsquo;\u00e0 ce que Philippe Wirth prenne ses nouvelles fonctions de directeur financier de Gurit.<\/p>\n<p style=\"margin: 0px; padding: 0px;\">\n<p style=\"margin: 0px; padding: 0px;\">\n<p style=\"margin: 0px; padding: 0px;\">\n<p style=\"margin: 0px; padding: 0px;\">\n<p style=\"margin: 0px; padding: 0px;\">\n<\/td>\n<\/tr>\n<tr>\n<td valign=\"top\" class=\"tensid-spacer\">&nbsp;<\/td>\n<\/tr>\n<tr>\n<td valign=\"top\" class=\"tensid-footer\">\n<p align=\"justify\"><strong>\u00c0 propos de Gurit :<\/strong><\/p>\n<p align=\"justify\">Les filiales de Gurit Holding AG, Wattwil\/Suisse, (SIX Swiss Exchange : GUR) sont sp\u00e9cialis\u00e9es dans le d\u00e9veloppement et la fabrication de mat\u00e9riaux composites avanc\u00e9s, de technologies connexes et de pi\u00e8ces et composants finis s\u00e9lectionn\u00e9s. La gamme compl\u00e8te de produits comprend des pr\u00e9impr\u00e9gn\u00e9s renforc\u00e9s de fibres, des produits structuraux, des gelcoats, des adh\u00e9sifs, des r\u00e9sines et des consommables. Gurit approvisionne les march\u00e9s mondiaux en croissance en mat\u00e9riaux composites, en \u00e9quipement d&rsquo;outillage composite, en kits de pales d&rsquo;\u00e9oliennes, en ing\u00e9nierie structurelle et en pi\u00e8ces finies s\u00e9lectionn\u00e9es. Gurit exploite des sites de production et des bureaux au Canada, en Chine, au Danemark, en \u00c9quateur, en Allemagne, en Hongrie, en Indon\u00e9sie, en Inde, en Italie, en Nouvelle-Z\u00e9lande, en Pologne, en Espagne, en Suisse, en Turquie, au Royaume-Uni et aux \u00c9tats-Unis. Pour plus d&rsquo;informations, veuillez consulter le site <a href=\"http:\/\/www.gurit.com\/fr\/\">gurit2.3ddev.de\/<\/a>       <\/p>\n<p style=\"margin: 0px; padding: 0px;\">\n<p style=\"margin: 0px; padding: 0px;\">\n<p align=\"justify\"><strong>Communications du groupe Gurit<\/strong><\/p>\n<p style=\"margin: 0px; padding: 0px;\">Thomas Nauer<br \/>T\u00e9l\u00e9phone : +41 44 316 15 55<br \/>E-mail. thomas.nauer (at) gurit.com <\/p>\n<p style=\"margin: 0px; padding: 0px;\">\n<p style=\"margin: 0px; padding: 0px;\">\n<p style=\"margin: 0px; padding: 0px;\">Toutes les marques commerciales utilis\u00e9es ou mentionn\u00e9es dans le pr\u00e9sent communiqu\u00e9 sont prot\u00e9g\u00e9es par la loi.<\/p>\n<p style=\"margin: 0px; padding: 0px;\">\n<p style=\"margin: 0px; padding: 0px;\"><strong>D\u00e9clarations prospectives :<\/strong><\/p>\n<p align=\"justify\">Dans la mesure o\u00f9 cette annonce contient des d\u00e9clarations prospectives, celles-ci sont bas\u00e9es sur des hypoth\u00e8ses, des planifications et des pr\u00e9visions au moment de la publication de cette annonce. Les d\u00e9clarations prospectives comportent toujours des incertitudes. Les risques et d\u00e9veloppements commerciaux et \u00e9conomiques, la conduite des concurrents, les d\u00e9cisions politiques et d&rsquo;autres facteurs peuvent faire en sorte que les r\u00e9sultats r\u00e9els soient mat\u00e9riellement diff\u00e9rents des hypoth\u00e8ses, des planifications et des pr\u00e9visions au moment de la publication de cette annonce. Par cons\u00e9quent, Gurit Holding AG n&rsquo;assume aucune responsabilit\u00e9 en ce qui concerne les d\u00e9clarations prospectives contenues dans le pr\u00e9sent communiqu\u00e9.<\/p>\n<p style=\"margin: 0px; padding: 0px;\">\n<\/td>\n<\/tr>\n<tr>\n<td valign=\"top\" class=\"tensid-spacer\">&nbsp;<\/td>\n<\/tr>\n<tr><\/tr>\n<\/table>\n<\/td>\n<\/tr>\n<\/table>\n","protected":false},"excerpt":{"rendered":"<p>Gurit nomme un nouveau directeur financier &nbsp; Zurich, le 20 juin 2019 &#8211; Gurit (SIX Swiss Exchange : GUR) a annonc\u00e9 aujourd&rsquo;hui la nomination de Philippe Wirth en tant que [&hellip;]<\/p>\n","protected":false},"author":1,"featured_media":0,"comment_status":"closed","ping_status":"closed","sticky":false,"template":"","format":"standard","meta":{"_et_pb_use_builder":"","_et_pb_old_content":"","_et_gb_content_width":"","footnotes":""},"categories":[83],"tags":[],"class_list":["post-22406","post","type-post","status-publish","format-standard","hentry","category-eqsmedia"],"yoast_head":"<!-- This site is optimized with the Yoast SEO plugin v27.5 - https:\/\/yoast.com\/product\/yoast-seo-wordpress\/ -->\n<title>Gurit nomme un nouveau directeur financier - Gurit.<\/title>\n<meta name=\"robots\" content=\"index, follow, max-snippet:-1, max-image-preview:large, max-video-preview:-1\" \/>\n<link rel=\"canonical\" href=\"https:\/\/www.gurit.com\/fr\/gurit-nomme-un-nouveau-directeur-financier\/\" \/>\n<meta property=\"og:locale\" content=\"fr_FR\" \/>\n<meta property=\"og:type\" content=\"article\" \/>\n<meta property=\"og:title\" content=\"Gurit nomme un nouveau directeur financier - Gurit.\" \/>\n<meta property=\"og:description\" content=\"Gurit nomme un nouveau directeur financier &nbsp; Zurich, le 20 juin 2019 &#8211; Gurit (SIX Swiss Exchange : GUR) a annonc\u00e9 aujourd&rsquo;hui la nomination de Philippe Wirth en tant que [&hellip;]\" \/>\n<meta property=\"og:url\" content=\"https:\/\/www.gurit.com\/fr\/gurit-nomme-un-nouveau-directeur-financier\/\" \/>\n<meta property=\"og:site_name\" content=\"Gurit\" \/>\n<meta property=\"article:publisher\" content=\"https:\/\/www.facebook.com\/GuritGroup\" \/>\n<meta property=\"article:published_time\" content=\"2019-06-20T03:00:00+00:00\" \/>\n<meta name=\"author\" content=\"simplicate\" \/>\n<meta name=\"twitter:card\" content=\"summary_large_image\" \/>\n<meta name=\"twitter:creator\" content=\"@guritgroup\" \/>\n<meta name=\"twitter:site\" content=\"@guritgroup\" \/>\n<meta name=\"twitter:label1\" content=\"\u00c9crit par\" \/>\n\t<meta name=\"twitter:data1\" content=\"simplicate\" \/>\n\t<meta name=\"twitter:label2\" content=\"Dur\u00e9e de lecture estim\u00e9e\" \/>\n\t<meta name=\"twitter:data2\" content=\"3 minutes\" \/>\n<script type=\"application\/ld+json\" class=\"yoast-schema-graph\">{\"@context\":\"https:\\\/\\\/schema.org\",\"@graph\":[{\"@type\":\"Article\",\"@id\":\"https:\\\/\\\/www.gurit.com\\\/fr\\\/gurit-nomme-un-nouveau-directeur-financier\\\/#article\",\"isPartOf\":{\"@id\":\"https:\\\/\\\/www.gurit.com\\\/fr\\\/gurit-nomme-un-nouveau-directeur-financier\\\/\"},\"author\":{\"name\":\"simplicate\",\"@id\":\"https:\\\/\\\/www.gurit.com\\\/fr\\\/#\\\/schema\\\/person\\\/b119121c55c6dcf772cd743cf20ea81b\"},\"headline\":\"Gurit nomme un nouveau directeur financier\",\"datePublished\":\"2019-06-20T03:00:00+00:00\",\"mainEntityOfPage\":{\"@id\":\"https:\\\/\\\/www.gurit.com\\\/fr\\\/gurit-nomme-un-nouveau-directeur-financier\\\/\"},\"wordCount\":551,\"publisher\":{\"@id\":\"https:\\\/\\\/www.gurit.com\\\/fr\\\/#organization\"},\"articleSection\":[\"EQSmedia\"],\"inLanguage\":\"fr-FR\"},{\"@type\":\"WebPage\",\"@id\":\"https:\\\/\\\/www.gurit.com\\\/fr\\\/gurit-nomme-un-nouveau-directeur-financier\\\/\",\"url\":\"https:\\\/\\\/www.gurit.com\\\/fr\\\/gurit-nomme-un-nouveau-directeur-financier\\\/\",\"name\":\"Gurit nomme un nouveau directeur financier - Gurit.\",\"isPartOf\":{\"@id\":\"https:\\\/\\\/www.gurit.com\\\/fr\\\/#website\"},\"datePublished\":\"2019-06-20T03:00:00+00:00\",\"breadcrumb\":{\"@id\":\"https:\\\/\\\/www.gurit.com\\\/fr\\\/gurit-nomme-un-nouveau-directeur-financier\\\/#breadcrumb\"},\"inLanguage\":\"fr-FR\",\"potentialAction\":[{\"@type\":\"ReadAction\",\"target\":[\"https:\\\/\\\/www.gurit.com\\\/fr\\\/gurit-nomme-un-nouveau-directeur-financier\\\/\"]}]},{\"@type\":\"BreadcrumbList\",\"@id\":\"https:\\\/\\\/www.gurit.com\\\/fr\\\/gurit-nomme-un-nouveau-directeur-financier\\\/#breadcrumb\",\"itemListElement\":[{\"@type\":\"ListItem\",\"position\":1,\"name\":\"Startseite\",\"item\":\"https:\\\/\\\/www.gurit.com\\\/fr\\\/marches\\\/\"},{\"@type\":\"ListItem\",\"position\":2,\"name\":\"Gurit nomme un nouveau directeur financier\"}]},{\"@type\":\"WebSite\",\"@id\":\"https:\\\/\\\/www.gurit.com\\\/fr\\\/#website\",\"url\":\"https:\\\/\\\/www.gurit.com\\\/fr\\\/\",\"name\":\"Gurit\",\"description\":\"Composites avanc\u00e9s pour l'\u00e9nergie \u00e9olienne, la marine, la construction et d'autres industries\",\"publisher\":{\"@id\":\"https:\\\/\\\/www.gurit.com\\\/fr\\\/#organization\"},\"potentialAction\":[{\"@type\":\"SearchAction\",\"target\":{\"@type\":\"EntryPoint\",\"urlTemplate\":\"https:\\\/\\\/www.gurit.com\\\/fr\\\/?s={search_term_string}\"},\"query-input\":{\"@type\":\"PropertyValueSpecification\",\"valueRequired\":true,\"valueName\":\"search_term_string\"}}],\"inLanguage\":\"fr-FR\"},{\"@type\":\"Organization\",\"@id\":\"https:\\\/\\\/www.gurit.com\\\/fr\\\/#organization\",\"name\":\"Gurit\",\"url\":\"https:\\\/\\\/www.gurit.com\\\/fr\\\/\",\"logo\":{\"@type\":\"ImageObject\",\"inLanguage\":\"fr-FR\",\"@id\":\"https:\\\/\\\/www.gurit.com\\\/fr\\\/#\\\/schema\\\/logo\\\/image\\\/\",\"url\":\"https:\\\/\\\/www.gurit.com\\\/wp-content\\\/uploads\\\/2021\\\/12\\\/gurit-logo.png\",\"contentUrl\":\"https:\\\/\\\/www.gurit.com\\\/wp-content\\\/uploads\\\/2021\\\/12\\\/gurit-logo.png\",\"width\":262,\"height\":100,\"caption\":\"Gurit\"},\"image\":{\"@id\":\"https:\\\/\\\/www.gurit.com\\\/fr\\\/#\\\/schema\\\/logo\\\/image\\\/\"},\"sameAs\":[\"https:\\\/\\\/www.facebook.com\\\/GuritGroup\",\"https:\\\/\\\/x.com\\\/guritgroup\",\"https:\\\/\\\/www.linkedin.com\\\/company\\\/gurit\\\/\"]},{\"@type\":\"Person\",\"@id\":\"https:\\\/\\\/www.gurit.com\\\/fr\\\/#\\\/schema\\\/person\\\/b119121c55c6dcf772cd743cf20ea81b\",\"name\":\"simplicate\",\"image\":{\"@type\":\"ImageObject\",\"inLanguage\":\"fr-FR\",\"@id\":\"https:\\\/\\\/secure.gravatar.com\\\/avatar\\\/9a8f9ff1310a9be563f7bb74ad701c675616de3f72f797dc49f714eb54922b80?s=96&d=mm&r=g\",\"url\":\"https:\\\/\\\/secure.gravatar.com\\\/avatar\\\/9a8f9ff1310a9be563f7bb74ad701c675616de3f72f797dc49f714eb54922b80?s=96&d=mm&r=g\",\"contentUrl\":\"https:\\\/\\\/secure.gravatar.com\\\/avatar\\\/9a8f9ff1310a9be563f7bb74ad701c675616de3f72f797dc49f714eb54922b80?s=96&d=mm&r=g\",\"caption\":\"simplicate\"},\"sameAs\":[\"http:\\\/\\\/gurit.simplicate.de\"],\"url\":\"https:\\\/\\\/www.gurit.com\\\/fr\\\/author\\\/simplicate_gur\\\/\"}]}<\/script>\n<!-- \/ Yoast SEO plugin. -->","yoast_head_json":{"title":"Gurit nomme un nouveau directeur financier - Gurit.","robots":{"index":"index","follow":"follow","max-snippet":"max-snippet:-1","max-image-preview":"max-image-preview:large","max-video-preview":"max-video-preview:-1"},"canonical":"https:\/\/www.gurit.com\/fr\/gurit-nomme-un-nouveau-directeur-financier\/","og_locale":"fr_FR","og_type":"article","og_title":"Gurit nomme un nouveau directeur financier - Gurit.","og_description":"Gurit nomme un nouveau directeur financier &nbsp; Zurich, le 20 juin 2019 &#8211; Gurit (SIX Swiss Exchange : GUR) a annonc\u00e9 aujourd&rsquo;hui la nomination de Philippe Wirth en tant que [&hellip;]","og_url":"https:\/\/www.gurit.com\/fr\/gurit-nomme-un-nouveau-directeur-financier\/","og_site_name":"Gurit","article_publisher":"https:\/\/www.facebook.com\/GuritGroup","article_published_time":"2019-06-20T03:00:00+00:00","author":"simplicate","twitter_card":"summary_large_image","twitter_creator":"@guritgroup","twitter_site":"@guritgroup","twitter_misc":{"\u00c9crit par":"simplicate","Dur\u00e9e de lecture estim\u00e9e":"3 minutes"},"schema":{"@context":"https:\/\/schema.org","@graph":[{"@type":"Article","@id":"https:\/\/www.gurit.com\/fr\/gurit-nomme-un-nouveau-directeur-financier\/#article","isPartOf":{"@id":"https:\/\/www.gurit.com\/fr\/gurit-nomme-un-nouveau-directeur-financier\/"},"author":{"name":"simplicate","@id":"https:\/\/www.gurit.com\/fr\/#\/schema\/person\/b119121c55c6dcf772cd743cf20ea81b"},"headline":"Gurit nomme un nouveau directeur financier","datePublished":"2019-06-20T03:00:00+00:00","mainEntityOfPage":{"@id":"https:\/\/www.gurit.com\/fr\/gurit-nomme-un-nouveau-directeur-financier\/"},"wordCount":551,"publisher":{"@id":"https:\/\/www.gurit.com\/fr\/#organization"},"articleSection":["EQSmedia"],"inLanguage":"fr-FR"},{"@type":"WebPage","@id":"https:\/\/www.gurit.com\/fr\/gurit-nomme-un-nouveau-directeur-financier\/","url":"https:\/\/www.gurit.com\/fr\/gurit-nomme-un-nouveau-directeur-financier\/","name":"Gurit nomme un nouveau directeur financier - Gurit.","isPartOf":{"@id":"https:\/\/www.gurit.com\/fr\/#website"},"datePublished":"2019-06-20T03:00:00+00:00","breadcrumb":{"@id":"https:\/\/www.gurit.com\/fr\/gurit-nomme-un-nouveau-directeur-financier\/#breadcrumb"},"inLanguage":"fr-FR","potentialAction":[{"@type":"ReadAction","target":["https:\/\/www.gurit.com\/fr\/gurit-nomme-un-nouveau-directeur-financier\/"]}]},{"@type":"BreadcrumbList","@id":"https:\/\/www.gurit.com\/fr\/gurit-nomme-un-nouveau-directeur-financier\/#breadcrumb","itemListElement":[{"@type":"ListItem","position":1,"name":"Startseite","item":"https:\/\/www.gurit.com\/fr\/marches\/"},{"@type":"ListItem","position":2,"name":"Gurit nomme un nouveau directeur financier"}]},{"@type":"WebSite","@id":"https:\/\/www.gurit.com\/fr\/#website","url":"https:\/\/www.gurit.com\/fr\/","name":"Gurit","description":"Composites avanc\u00e9s pour l'\u00e9nergie \u00e9olienne, la marine, la construction et d'autres industries","publisher":{"@id":"https:\/\/www.gurit.com\/fr\/#organization"},"potentialAction":[{"@type":"SearchAction","target":{"@type":"EntryPoint","urlTemplate":"https:\/\/www.gurit.com\/fr\/?s={search_term_string}"},"query-input":{"@type":"PropertyValueSpecification","valueRequired":true,"valueName":"search_term_string"}}],"inLanguage":"fr-FR"},{"@type":"Organization","@id":"https:\/\/www.gurit.com\/fr\/#organization","name":"Gurit","url":"https:\/\/www.gurit.com\/fr\/","logo":{"@type":"ImageObject","inLanguage":"fr-FR","@id":"https:\/\/www.gurit.com\/fr\/#\/schema\/logo\/image\/","url":"https:\/\/www.gurit.com\/wp-content\/uploads\/2021\/12\/gurit-logo.png","contentUrl":"https:\/\/www.gurit.com\/wp-content\/uploads\/2021\/12\/gurit-logo.png","width":262,"height":100,"caption":"Gurit"},"image":{"@id":"https:\/\/www.gurit.com\/fr\/#\/schema\/logo\/image\/"},"sameAs":["https:\/\/www.facebook.com\/GuritGroup","https:\/\/x.com\/guritgroup","https:\/\/www.linkedin.com\/company\/gurit\/"]},{"@type":"Person","@id":"https:\/\/www.gurit.com\/fr\/#\/schema\/person\/b119121c55c6dcf772cd743cf20ea81b","name":"simplicate","image":{"@type":"ImageObject","inLanguage":"fr-FR","@id":"https:\/\/secure.gravatar.com\/avatar\/9a8f9ff1310a9be563f7bb74ad701c675616de3f72f797dc49f714eb54922b80?s=96&d=mm&r=g","url":"https:\/\/secure.gravatar.com\/avatar\/9a8f9ff1310a9be563f7bb74ad701c675616de3f72f797dc49f714eb54922b80?s=96&d=mm&r=g","contentUrl":"https:\/\/secure.gravatar.com\/avatar\/9a8f9ff1310a9be563f7bb74ad701c675616de3f72f797dc49f714eb54922b80?s=96&d=mm&r=g","caption":"simplicate"},"sameAs":["http:\/\/gurit.simplicate.de"],"url":"https:\/\/www.gurit.com\/fr\/author\/simplicate_gur\/"}]}},"_links":{"self":[{"href":"https:\/\/www.gurit.com\/fr\/wp-json\/wp\/v2\/posts\/22406","targetHints":{"allow":["GET"]}}],"collection":[{"href":"https:\/\/www.gurit.com\/fr\/wp-json\/wp\/v2\/posts"}],"about":[{"href":"https:\/\/www.gurit.com\/fr\/wp-json\/wp\/v2\/types\/post"}],"author":[{"embeddable":true,"href":"https:\/\/www.gurit.com\/fr\/wp-json\/wp\/v2\/users\/1"}],"replies":[{"embeddable":true,"href":"https:\/\/www.gurit.com\/fr\/wp-json\/wp\/v2\/comments?post=22406"}],"version-history":[{"count":0,"href":"https:\/\/www.gurit.com\/fr\/wp-json\/wp\/v2\/posts\/22406\/revisions"}],"wp:attachment":[{"href":"https:\/\/www.gurit.com\/fr\/wp-json\/wp\/v2\/media?parent=22406"}],"wp:term":[{"taxonomy":"category","embeddable":true,"href":"https:\/\/www.gurit.com\/fr\/wp-json\/wp\/v2\/categories?post=22406"},{"taxonomy":"post_tag","embeddable":true,"href":"https:\/\/www.gurit.com\/fr\/wp-json\/wp\/v2\/tags?post=22406"}],"curies":[{"name":"wp","href":"https:\/\/api.w.org\/{rel}","templated":true}]}}