{"id":22410,"date":"2019-07-02T18:30:00","date_gmt":"2019-07-02T16:30:00","guid":{"rendered":"https:\/\/www.gurit.com\/annonce-ad-hoc-gurit-decroche-un-contrat-de-fourniture-de-kits-de-deux-ans-avec-un-equipementier-eolien-de-premier-plan-a-lechelle-mondiale\/"},"modified":"2019-07-02T18:30:00","modified_gmt":"2019-07-02T16:30:00","slug":"annonce-ad-hoc-gurit-decroche-un-contrat-de-fourniture-de-kits-de-deux-ans-avec-un-equipementier-eolien-de-premier-plan-a-lechelle-mondiale","status":"publish","type":"post","link":"https:\/\/www.gurit.com\/fr\/annonce-ad-hoc-gurit-decroche-un-contrat-de-fourniture-de-kits-de-deux-ans-avec-un-equipementier-eolien-de-premier-plan-a-lechelle-mondiale\/","title":{"rendered":"Annonce ad hoc &#8211; Gurit d\u00e9croche un contrat de fourniture de kits de deux ans avec un \u00e9quipementier \u00e9olien de premier plan \u00e0 l&rsquo;\u00e9chelle mondiale"},"content":{"rendered":"<table class=\"tensid-wrapper\" cellpadding=\"0\" cellspacing=\"0\" border=\"0\" summary=\"\">\n<tr>\n<td valign=\"top\">\n<table class=\"tensid-whole_content\" cellpadding=\"0\" cellspacing=\"0\" border=\"0\" summary=\"\">\n<tr>\n<td valign=\"top\" class=\"tensid-heading\">\n<p style=\"margin: 0px; padding: 0px;\"><strong>Gurit obtient un contrat de deux ans pour la fourniture de kits avec un \u00e9quipementier \u00e9olien de premier plan \u00e0 l&rsquo;\u00e9chelle mondiale.<\/strong><\/p>\n<\/td>\n<\/tr>\n<tr>\n<td valign=\"top\" class=\"tensid-spacer\">&nbsp;<\/td>\n<\/tr>\n<tr>\n<td valign=\"top\" class=\"tensid-lead\">\n<p style=\"margin: 0px; padding: 0px;\"><strong>Zurich, le 2 juillet 2019 &#8211; Gurit (SIX Swiss Exchange : GUR) annonce un contrat de fourniture de deux ans qui a \u00e9t\u00e9 obtenu avec l&rsquo;un des principaux \u00e9quipementiers d&rsquo;\u00e9oliennes au monde pour son unit\u00e9 commerciale JSB Kitting. Ce contrat s&rsquo;inscrit dans la continuit\u00e9 d&rsquo;un accord de fourniture existant et dans le cadre des objectifs de vente communiqu\u00e9s par le Groupe pour 2019. Il utilisera les capacit\u00e9s du nouveau site de production de kitting de Matamoros au Mexique, qui vient d&rsquo;\u00eatre inaugur\u00e9, et permettra de poursuivre la croissance organique en 2020. Le contrat comprend des accords de volume pour l&rsquo;Europe, l&rsquo;Asie et les Am\u00e9riques et devrait g\u00e9n\u00e9rer un chiffre d&rsquo;affaires net de 175 \u00e0 200 millions de francs suisses pendant la dur\u00e9e du contrat, en fonction de la situation de la demande des \u00e9quipementiers.   <\/strong><\/p>\n<\/td>\n<\/tr>\n<tr>\n<td valign=\"top\" class=\"tensid-spacer\">&nbsp;<\/td>\n<\/tr>\n<tr>\n<td valign=\"top\" class=\"tensid-body\">\n<p style=\"margin: 0px; padding: 0px;\">\n<p style=\"margin: 0px; padding: 0px;\">\u00ab\u00a0Nous sommes satisfaits d&rsquo;avoir atteint les objectifs que nous nous \u00e9tions fix\u00e9s et d&rsquo;apporter de la valeur et des niveaux de co\u00fbts r\u00e9duits \u00e0 nos clients. Ce contrat de deux ans nous permet d&rsquo;augmenter notre capacit\u00e9 de production sur les sites existants et d&rsquo;assurer un volume pour notre nouvelle usine au Mexique\u00a0\u00bb, d\u00e9clare Frank Nielsen, PDG de JSB (Gurit Kitting).<\/p>\n<p style=\"margin: 0px; padding: 0px;\">\n<p style=\"margin: 0px; padding: 0px;\">\n<p style=\"margin: 0px; padding: 0px;\"><strong><span style=\"color: black;\">\u00c0 propos de Gurit :<\/span><\/strong><\/p>\n<p style=\"margin: 0px; padding: 0px;\"><span style=\"color: black;\">Les filiales de Gurit Holding AG, Wattwil\/Suisse, (SIX Swiss Exchange : GUR) sont sp\u00e9cialis\u00e9es dans le d\u00e9veloppement et la fabrication de mat\u00e9riaux composites avanc\u00e9s, de technologies connexes et de pi\u00e8ces et composants finis s\u00e9lectionn\u00e9s. La gamme compl\u00e8te de produits comprend des pr\u00e9impr\u00e9gn\u00e9s renforc\u00e9s de fibres, des produits structuraux, des gelcoats, des adh\u00e9sifs, des r\u00e9sines et des consommables. Gurit approvisionne les march\u00e9s mondiaux en croissance en mat\u00e9riaux composites, d&rsquo;une part, et en \u00e9quipements d&rsquo;outillage composites, en kits de mat\u00e9riaux de base pour pales d&rsquo;\u00e9oliennes, en ing\u00e9nierie structurelle et en pi\u00e8ces finies s\u00e9lectionn\u00e9es, d&rsquo;autre part. Gurit exploite des sites de production et des bureaux au Canada, en Chine, au Danemark, en \u00c9quateur, en Allemagne, en Hongrie, en Indon\u00e9sie, en Inde, en Italie, en Nouvelle-Z\u00e9lande, en Pologne, en Espagne, en Suisse, en Turquie, au Royaume-Uni et aux \u00c9tats-Unis.   <\/span><\/p>\n<p style=\"margin: 0px; padding: 0px;\"><span style=\"color: black;\">gurit2.3ddev.de\/  <\/span><\/p>\n<p style=\"margin: 0px; padding: 0px;\">\n<p style=\"margin: 0px; padding: 0px;\"><strong><span style=\"color: black;\">Communications du groupe Gurit<\/span><\/strong><\/p>\n<p style=\"margin: 0px; padding: 0px;\"><span style=\"color: black;\">Thomas Nauer<\/span><\/p>\n<p style=\"margin: 0px; padding: 0px;\"><span style=\"color: black;\">T\u00e9l\u00e9phone : +41 44 316 15 55 +41 44 316 15 55<\/span><\/p>\n<p style=\"margin: 0px; padding: 0px;\"><span style=\"color: black;\">Courriel : thomas.nauer (at) gurit.com<\/span><\/p>\n<p style=\"margin: 0px; padding: 0px;\">\n<p style=\"margin: 0px; padding: 0px;\">\n<p style=\"margin: 0px; padding: 0px;\"><span style=\"color: black;\">Toutes les marques commerciales utilis\u00e9es ou mentionn\u00e9es dans le pr\u00e9sent communiqu\u00e9 sont prot\u00e9g\u00e9es par la loi.<\/span><\/p>\n<p style=\"margin: 0px; padding: 0px;\">\n<p style=\"margin: 0px; padding: 0px;\"><strong><span style=\"color: black;\">D\u00e9clarations prospectives :<\/span><\/strong><\/p>\n<p style=\"margin: 0px; padding: 0px;\"><span style=\"color: black;\">Dans la mesure o\u00f9 cette annonce contient des d\u00e9clarations prospectives, celles-ci sont bas\u00e9es sur des hypoth\u00e8ses, des planifications et des pr\u00e9visions au moment de la publication de cette annonce. Les d\u00e9clarations prospectives comportent toujours des incertitudes. Les risques et d\u00e9veloppements commerciaux et \u00e9conomiques, la conduite des concurrents, les d\u00e9cisions politiques et d&rsquo;autres facteurs peuvent faire en sorte que les r\u00e9sultats r\u00e9els soient mat\u00e9riellement diff\u00e9rents des hypoth\u00e8ses, des planifications et des pr\u00e9visions au moment de la publication de cette annonce. Par cons\u00e9quent, Gurit Holding AG n&rsquo;assume aucune responsabilit\u00e9 en ce qui concerne les d\u00e9clarations prospectives contenues dans le pr\u00e9sent communiqu\u00e9.<\/span><\/p>\n<\/td>\n<\/tr>\n<tr>\n<td valign=\"top\" class=\"tensid-spacer\">&nbsp;<\/td>\n<\/tr>\n<tr><\/tr>\n<tr>\n<td valign=\"top\" class=\"tensid-spacer\">&nbsp;<\/td>\n<\/tr>\n<tr><\/tr>\n<\/table>\n<\/td>\n<\/tr>\n<\/table>\n","protected":false},"excerpt":{"rendered":"<p>Gurit obtient un contrat de deux ans pour la fourniture de kits avec un \u00e9quipementier \u00e9olien de premier plan \u00e0 l&rsquo;\u00e9chelle mondiale. &nbsp; Zurich, le 2 juillet 2019 &#8211; Gurit [&hellip;]<\/p>\n","protected":false},"author":1,"featured_media":0,"comment_status":"closed","ping_status":"closed","sticky":false,"template":"","format":"standard","meta":{"_et_pb_use_builder":"","_et_pb_old_content":"","_et_gb_content_width":"","footnotes":""},"categories":[82],"tags":[],"class_list":["post-22410","post","type-post","status-publish","format-standard","hentry","category-eqsadhoc"],"yoast_head":"<!-- This site is optimized with the Yoast SEO plugin v27.5 - https:\/\/yoast.com\/product\/yoast-seo-wordpress\/ -->\n<title>Annonce ad hoc - Gurit d\u00e9croche un contrat de fourniture de kits de deux ans avec un \u00e9quipementier \u00e9olien de premier plan \u00e0 l&#039;\u00e9chelle mondiale - Gurit.<\/title>\n<meta name=\"robots\" content=\"index, follow, max-snippet:-1, max-image-preview:large, max-video-preview:-1\" \/>\n<link rel=\"canonical\" href=\"https:\/\/www.gurit.com\/fr\/annonce-ad-hoc-gurit-decroche-un-contrat-de-fourniture-de-kits-de-deux-ans-avec-un-equipementier-eolien-de-premier-plan-a-lechelle-mondiale\/\" \/>\n<meta property=\"og:locale\" content=\"fr_FR\" \/>\n<meta property=\"og:type\" content=\"article\" \/>\n<meta property=\"og:title\" content=\"Annonce ad hoc - Gurit d\u00e9croche un contrat de fourniture de kits de deux ans avec un \u00e9quipementier \u00e9olien de premier plan \u00e0 l&#039;\u00e9chelle mondiale - Gurit.\" \/>\n<meta property=\"og:description\" content=\"Gurit obtient un contrat de deux ans pour la fourniture de kits avec un \u00e9quipementier \u00e9olien de premier plan \u00e0 l&rsquo;\u00e9chelle mondiale. &nbsp; Zurich, le 2 juillet 2019 &#8211; Gurit [&hellip;]\" \/>\n<meta property=\"og:url\" content=\"https:\/\/www.gurit.com\/fr\/annonce-ad-hoc-gurit-decroche-un-contrat-de-fourniture-de-kits-de-deux-ans-avec-un-equipementier-eolien-de-premier-plan-a-lechelle-mondiale\/\" \/>\n<meta property=\"og:site_name\" content=\"Gurit\" \/>\n<meta property=\"article:publisher\" content=\"https:\/\/www.facebook.com\/GuritGroup\" \/>\n<meta property=\"article:published_time\" content=\"2019-07-02T16:30:00+00:00\" \/>\n<meta name=\"author\" content=\"simplicate\" \/>\n<meta name=\"twitter:card\" content=\"summary_large_image\" \/>\n<meta name=\"twitter:creator\" content=\"@guritgroup\" \/>\n<meta name=\"twitter:site\" content=\"@guritgroup\" \/>\n<meta name=\"twitter:label1\" content=\"\u00c9crit par\" \/>\n\t<meta name=\"twitter:data1\" content=\"simplicate\" \/>\n\t<meta name=\"twitter:label2\" content=\"Dur\u00e9e de lecture estim\u00e9e\" \/>\n\t<meta name=\"twitter:data2\" content=\"3 minutes\" \/>\n<script type=\"application\/ld+json\" class=\"yoast-schema-graph\">{\"@context\":\"https:\\\/\\\/schema.org\",\"@graph\":[{\"@type\":\"Article\",\"@id\":\"https:\\\/\\\/www.gurit.com\\\/fr\\\/annonce-ad-hoc-gurit-decroche-un-contrat-de-fourniture-de-kits-de-deux-ans-avec-un-equipementier-eolien-de-premier-plan-a-lechelle-mondiale\\\/#article\",\"isPartOf\":{\"@id\":\"https:\\\/\\\/www.gurit.com\\\/fr\\\/annonce-ad-hoc-gurit-decroche-un-contrat-de-fourniture-de-kits-de-deux-ans-avec-un-equipementier-eolien-de-premier-plan-a-lechelle-mondiale\\\/\"},\"author\":{\"name\":\"simplicate\",\"@id\":\"https:\\\/\\\/www.gurit.com\\\/fr\\\/#\\\/schema\\\/person\\\/b119121c55c6dcf772cd743cf20ea81b\"},\"headline\":\"Annonce ad hoc &#8211; Gurit d\u00e9croche un contrat de fourniture de kits de deux ans avec un \u00e9quipementier \u00e9olien de premier plan \u00e0 l&rsquo;\u00e9chelle mondiale\",\"datePublished\":\"2019-07-02T16:30:00+00:00\",\"mainEntityOfPage\":{\"@id\":\"https:\\\/\\\/www.gurit.com\\\/fr\\\/annonce-ad-hoc-gurit-decroche-un-contrat-de-fourniture-de-kits-de-deux-ans-avec-un-equipementier-eolien-de-premier-plan-a-lechelle-mondiale\\\/\"},\"wordCount\":584,\"publisher\":{\"@id\":\"https:\\\/\\\/www.gurit.com\\\/fr\\\/#organization\"},\"articleSection\":[\"EQSadhoc\"],\"inLanguage\":\"fr-FR\"},{\"@type\":\"WebPage\",\"@id\":\"https:\\\/\\\/www.gurit.com\\\/fr\\\/annonce-ad-hoc-gurit-decroche-un-contrat-de-fourniture-de-kits-de-deux-ans-avec-un-equipementier-eolien-de-premier-plan-a-lechelle-mondiale\\\/\",\"url\":\"https:\\\/\\\/www.gurit.com\\\/fr\\\/annonce-ad-hoc-gurit-decroche-un-contrat-de-fourniture-de-kits-de-deux-ans-avec-un-equipementier-eolien-de-premier-plan-a-lechelle-mondiale\\\/\",\"name\":\"Annonce ad hoc - Gurit d\u00e9croche un contrat de fourniture de kits de deux ans avec un \u00e9quipementier \u00e9olien de premier plan \u00e0 l'\u00e9chelle mondiale - Gurit.\",\"isPartOf\":{\"@id\":\"https:\\\/\\\/www.gurit.com\\\/fr\\\/#website\"},\"datePublished\":\"2019-07-02T16:30:00+00:00\",\"breadcrumb\":{\"@id\":\"https:\\\/\\\/www.gurit.com\\\/fr\\\/annonce-ad-hoc-gurit-decroche-un-contrat-de-fourniture-de-kits-de-deux-ans-avec-un-equipementier-eolien-de-premier-plan-a-lechelle-mondiale\\\/#breadcrumb\"},\"inLanguage\":\"fr-FR\",\"potentialAction\":[{\"@type\":\"ReadAction\",\"target\":[\"https:\\\/\\\/www.gurit.com\\\/fr\\\/annonce-ad-hoc-gurit-decroche-un-contrat-de-fourniture-de-kits-de-deux-ans-avec-un-equipementier-eolien-de-premier-plan-a-lechelle-mondiale\\\/\"]}]},{\"@type\":\"BreadcrumbList\",\"@id\":\"https:\\\/\\\/www.gurit.com\\\/fr\\\/annonce-ad-hoc-gurit-decroche-un-contrat-de-fourniture-de-kits-de-deux-ans-avec-un-equipementier-eolien-de-premier-plan-a-lechelle-mondiale\\\/#breadcrumb\",\"itemListElement\":[{\"@type\":\"ListItem\",\"position\":1,\"name\":\"Startseite\",\"item\":\"https:\\\/\\\/www.gurit.com\\\/fr\\\/marches\\\/\"},{\"@type\":\"ListItem\",\"position\":2,\"name\":\"Annonce ad hoc &#8211; Gurit d\u00e9croche un contrat de fourniture de kits de deux ans avec un \u00e9quipementier \u00e9olien de premier plan \u00e0 l&#8217;\u00e9chelle mondiale\"}]},{\"@type\":\"WebSite\",\"@id\":\"https:\\\/\\\/www.gurit.com\\\/fr\\\/#website\",\"url\":\"https:\\\/\\\/www.gurit.com\\\/fr\\\/\",\"name\":\"Gurit\",\"description\":\"Composites avanc\u00e9s pour l'\u00e9nergie \u00e9olienne, la marine, la construction et d'autres industries\",\"publisher\":{\"@id\":\"https:\\\/\\\/www.gurit.com\\\/fr\\\/#organization\"},\"potentialAction\":[{\"@type\":\"SearchAction\",\"target\":{\"@type\":\"EntryPoint\",\"urlTemplate\":\"https:\\\/\\\/www.gurit.com\\\/fr\\\/?s={search_term_string}\"},\"query-input\":{\"@type\":\"PropertyValueSpecification\",\"valueRequired\":true,\"valueName\":\"search_term_string\"}}],\"inLanguage\":\"fr-FR\"},{\"@type\":\"Organization\",\"@id\":\"https:\\\/\\\/www.gurit.com\\\/fr\\\/#organization\",\"name\":\"Gurit\",\"url\":\"https:\\\/\\\/www.gurit.com\\\/fr\\\/\",\"logo\":{\"@type\":\"ImageObject\",\"inLanguage\":\"fr-FR\",\"@id\":\"https:\\\/\\\/www.gurit.com\\\/fr\\\/#\\\/schema\\\/logo\\\/image\\\/\",\"url\":\"https:\\\/\\\/www.gurit.com\\\/wp-content\\\/uploads\\\/2021\\\/12\\\/gurit-logo.png\",\"contentUrl\":\"https:\\\/\\\/www.gurit.com\\\/wp-content\\\/uploads\\\/2021\\\/12\\\/gurit-logo.png\",\"width\":262,\"height\":100,\"caption\":\"Gurit\"},\"image\":{\"@id\":\"https:\\\/\\\/www.gurit.com\\\/fr\\\/#\\\/schema\\\/logo\\\/image\\\/\"},\"sameAs\":[\"https:\\\/\\\/www.facebook.com\\\/GuritGroup\",\"https:\\\/\\\/x.com\\\/guritgroup\",\"https:\\\/\\\/www.linkedin.com\\\/company\\\/gurit\\\/\"]},{\"@type\":\"Person\",\"@id\":\"https:\\\/\\\/www.gurit.com\\\/fr\\\/#\\\/schema\\\/person\\\/b119121c55c6dcf772cd743cf20ea81b\",\"name\":\"simplicate\",\"image\":{\"@type\":\"ImageObject\",\"inLanguage\":\"fr-FR\",\"@id\":\"https:\\\/\\\/secure.gravatar.com\\\/avatar\\\/9a8f9ff1310a9be563f7bb74ad701c675616de3f72f797dc49f714eb54922b80?s=96&d=mm&r=g\",\"url\":\"https:\\\/\\\/secure.gravatar.com\\\/avatar\\\/9a8f9ff1310a9be563f7bb74ad701c675616de3f72f797dc49f714eb54922b80?s=96&d=mm&r=g\",\"contentUrl\":\"https:\\\/\\\/secure.gravatar.com\\\/avatar\\\/9a8f9ff1310a9be563f7bb74ad701c675616de3f72f797dc49f714eb54922b80?s=96&d=mm&r=g\",\"caption\":\"simplicate\"},\"sameAs\":[\"http:\\\/\\\/gurit.simplicate.de\"],\"url\":\"https:\\\/\\\/www.gurit.com\\\/fr\\\/author\\\/simplicate_gur\\\/\"}]}<\/script>\n<!-- \/ Yoast SEO plugin. -->","yoast_head_json":{"title":"Annonce ad hoc - Gurit d\u00e9croche un contrat de fourniture de kits de deux ans avec un \u00e9quipementier \u00e9olien de premier plan \u00e0 l'\u00e9chelle mondiale - Gurit.","robots":{"index":"index","follow":"follow","max-snippet":"max-snippet:-1","max-image-preview":"max-image-preview:large","max-video-preview":"max-video-preview:-1"},"canonical":"https:\/\/www.gurit.com\/fr\/annonce-ad-hoc-gurit-decroche-un-contrat-de-fourniture-de-kits-de-deux-ans-avec-un-equipementier-eolien-de-premier-plan-a-lechelle-mondiale\/","og_locale":"fr_FR","og_type":"article","og_title":"Annonce ad hoc - Gurit d\u00e9croche un contrat de fourniture de kits de deux ans avec un \u00e9quipementier \u00e9olien de premier plan \u00e0 l'\u00e9chelle mondiale - Gurit.","og_description":"Gurit obtient un contrat de deux ans pour la fourniture de kits avec un \u00e9quipementier \u00e9olien de premier plan \u00e0 l&rsquo;\u00e9chelle mondiale. &nbsp; Zurich, le 2 juillet 2019 &#8211; Gurit [&hellip;]","og_url":"https:\/\/www.gurit.com\/fr\/annonce-ad-hoc-gurit-decroche-un-contrat-de-fourniture-de-kits-de-deux-ans-avec-un-equipementier-eolien-de-premier-plan-a-lechelle-mondiale\/","og_site_name":"Gurit","article_publisher":"https:\/\/www.facebook.com\/GuritGroup","article_published_time":"2019-07-02T16:30:00+00:00","author":"simplicate","twitter_card":"summary_large_image","twitter_creator":"@guritgroup","twitter_site":"@guritgroup","twitter_misc":{"\u00c9crit par":"simplicate","Dur\u00e9e de lecture estim\u00e9e":"3 minutes"},"schema":{"@context":"https:\/\/schema.org","@graph":[{"@type":"Article","@id":"https:\/\/www.gurit.com\/fr\/annonce-ad-hoc-gurit-decroche-un-contrat-de-fourniture-de-kits-de-deux-ans-avec-un-equipementier-eolien-de-premier-plan-a-lechelle-mondiale\/#article","isPartOf":{"@id":"https:\/\/www.gurit.com\/fr\/annonce-ad-hoc-gurit-decroche-un-contrat-de-fourniture-de-kits-de-deux-ans-avec-un-equipementier-eolien-de-premier-plan-a-lechelle-mondiale\/"},"author":{"name":"simplicate","@id":"https:\/\/www.gurit.com\/fr\/#\/schema\/person\/b119121c55c6dcf772cd743cf20ea81b"},"headline":"Annonce ad hoc &#8211; Gurit d\u00e9croche un contrat de fourniture de kits de deux ans avec un \u00e9quipementier \u00e9olien de premier plan \u00e0 l&rsquo;\u00e9chelle mondiale","datePublished":"2019-07-02T16:30:00+00:00","mainEntityOfPage":{"@id":"https:\/\/www.gurit.com\/fr\/annonce-ad-hoc-gurit-decroche-un-contrat-de-fourniture-de-kits-de-deux-ans-avec-un-equipementier-eolien-de-premier-plan-a-lechelle-mondiale\/"},"wordCount":584,"publisher":{"@id":"https:\/\/www.gurit.com\/fr\/#organization"},"articleSection":["EQSadhoc"],"inLanguage":"fr-FR"},{"@type":"WebPage","@id":"https:\/\/www.gurit.com\/fr\/annonce-ad-hoc-gurit-decroche-un-contrat-de-fourniture-de-kits-de-deux-ans-avec-un-equipementier-eolien-de-premier-plan-a-lechelle-mondiale\/","url":"https:\/\/www.gurit.com\/fr\/annonce-ad-hoc-gurit-decroche-un-contrat-de-fourniture-de-kits-de-deux-ans-avec-un-equipementier-eolien-de-premier-plan-a-lechelle-mondiale\/","name":"Annonce ad hoc - Gurit d\u00e9croche un contrat de fourniture de kits de deux ans avec un \u00e9quipementier \u00e9olien de premier plan \u00e0 l'\u00e9chelle mondiale - Gurit.","isPartOf":{"@id":"https:\/\/www.gurit.com\/fr\/#website"},"datePublished":"2019-07-02T16:30:00+00:00","breadcrumb":{"@id":"https:\/\/www.gurit.com\/fr\/annonce-ad-hoc-gurit-decroche-un-contrat-de-fourniture-de-kits-de-deux-ans-avec-un-equipementier-eolien-de-premier-plan-a-lechelle-mondiale\/#breadcrumb"},"inLanguage":"fr-FR","potentialAction":[{"@type":"ReadAction","target":["https:\/\/www.gurit.com\/fr\/annonce-ad-hoc-gurit-decroche-un-contrat-de-fourniture-de-kits-de-deux-ans-avec-un-equipementier-eolien-de-premier-plan-a-lechelle-mondiale\/"]}]},{"@type":"BreadcrumbList","@id":"https:\/\/www.gurit.com\/fr\/annonce-ad-hoc-gurit-decroche-un-contrat-de-fourniture-de-kits-de-deux-ans-avec-un-equipementier-eolien-de-premier-plan-a-lechelle-mondiale\/#breadcrumb","itemListElement":[{"@type":"ListItem","position":1,"name":"Startseite","item":"https:\/\/www.gurit.com\/fr\/marches\/"},{"@type":"ListItem","position":2,"name":"Annonce ad hoc &#8211; Gurit d\u00e9croche un contrat de fourniture de kits de deux ans avec un \u00e9quipementier \u00e9olien de premier plan \u00e0 l&#8217;\u00e9chelle mondiale"}]},{"@type":"WebSite","@id":"https:\/\/www.gurit.com\/fr\/#website","url":"https:\/\/www.gurit.com\/fr\/","name":"Gurit","description":"Composites avanc\u00e9s pour l'\u00e9nergie \u00e9olienne, la marine, la construction et d'autres industries","publisher":{"@id":"https:\/\/www.gurit.com\/fr\/#organization"},"potentialAction":[{"@type":"SearchAction","target":{"@type":"EntryPoint","urlTemplate":"https:\/\/www.gurit.com\/fr\/?s={search_term_string}"},"query-input":{"@type":"PropertyValueSpecification","valueRequired":true,"valueName":"search_term_string"}}],"inLanguage":"fr-FR"},{"@type":"Organization","@id":"https:\/\/www.gurit.com\/fr\/#organization","name":"Gurit","url":"https:\/\/www.gurit.com\/fr\/","logo":{"@type":"ImageObject","inLanguage":"fr-FR","@id":"https:\/\/www.gurit.com\/fr\/#\/schema\/logo\/image\/","url":"https:\/\/www.gurit.com\/wp-content\/uploads\/2021\/12\/gurit-logo.png","contentUrl":"https:\/\/www.gurit.com\/wp-content\/uploads\/2021\/12\/gurit-logo.png","width":262,"height":100,"caption":"Gurit"},"image":{"@id":"https:\/\/www.gurit.com\/fr\/#\/schema\/logo\/image\/"},"sameAs":["https:\/\/www.facebook.com\/GuritGroup","https:\/\/x.com\/guritgroup","https:\/\/www.linkedin.com\/company\/gurit\/"]},{"@type":"Person","@id":"https:\/\/www.gurit.com\/fr\/#\/schema\/person\/b119121c55c6dcf772cd743cf20ea81b","name":"simplicate","image":{"@type":"ImageObject","inLanguage":"fr-FR","@id":"https:\/\/secure.gravatar.com\/avatar\/9a8f9ff1310a9be563f7bb74ad701c675616de3f72f797dc49f714eb54922b80?s=96&d=mm&r=g","url":"https:\/\/secure.gravatar.com\/avatar\/9a8f9ff1310a9be563f7bb74ad701c675616de3f72f797dc49f714eb54922b80?s=96&d=mm&r=g","contentUrl":"https:\/\/secure.gravatar.com\/avatar\/9a8f9ff1310a9be563f7bb74ad701c675616de3f72f797dc49f714eb54922b80?s=96&d=mm&r=g","caption":"simplicate"},"sameAs":["http:\/\/gurit.simplicate.de"],"url":"https:\/\/www.gurit.com\/fr\/author\/simplicate_gur\/"}]}},"_links":{"self":[{"href":"https:\/\/www.gurit.com\/fr\/wp-json\/wp\/v2\/posts\/22410","targetHints":{"allow":["GET"]}}],"collection":[{"href":"https:\/\/www.gurit.com\/fr\/wp-json\/wp\/v2\/posts"}],"about":[{"href":"https:\/\/www.gurit.com\/fr\/wp-json\/wp\/v2\/types\/post"}],"author":[{"embeddable":true,"href":"https:\/\/www.gurit.com\/fr\/wp-json\/wp\/v2\/users\/1"}],"replies":[{"embeddable":true,"href":"https:\/\/www.gurit.com\/fr\/wp-json\/wp\/v2\/comments?post=22410"}],"version-history":[{"count":0,"href":"https:\/\/www.gurit.com\/fr\/wp-json\/wp\/v2\/posts\/22410\/revisions"}],"wp:attachment":[{"href":"https:\/\/www.gurit.com\/fr\/wp-json\/wp\/v2\/media?parent=22410"}],"wp:term":[{"taxonomy":"category","embeddable":true,"href":"https:\/\/www.gurit.com\/fr\/wp-json\/wp\/v2\/categories?post=22410"},{"taxonomy":"post_tag","embeddable":true,"href":"https:\/\/www.gurit.com\/fr\/wp-json\/wp\/v2\/tags?post=22410"}],"curies":[{"name":"wp","href":"https:\/\/api.w.org\/{rel}","templated":true}]}}