{"id":22413,"date":"2019-11-06T16:35:00","date_gmt":"2019-11-06T15:35:00","guid":{"rendered":"https:\/\/www.gurit.com\/annonce-ad-hoc-calendrier-financier-2020-de-gurit\/"},"modified":"2019-11-06T16:35:00","modified_gmt":"2019-11-06T15:35:00","slug":"annonce-ad-hoc-calendrier-financier-2020-de-gurit","status":"publish","type":"post","link":"https:\/\/www.gurit.com\/fr\/annonce-ad-hoc-calendrier-financier-2020-de-gurit\/","title":{"rendered":"Annonce ad hoc &#8211; Calendrier financier 2020 de Gurit"},"content":{"rendered":"<table class=\"tensid-wrapper\" cellpadding=\"0\" cellspacing=\"0\" border=\"0\" summary=\"\">\n<tr>\n<td valign=\"top\">\n<table class=\"tensid-whole_content\" cellpadding=\"0\" cellspacing=\"0\" border=\"0\" summary=\"\">\n<tr>\n<td valign=\"top\" class=\"tensid-heading\">  Calendrier financier de Gurit 2020  <\/td>\n<\/tr>\n<tr>\n<td valign=\"top\" class=\"tensid-spacer\">&nbsp;<\/td>\n<\/tr>\n<tr>\n<td valign=\"top\" class=\"tensid-lead\">  Zurich, Suisse, 06 novembre 2019 &#8211; Gurit (SIX Swiss Exchange : GUR) a publi\u00e9 aujourd&rsquo;hui son calendrier financier pour l&rsquo;exercice 2020.  <\/td>\n<\/tr>\n<tr>\n<td valign=\"top\" class=\"tensid-spacer\">&nbsp;<\/td>\n<\/tr>\n<tr>\n<td valign=\"top\" class=\"tensid-body\">\n<p align=\"justify\">Les <strong>r\u00e9sultats pr\u00e9liminaires et non audit\u00e9s du chiffre d&rsquo;affaires net de 2019<\/strong> seront communiqu\u00e9s le 31 janvier 2020 apr\u00e8s 17h30 CET par le biais d&rsquo;un communiqu\u00e9 de presse. <\/p>\n<p style=\"margin: 0px; padding: 0px;\">\n<p align=\"justify\">Gurit pr\u00e9sentera ses <strong>r\u00e9sultats annuels 2019<\/strong> le 27 f\u00e9vrier 2020 en publiant un communiqu\u00e9 de presse \u00e0 07h00 CET et en publiant son rapport annuel 2019 en ligne sur <a href=\"http:\/\/www.gurit.com\/Investors\/Reports\">gurit2.3ddev.de\/Investors\/Reports<\/a><span style=\"color: black;\">.<\/span> <\/p>\n<p style=\"margin: 0px; padding: 0px;\">La direction discutera \u00e9galement des r\u00e9sultats plus en d\u00e9tail lors d&rsquo;une conf\u00e9rence de presse et d&rsquo;une conf\u00e9rence d&rsquo;analystes \u00e0 Zurich le 27 f\u00e9vrier 2020 \u00e0 9h00. CET. La conf\u00e9rence aura lieu \u00e0 l&rsquo;h\u00f4tel Zurich Marriott, Neum\u00fchlequai 42, CH-8006 Zurich et sera \u00e9galement accessible en webcast.<\/p>\n<p style=\"margin: 0px; padding: 0px;\">\n<p align=\"justify\">L<strong>&lsquo;assembl\u00e9e g\u00e9n\u00e9rale ordinaire des actionnaires de 2020<\/strong> aura lieu le 15 avril 2019, \u00e0 16h30 CET, \u00e0 l&rsquo;h\u00f4tel Seedamm Plaza, Seedammstrasse 3, 8808 Pf\u00e4ffikon, SZ. <\/p>\n<p style=\"margin: 0px; padding: 0px;\">\n<p align=\"justify\">Les <strong>r\u00e9sultats du chiffre d&rsquo;affaires net du premier trimestre 2020<\/strong> seront communiqu\u00e9s le 15 avril 2020, apr\u00e8s 17h30 CET, par le biais d&rsquo;un communiqu\u00e9 de presse. <\/p>\n<p style=\"margin: 0px; padding: 0px;\">\n<p align=\"justify\">Gurit pr\u00e9sentera ses <strong>r\u00e9sultats semestriels 2020<\/strong> le 17 ao\u00fbt 2020 en publiant un communiqu\u00e9 de presse \u00e0 07h00 CET et en publiant son rapport semestriel 2020 en ligne sur <a href=\"http:\/\/www.gurit.com\/Investors\/Reports\">gurit2.3ddev.de\/Investors\/Reports<\/a><span style=\"color: black;\">.<\/span> La direction discutera des r\u00e9sultats plus en d\u00e9tail lors d&rsquo;une conf\u00e9rence conjointe avec les m\u00e9dias et les analystes le 17 ao\u00fbt 2020 \u00e0 09h00.  CET. La conf\u00e9rence aura lieu \u00e0 l&rsquo;h\u00f4tel Zurich Marriott, Neum\u00fchlequai 42, CH-8006 Zurich et sera \u00e9galement accessible en webcast.<\/p>\n<p style=\"margin: 0px; padding: 0px;\">\n<p align=\"justify\"><strong>Les r\u00e9sultats du chiffre d&rsquo;affaires net du troisi\u00e8me trimestre et des neuf mois 2020<\/strong> seront communiqu\u00e9s le 15 octobre 2019 \u00e0 17h30 CET par le biais d&rsquo;un communiqu\u00e9 de presse. <\/p>\n<p style=\"margin: 0px; padding: 0px;\">\n<table border=\"1\" cellpadding=\"0\" cellspacing=\"0\" style=\"border: medium; border-collapse: collapse;\">\n<tbody>\n<tr>\n<td colspan=\"2\" style=\"border: 1.33px solid rgb(0, 0, 0); width: 15cm; background-color: transparent;\" valign=\"top\">\n<p style=\"margin: 0px; padding: 0px;\"><strong>Calendrier 2020<\/strong><\/p>\n<\/td>\n<\/tr>\n<tr>\n<td style=\"border-width: 0px 1.33px 1.33px; border-style: none solid solid; border-color: rgb(0, 0, 0); width: 4cm; background-color: transparent;\" valign=\"top\">\n<p style=\"margin: 0px; padding: 0px;\">31 janvier  <\/p>\n<\/td>\n<td style=\"border-width: 0px 1.33px 1.33px 0px; border-style: none solid solid none; border-color: rgb(0, 0, 0); width: 11cm; background-color: transparent;\" valign=\"top\">\n<p style=\"margin: 0px; padding: 0px;\">R\u00e9sultats pr\u00e9liminaires et non v\u00e9rifi\u00e9s du chiffre d&rsquo;affaires net de 2019<\/p>\n<\/td>\n<\/tr>\n<tr>\n<td style=\"border-width: 0px 1.33px 1.33px; border-style: none solid solid; border-color: rgb(0, 0, 0); width: 4cm; background-color: transparent;\" valign=\"top\">\n<p style=\"margin: 0px; padding: 0px;\">27 f\u00e9vrier<\/p>\n<\/td>\n<td style=\"border-width: 0px 1.33px 1.33px 0px; border-style: none solid solid none; border-color: rgb(0, 0, 0); width: 11cm; background-color: transparent;\" valign=\"top\">\n<p style=\"margin: 0px; padding: 0px;\">Conf\u00e9rence de presse R\u00e9sultats annuels 2019<\/p>\n<\/td>\n<\/tr>\n<tr>\n<td style=\"border-width: 0px 1.33px 1.33px; border-style: none solid solid; border-color: rgb(0, 0, 0); width: 4cm; background-color: transparent;\" valign=\"top\">\n<p style=\"margin: 0px; padding: 0px;\">15 avril<\/p>\n<\/td>\n<td style=\"border-width: 0px 1.33px 1.33px 0px; border-style: none solid solid none; border-color: rgb(0, 0, 0); width: 11cm; background-color: transparent;\" valign=\"top\">\n<p style=\"margin: 0px; padding: 0px;\">Assembl\u00e9e g\u00e9n\u00e9rale annuelle et r\u00e9sultats des ventes nettes pour <span style=\"background-color: transparent; color: rgb(0, 0, 0); text-align: left;\">le premier trimestre 2020<\/span>  <\/p>\n<\/td>\n<\/tr>\n<tr>\n<td style=\"border-width: 0px 1.33px 1.33px; border-style: none solid solid; border-color: rgb(0, 0, 0); width: 4cm; background-color: transparent;\" valign=\"top\">\n<p style=\"margin: 0px; padding: 0px;\">17 ao\u00fbt<\/p>\n<\/td>\n<td style=\"border-width: 0px 1.33px 1.33px 0px; border-style: none solid solid none; border-color: rgb(0, 0, 0); width: 11cm; background-color: transparent;\" valign=\"top\">\n<p style=\"margin: 0px; padding: 0px;\">Conf\u00e9rence de presse 2020 : r\u00e9sultats semestriels<\/p>\n<\/td>\n<\/tr>\n<tr>\n<td style=\"border-width: 0px 1.33px 1.33px; border-style: none solid solid; border-color: rgb(0, 0, 0); width: 4cm; background-color: transparent;\" valign=\"top\">\n<p style=\"margin: 0px; padding: 0px;\">15 octobre<\/p>\n<\/td>\n<td style=\"border-width: 0px 1.33px 1.33px 0px; border-style: none solid solid none; border-color: rgb(0, 0, 0); width: 11cm; background-color: transparent;\" valign=\"top\">\n<p style=\"margin: 0px; padding: 0px;\">R\u00e9sultats des ventes nettes pour le troisi\u00e8me trimestre et les neuf premiers mois de 2020<\/p>\n<\/td>\n<\/tr>\n<\/tbody>\n<\/table>\n<p align=\"justify\">\n<\/td>\n<\/tr>\n<tr>\n<td valign=\"top\" class=\"tensid-spacer\">&nbsp;<\/td>\n<\/tr>\n<tr>\n<td valign=\"top\" class=\"tensid-footer\">\n<p style=\"margin: 0px; padding: 0px;\"><strong><span style=\"color: black;\">\u00c0 propos de Gurit :<\/span><\/strong><\/p>\n<p style=\"margin: 0px; padding: 0px;\"><span style=\"color: black;\">Les filiales de Gurit Holding AG, Wattwil\/Suisse, (SIX Swiss Exchange : GUR) sont sp\u00e9cialis\u00e9es dans le d\u00e9veloppement<br \/>et la fabrication de mat\u00e9riaux composites avanc\u00e9s, de technologies connexes et de pi\u00e8ces et composants finis s\u00e9lectionn\u00e9s. La gamme compl\u00e8te de produits comprend des pr\u00e9impr\u00e9gn\u00e9s renforc\u00e9s de fibres, des produits structuraux, des gelcoats, des adh\u00e9sifs, des r\u00e9sines et des consommables. Gurit approvisionne les march\u00e9s mondiaux en croissance en mat\u00e9riaux composites, d&rsquo;une part, et en \u00e9quipements d&rsquo;outillage composites, en kits de mat\u00e9riaux de base pour pales d&rsquo;\u00e9oliennes, en ing\u00e9nierie structurelle et en pi\u00e8ces finies s\u00e9lectionn\u00e9es, d&rsquo;autre part. Gurit exploite des sites de production et des bureaux au Canada, en Chine, au Danemark, en \u00c9quateur, en Allemagne, en Hongrie, en Indon\u00e9sie, en Inde, en Italie, au Mexique, en Nouvelle-Z\u00e9lande, en Pologne, en Espagne, en Suisse, en Turquie, au Royaume-Uni et aux \u00c9tats-Unis.   <\/span><\/p>\n<p style=\"margin: 0px; padding: 0px;\"><span style=\"color: black;\">gurit2.3ddev.de\/  <\/span><\/p>\n<p style=\"margin: 0px; padding: 0px;\">\n<p style=\"margin: 0px; padding: 0px;\"><strong><span style=\"color: black;\">Communications du groupe Gurit<\/span><\/strong><\/p>\n<p style=\"margin: 0px; padding: 0px;\"><span style=\"color: black;\">Thomas Nauer<\/span><\/p>\n<p style=\"margin: 0px; padding: 0px;\"><span style=\"color: black;\">T\u00e9l\u00e9phone : +41 44 316 15 55 +41 44 316 15 55<\/span><\/p>\n<p style=\"margin: 0px; padding: 0px;\"><span style=\"color: black;\">E-mail. thomas.nauer (at) gurit.com <\/span><\/p>\n<p style=\"margin: 0px; padding: 0px;\">\n<p style=\"margin: 0px; padding: 0px;\">\n<p style=\"margin: 0px; padding: 0px;\"><span style=\"color: black;\">Toutes les marques commerciales utilis\u00e9es ou mentionn\u00e9es dans le pr\u00e9sent communiqu\u00e9 sont prot\u00e9g\u00e9es par la loi.<\/span><\/p>\n<p style=\"margin: 0px; padding: 0px;\">\n<p style=\"margin: 0px; padding: 0px;\"><strong><span style=\"color: black;\">D\u00e9clarations prospectives :<\/span><\/strong><\/p>\n<p style=\"margin: 0px; padding: 0px;\"><span style=\"color: black;\">Dans la mesure o\u00f9 le pr\u00e9sent communiqu\u00e9 contient des d\u00e9clarations prospectives, celles-ci sont bas\u00e9es sur des hypoth\u00e8ses, des planifications et des pr\u00e9visions au moment de la publication du pr\u00e9sent communiqu\u00e9. Les d\u00e9clarations prospectives comportent toujours des incertitudes. Les risques et d\u00e9veloppements commerciaux et \u00e9conomiques, la conduite des concurrents, les d\u00e9cisions politiques et d&rsquo;autres facteurs peuvent faire en sorte que les r\u00e9sultats r\u00e9els soient mat\u00e9riellement diff\u00e9rents des hypoth\u00e8ses, des planifications et des pr\u00e9visions au moment de la publication de cette annonce. Par cons\u00e9quent, Gurit Holding AG n&rsquo;assume aucune responsabilit\u00e9 en ce qui concerne les d\u00e9clarations prospectives contenues dans le pr\u00e9sent communiqu\u00e9.<\/span><\/p>\n<\/td>\n<\/tr>\n<tr>\n<td valign=\"top\" class=\"tensid-spacer\">&nbsp;<\/td>\n<\/tr>\n<tr><\/tr>\n<\/table>\n<\/td>\n<\/tr>\n<\/table>\n","protected":false},"excerpt":{"rendered":"<p>Calendrier financier de Gurit 2020 &nbsp; Zurich, Suisse, 06 novembre 2019 &#8211; Gurit (SIX Swiss Exchange : GUR) a publi\u00e9 aujourd&rsquo;hui son calendrier financier pour l&rsquo;exercice 2020. &nbsp; Les r\u00e9sultats [&hellip;]<\/p>\n","protected":false},"author":1,"featured_media":0,"comment_status":"closed","ping_status":"closed","sticky":false,"template":"","format":"standard","meta":{"_et_pb_use_builder":"","_et_pb_old_content":"","_et_gb_content_width":"","footnotes":""},"categories":[82],"tags":[],"class_list":["post-22413","post","type-post","status-publish","format-standard","hentry","category-eqsadhoc"],"yoast_head":"<!-- This site is optimized with the Yoast SEO plugin v27.5 - https:\/\/yoast.com\/product\/yoast-seo-wordpress\/ -->\n<title>Annonce ad hoc - Calendrier financier 2020 de Gurit - Gurit.<\/title>\n<meta name=\"robots\" content=\"index, follow, max-snippet:-1, max-image-preview:large, max-video-preview:-1\" \/>\n<link rel=\"canonical\" href=\"https:\/\/www.gurit.com\/fr\/annonce-ad-hoc-calendrier-financier-2020-de-gurit\/\" \/>\n<meta property=\"og:locale\" content=\"fr_FR\" \/>\n<meta property=\"og:type\" content=\"article\" \/>\n<meta property=\"og:title\" content=\"Annonce ad hoc - Calendrier financier 2020 de Gurit - Gurit.\" \/>\n<meta property=\"og:description\" content=\"Calendrier financier de Gurit 2020 &nbsp; Zurich, Suisse, 06 novembre 2019 &#8211; Gurit (SIX Swiss Exchange : GUR) a publi\u00e9 aujourd&rsquo;hui son calendrier financier pour l&rsquo;exercice 2020. &nbsp; Les r\u00e9sultats [&hellip;]\" \/>\n<meta property=\"og:url\" content=\"https:\/\/www.gurit.com\/fr\/annonce-ad-hoc-calendrier-financier-2020-de-gurit\/\" \/>\n<meta property=\"og:site_name\" content=\"Gurit\" \/>\n<meta property=\"article:publisher\" content=\"https:\/\/www.facebook.com\/GuritGroup\" \/>\n<meta property=\"article:published_time\" content=\"2019-11-06T15:35:00+00:00\" \/>\n<meta name=\"author\" content=\"simplicate\" \/>\n<meta name=\"twitter:card\" content=\"summary_large_image\" \/>\n<meta name=\"twitter:creator\" content=\"@guritgroup\" \/>\n<meta name=\"twitter:site\" content=\"@guritgroup\" \/>\n<meta name=\"twitter:label1\" content=\"\u00c9crit par\" \/>\n\t<meta name=\"twitter:data1\" content=\"simplicate\" \/>\n\t<meta name=\"twitter:label2\" content=\"Dur\u00e9e de lecture estim\u00e9e\" \/>\n\t<meta name=\"twitter:data2\" content=\"3 minutes\" \/>\n<script type=\"application\/ld+json\" class=\"yoast-schema-graph\">{\"@context\":\"https:\\\/\\\/schema.org\",\"@graph\":[{\"@type\":\"Article\",\"@id\":\"https:\\\/\\\/www.gurit.com\\\/fr\\\/annonce-ad-hoc-calendrier-financier-2020-de-gurit\\\/#article\",\"isPartOf\":{\"@id\":\"https:\\\/\\\/www.gurit.com\\\/fr\\\/annonce-ad-hoc-calendrier-financier-2020-de-gurit\\\/\"},\"author\":{\"name\":\"simplicate\",\"@id\":\"https:\\\/\\\/www.gurit.com\\\/fr\\\/#\\\/schema\\\/person\\\/b119121c55c6dcf772cd743cf20ea81b\"},\"headline\":\"Annonce ad hoc &#8211; Calendrier financier 2020 de Gurit\",\"datePublished\":\"2019-11-06T15:35:00+00:00\",\"mainEntityOfPage\":{\"@id\":\"https:\\\/\\\/www.gurit.com\\\/fr\\\/annonce-ad-hoc-calendrier-financier-2020-de-gurit\\\/\"},\"wordCount\":712,\"publisher\":{\"@id\":\"https:\\\/\\\/www.gurit.com\\\/fr\\\/#organization\"},\"articleSection\":[\"EQSadhoc\"],\"inLanguage\":\"fr-FR\"},{\"@type\":\"WebPage\",\"@id\":\"https:\\\/\\\/www.gurit.com\\\/fr\\\/annonce-ad-hoc-calendrier-financier-2020-de-gurit\\\/\",\"url\":\"https:\\\/\\\/www.gurit.com\\\/fr\\\/annonce-ad-hoc-calendrier-financier-2020-de-gurit\\\/\",\"name\":\"Annonce ad hoc - Calendrier financier 2020 de Gurit - Gurit.\",\"isPartOf\":{\"@id\":\"https:\\\/\\\/www.gurit.com\\\/fr\\\/#website\"},\"datePublished\":\"2019-11-06T15:35:00+00:00\",\"breadcrumb\":{\"@id\":\"https:\\\/\\\/www.gurit.com\\\/fr\\\/annonce-ad-hoc-calendrier-financier-2020-de-gurit\\\/#breadcrumb\"},\"inLanguage\":\"fr-FR\",\"potentialAction\":[{\"@type\":\"ReadAction\",\"target\":[\"https:\\\/\\\/www.gurit.com\\\/fr\\\/annonce-ad-hoc-calendrier-financier-2020-de-gurit\\\/\"]}]},{\"@type\":\"BreadcrumbList\",\"@id\":\"https:\\\/\\\/www.gurit.com\\\/fr\\\/annonce-ad-hoc-calendrier-financier-2020-de-gurit\\\/#breadcrumb\",\"itemListElement\":[{\"@type\":\"ListItem\",\"position\":1,\"name\":\"Startseite\",\"item\":\"https:\\\/\\\/www.gurit.com\\\/fr\\\/marches\\\/\"},{\"@type\":\"ListItem\",\"position\":2,\"name\":\"Annonce ad hoc &#8211; Calendrier financier 2020 de Gurit\"}]},{\"@type\":\"WebSite\",\"@id\":\"https:\\\/\\\/www.gurit.com\\\/fr\\\/#website\",\"url\":\"https:\\\/\\\/www.gurit.com\\\/fr\\\/\",\"name\":\"Gurit\",\"description\":\"Composites avanc\u00e9s pour l'\u00e9nergie \u00e9olienne, la marine, la construction et d'autres industries\",\"publisher\":{\"@id\":\"https:\\\/\\\/www.gurit.com\\\/fr\\\/#organization\"},\"potentialAction\":[{\"@type\":\"SearchAction\",\"target\":{\"@type\":\"EntryPoint\",\"urlTemplate\":\"https:\\\/\\\/www.gurit.com\\\/fr\\\/?s={search_term_string}\"},\"query-input\":{\"@type\":\"PropertyValueSpecification\",\"valueRequired\":true,\"valueName\":\"search_term_string\"}}],\"inLanguage\":\"fr-FR\"},{\"@type\":\"Organization\",\"@id\":\"https:\\\/\\\/www.gurit.com\\\/fr\\\/#organization\",\"name\":\"Gurit\",\"url\":\"https:\\\/\\\/www.gurit.com\\\/fr\\\/\",\"logo\":{\"@type\":\"ImageObject\",\"inLanguage\":\"fr-FR\",\"@id\":\"https:\\\/\\\/www.gurit.com\\\/fr\\\/#\\\/schema\\\/logo\\\/image\\\/\",\"url\":\"https:\\\/\\\/www.gurit.com\\\/wp-content\\\/uploads\\\/2021\\\/12\\\/gurit-logo.png\",\"contentUrl\":\"https:\\\/\\\/www.gurit.com\\\/wp-content\\\/uploads\\\/2021\\\/12\\\/gurit-logo.png\",\"width\":262,\"height\":100,\"caption\":\"Gurit\"},\"image\":{\"@id\":\"https:\\\/\\\/www.gurit.com\\\/fr\\\/#\\\/schema\\\/logo\\\/image\\\/\"},\"sameAs\":[\"https:\\\/\\\/www.facebook.com\\\/GuritGroup\",\"https:\\\/\\\/x.com\\\/guritgroup\",\"https:\\\/\\\/www.linkedin.com\\\/company\\\/gurit\\\/\"]},{\"@type\":\"Person\",\"@id\":\"https:\\\/\\\/www.gurit.com\\\/fr\\\/#\\\/schema\\\/person\\\/b119121c55c6dcf772cd743cf20ea81b\",\"name\":\"simplicate\",\"image\":{\"@type\":\"ImageObject\",\"inLanguage\":\"fr-FR\",\"@id\":\"https:\\\/\\\/secure.gravatar.com\\\/avatar\\\/9a8f9ff1310a9be563f7bb74ad701c675616de3f72f797dc49f714eb54922b80?s=96&d=mm&r=g\",\"url\":\"https:\\\/\\\/secure.gravatar.com\\\/avatar\\\/9a8f9ff1310a9be563f7bb74ad701c675616de3f72f797dc49f714eb54922b80?s=96&d=mm&r=g\",\"contentUrl\":\"https:\\\/\\\/secure.gravatar.com\\\/avatar\\\/9a8f9ff1310a9be563f7bb74ad701c675616de3f72f797dc49f714eb54922b80?s=96&d=mm&r=g\",\"caption\":\"simplicate\"},\"sameAs\":[\"http:\\\/\\\/gurit.simplicate.de\"],\"url\":\"https:\\\/\\\/www.gurit.com\\\/fr\\\/author\\\/simplicate_gur\\\/\"}]}<\/script>\n<!-- \/ Yoast SEO plugin. -->","yoast_head_json":{"title":"Annonce ad hoc - Calendrier financier 2020 de Gurit - Gurit.","robots":{"index":"index","follow":"follow","max-snippet":"max-snippet:-1","max-image-preview":"max-image-preview:large","max-video-preview":"max-video-preview:-1"},"canonical":"https:\/\/www.gurit.com\/fr\/annonce-ad-hoc-calendrier-financier-2020-de-gurit\/","og_locale":"fr_FR","og_type":"article","og_title":"Annonce ad hoc - Calendrier financier 2020 de Gurit - Gurit.","og_description":"Calendrier financier de Gurit 2020 &nbsp; Zurich, Suisse, 06 novembre 2019 &#8211; Gurit (SIX Swiss Exchange : GUR) a publi\u00e9 aujourd&rsquo;hui son calendrier financier pour l&rsquo;exercice 2020. &nbsp; Les r\u00e9sultats [&hellip;]","og_url":"https:\/\/www.gurit.com\/fr\/annonce-ad-hoc-calendrier-financier-2020-de-gurit\/","og_site_name":"Gurit","article_publisher":"https:\/\/www.facebook.com\/GuritGroup","article_published_time":"2019-11-06T15:35:00+00:00","author":"simplicate","twitter_card":"summary_large_image","twitter_creator":"@guritgroup","twitter_site":"@guritgroup","twitter_misc":{"\u00c9crit par":"simplicate","Dur\u00e9e de lecture estim\u00e9e":"3 minutes"},"schema":{"@context":"https:\/\/schema.org","@graph":[{"@type":"Article","@id":"https:\/\/www.gurit.com\/fr\/annonce-ad-hoc-calendrier-financier-2020-de-gurit\/#article","isPartOf":{"@id":"https:\/\/www.gurit.com\/fr\/annonce-ad-hoc-calendrier-financier-2020-de-gurit\/"},"author":{"name":"simplicate","@id":"https:\/\/www.gurit.com\/fr\/#\/schema\/person\/b119121c55c6dcf772cd743cf20ea81b"},"headline":"Annonce ad hoc &#8211; Calendrier financier 2020 de Gurit","datePublished":"2019-11-06T15:35:00+00:00","mainEntityOfPage":{"@id":"https:\/\/www.gurit.com\/fr\/annonce-ad-hoc-calendrier-financier-2020-de-gurit\/"},"wordCount":712,"publisher":{"@id":"https:\/\/www.gurit.com\/fr\/#organization"},"articleSection":["EQSadhoc"],"inLanguage":"fr-FR"},{"@type":"WebPage","@id":"https:\/\/www.gurit.com\/fr\/annonce-ad-hoc-calendrier-financier-2020-de-gurit\/","url":"https:\/\/www.gurit.com\/fr\/annonce-ad-hoc-calendrier-financier-2020-de-gurit\/","name":"Annonce ad hoc - Calendrier financier 2020 de Gurit - Gurit.","isPartOf":{"@id":"https:\/\/www.gurit.com\/fr\/#website"},"datePublished":"2019-11-06T15:35:00+00:00","breadcrumb":{"@id":"https:\/\/www.gurit.com\/fr\/annonce-ad-hoc-calendrier-financier-2020-de-gurit\/#breadcrumb"},"inLanguage":"fr-FR","potentialAction":[{"@type":"ReadAction","target":["https:\/\/www.gurit.com\/fr\/annonce-ad-hoc-calendrier-financier-2020-de-gurit\/"]}]},{"@type":"BreadcrumbList","@id":"https:\/\/www.gurit.com\/fr\/annonce-ad-hoc-calendrier-financier-2020-de-gurit\/#breadcrumb","itemListElement":[{"@type":"ListItem","position":1,"name":"Startseite","item":"https:\/\/www.gurit.com\/fr\/marches\/"},{"@type":"ListItem","position":2,"name":"Annonce ad hoc &#8211; Calendrier financier 2020 de Gurit"}]},{"@type":"WebSite","@id":"https:\/\/www.gurit.com\/fr\/#website","url":"https:\/\/www.gurit.com\/fr\/","name":"Gurit","description":"Composites avanc\u00e9s pour l'\u00e9nergie \u00e9olienne, la marine, la construction et d'autres industries","publisher":{"@id":"https:\/\/www.gurit.com\/fr\/#organization"},"potentialAction":[{"@type":"SearchAction","target":{"@type":"EntryPoint","urlTemplate":"https:\/\/www.gurit.com\/fr\/?s={search_term_string}"},"query-input":{"@type":"PropertyValueSpecification","valueRequired":true,"valueName":"search_term_string"}}],"inLanguage":"fr-FR"},{"@type":"Organization","@id":"https:\/\/www.gurit.com\/fr\/#organization","name":"Gurit","url":"https:\/\/www.gurit.com\/fr\/","logo":{"@type":"ImageObject","inLanguage":"fr-FR","@id":"https:\/\/www.gurit.com\/fr\/#\/schema\/logo\/image\/","url":"https:\/\/www.gurit.com\/wp-content\/uploads\/2021\/12\/gurit-logo.png","contentUrl":"https:\/\/www.gurit.com\/wp-content\/uploads\/2021\/12\/gurit-logo.png","width":262,"height":100,"caption":"Gurit"},"image":{"@id":"https:\/\/www.gurit.com\/fr\/#\/schema\/logo\/image\/"},"sameAs":["https:\/\/www.facebook.com\/GuritGroup","https:\/\/x.com\/guritgroup","https:\/\/www.linkedin.com\/company\/gurit\/"]},{"@type":"Person","@id":"https:\/\/www.gurit.com\/fr\/#\/schema\/person\/b119121c55c6dcf772cd743cf20ea81b","name":"simplicate","image":{"@type":"ImageObject","inLanguage":"fr-FR","@id":"https:\/\/secure.gravatar.com\/avatar\/9a8f9ff1310a9be563f7bb74ad701c675616de3f72f797dc49f714eb54922b80?s=96&d=mm&r=g","url":"https:\/\/secure.gravatar.com\/avatar\/9a8f9ff1310a9be563f7bb74ad701c675616de3f72f797dc49f714eb54922b80?s=96&d=mm&r=g","contentUrl":"https:\/\/secure.gravatar.com\/avatar\/9a8f9ff1310a9be563f7bb74ad701c675616de3f72f797dc49f714eb54922b80?s=96&d=mm&r=g","caption":"simplicate"},"sameAs":["http:\/\/gurit.simplicate.de"],"url":"https:\/\/www.gurit.com\/fr\/author\/simplicate_gur\/"}]}},"_links":{"self":[{"href":"https:\/\/www.gurit.com\/fr\/wp-json\/wp\/v2\/posts\/22413","targetHints":{"allow":["GET"]}}],"collection":[{"href":"https:\/\/www.gurit.com\/fr\/wp-json\/wp\/v2\/posts"}],"about":[{"href":"https:\/\/www.gurit.com\/fr\/wp-json\/wp\/v2\/types\/post"}],"author":[{"embeddable":true,"href":"https:\/\/www.gurit.com\/fr\/wp-json\/wp\/v2\/users\/1"}],"replies":[{"embeddable":true,"href":"https:\/\/www.gurit.com\/fr\/wp-json\/wp\/v2\/comments?post=22413"}],"version-history":[{"count":0,"href":"https:\/\/www.gurit.com\/fr\/wp-json\/wp\/v2\/posts\/22413\/revisions"}],"wp:attachment":[{"href":"https:\/\/www.gurit.com\/fr\/wp-json\/wp\/v2\/media?parent=22413"}],"wp:term":[{"taxonomy":"category","embeddable":true,"href":"https:\/\/www.gurit.com\/fr\/wp-json\/wp\/v2\/categories?post=22413"},{"taxonomy":"post_tag","embeddable":true,"href":"https:\/\/www.gurit.com\/fr\/wp-json\/wp\/v2\/tags?post=22413"}],"curies":[{"name":"wp","href":"https:\/\/api.w.org\/{rel}","templated":true}]}}