{"id":22417,"date":"2020-04-08T04:59:00","date_gmt":"2020-04-08T02:59:00","guid":{"rendered":"https:\/\/www.gurit.com\/changements-dans-lorganisation-et-la-gestion-de-lunite-operationnelle-materiaux-composites\/"},"modified":"2020-04-08T04:59:00","modified_gmt":"2020-04-08T02:59:00","slug":"changements-dans-lorganisation-et-la-gestion-de-lunite-operationnelle-materiaux-composites","status":"publish","type":"post","link":"https:\/\/www.gurit.com\/fr\/changements-dans-lorganisation-et-la-gestion-de-lunite-operationnelle-materiaux-composites\/","title":{"rendered":"Changements dans l&rsquo;organisation et la gestion de l&rsquo;unit\u00e9 op\u00e9rationnelle Mat\u00e9riaux composites"},"content":{"rendered":"<table class=\"tensid-wrapper\" cellpadding=\"0\" cellspacing=\"0\" border=\"0\" summary=\"\">\n<tr>\n<td valign=\"top\">\n<table class=\"tensid-whole_content\" cellpadding=\"0\" cellspacing=\"0\" border=\"0\" summary=\"\">\n<tr>\n<td valign=\"top\" class=\"tensid-heading\">\n<p style=\"margin: 0px; padding: 0px;\"><strong><span style=\"font-size: 14px;\">Changements dans l&rsquo;organisation et la gestion de l&rsquo;unit\u00e9 op\u00e9rationnelle Mat\u00e9riaux composites<\/span><\/strong><\/p>\n<\/td>\n<\/tr>\n<tr>\n<td valign=\"top\" class=\"tensid-spacer\">&nbsp;<\/td>\n<\/tr>\n<tr>\n<td valign=\"top\" class=\"tensid-lead\">\n<p align=\"justify\"><span style=\"font-size: 12px;\"><strong>Zurich, le 8 avril 2020 &#8211; Gurit (SIX Swiss Exchange : GUR) annonce aujourd&rsquo;hui qu&rsquo;elle va scinder l&rsquo;unit\u00e9 commerciale Composite Materials en Wind Materials et Marine &amp; Industrial Materials. Lance Hill, actuellement directeur r\u00e9gional des ventes pour la r\u00e9gion Am\u00e9riques, est promu au poste de directeur g\u00e9n\u00e9ral Marine &amp; Industrial Materials \u00e0 compter du 1er mai 2020. Une recherche pour le nouveau poste de General Manager Wind Materials est en cours et sera annonc\u00e9e en temps voulu.  <\/strong><\/span><\/p>\n<\/td>\n<\/tr>\n<tr>\n<td valign=\"top\" class=\"tensid-spacer\">&nbsp;<\/td>\n<\/tr>\n<tr>\n<td valign=\"top\" class=\"tensid-body\">\n<p align=\"justify\"><span style=\"font-size: 12px;\">La nature des activit\u00e9s de l&rsquo;industrie \u00e9olienne \u00e9tant diff\u00e9rente de celle des activit\u00e9s marines et industrielles, Gurit a d\u00e9cid\u00e9 de diviser son unit\u00e9 commerciale \u00ab\u00a0Mat\u00e9riaux composites\u00a0\u00bb. Les deux organisations ax\u00e9es sur le march\u00e9 cible permettront \u00e0 Gurit d&rsquo;am\u00e9liorer encore l&rsquo;orientation et le soutien \u00e0 la client\u00e8le, ce qui favorisera une plus forte croissance de l&rsquo;entreprise. Les deux unit\u00e9s commerciales continueront \u00e0 avoir acc\u00e8s \u00e0 l&rsquo;ensemble de l&rsquo;offre de mat\u00e9riaux.    <\/span><\/p>\n<p style=\"margin: 0px; padding: 0px;\">\n<p align=\"justify\"><span style=\"font-size: 12px;\">Lance Hill a rejoint Gurit en 2009 et est actuellement directeur r\u00e9gional de Gurit Americas. Auparavant, il a occup\u00e9 des postes dans l&rsquo;industrie des composites. De nationalit\u00e9 britannique, Lance Hill est titulaire d&rsquo;un MBA de l&rsquo;universit\u00e9 de Birmingham. Il quittera les \u00c9tats-Unis pour l&rsquo;Europe dans le cadre de ses nouvelles fonctions.   <\/span><\/p>\n<p style=\"margin: 0px; padding: 0px;\">\n<p align=\"justify\"><span style=\"font-size: 12px;\">L&rsquo;unit\u00e9 commerciale des mat\u00e9riaux \u00e9oliens sera dirig\u00e9e par Rudolf Hadorn pendant la p\u00e9riode o\u00f9 Stefan Gautschi quittera Gurit en juin 2020, jusqu&rsquo;\u00e0 ce que le nouveau directeur g\u00e9n\u00e9ral des mat\u00e9riaux \u00e9oliens soit en place.<\/span><\/p>\n<p style=\"margin: 0px; padding: 0px;\">\n<\/td>\n<\/tr>\n<tr>\n<td valign=\"top\" class=\"tensid-spacer\">&nbsp;<\/td>\n<\/tr>\n<tr>\n<td valign=\"top\" class=\"tensid-footer\">\n<p style=\"margin: 0px; padding: 0px;\"><strong><span style=\"color: black;\">\u00c0 propos de Gurit<\/span><\/strong><\/p>\n<p align=\"justify\"><span style=\"color: black;\">Les filiales de Gurit Holding AG, Wattwil\/Suisse, (SIX Swiss Exchange : GUR) sont sp\u00e9cialis\u00e9es dans le d\u00e9veloppement et la fabrication de mat\u00e9riaux composites avanc\u00e9s, d&rsquo;\u00e9quipements d&rsquo;outillage pour les composites et de services d&rsquo;assemblage de noyaux. La gamme de produits comprend des mat\u00e9riaux de base structurels, des pr\u00e9impr\u00e9gn\u00e9s renforc\u00e9s de fibres, des moules pour pales d&rsquo;\u00e9oliennes, des produits formul\u00e9s, notamment des rev\u00eatements, des r\u00e9sines et des adh\u00e9sifs, ainsi que des services d&rsquo;ing\u00e9nierie des composites structurels. Gurit approvisionne des march\u00e9s mondiaux en pleine croissance tels que l&rsquo;industrie des turbines \u00e9oliennes, l&rsquo;a\u00e9rospatiale, la marine, le rail et bien d&rsquo;autres encore. Gurit exploite des sites de production et des bureaux au Canada, en Chine, au Danemark, en \u00c9quateur, en Allemagne, en Indon\u00e9sie, en Inde, en Italie, au Mexique, en Nouvelle-Z\u00e9lande, en Pologne, en Espagne, en Suisse, en Turquie, au Royaume-Uni et aux \u00c9tats-Unis.   <\/span><\/p>\n<p style=\"margin: 0px; padding: 0px;\"><span style=\"color: black;\">gurit2.3ddev.de\/  <\/span><\/p>\n<p style=\"margin: 0px; padding: 0px;\">\n<p style=\"margin: 0px; padding: 0px;\"><strong><span style=\"color: black;\">Communications du groupe Gurit<\/span><\/strong><\/p>\n<p style=\"margin: 0px; padding: 0px;\"><span style=\"color: black;\">Thomas Nauer<br \/>T\u00e9l\u00e9phone : +41 44 316 15 55<br \/>E-mail. thomas.nauer (at) gurit.com <\/span><\/p>\n<p style=\"margin: 0px; padding: 0px;\">\n<p style=\"margin: 0px; padding: 0px;\">\n<p style=\"margin: 0px; padding: 0px;\"><span style=\"font-size: 8px;\"><span style=\"color: black;\">Toutes les marques commerciales utilis\u00e9es ou mentionn\u00e9es dans le pr\u00e9sent communiqu\u00e9 sont prot\u00e9g\u00e9es par la loi.<\/span><\/span><\/p>\n<p style=\"margin: 0px; padding: 0px;\">\n<p style=\"margin: 0px; padding: 0px;\"><span style=\"font-size: 8px;\"><strong><span style=\"color: black;\">D\u00e9clarations prospectives :<\/span><\/strong><\/span><\/p>\n<p align=\"justify\"><span style=\"font-size: 8px;\"><span style=\"color: black;\">Dans la mesure o\u00f9 le pr\u00e9sent communiqu\u00e9 contient des d\u00e9clarations prospectives, celles-ci sont bas\u00e9es sur des hypoth\u00e8ses, des planifications et des pr\u00e9visions au moment de la publication du pr\u00e9sent communiqu\u00e9. Les d\u00e9clarations prospectives comportent toujours des incertitudes. Les risques et d\u00e9veloppements commerciaux et \u00e9conomiques, la conduite des concurrents, les d\u00e9cisions politiques et d&rsquo;autres facteurs peuvent faire en sorte que les r\u00e9sultats r\u00e9els soient mat\u00e9riellement diff\u00e9rents des hypoth\u00e8ses, des planifications et des pr\u00e9visions au moment de la publication de cette annonce. Par cons\u00e9quent, Gurit Holding AG n&rsquo;assume aucune responsabilit\u00e9 en ce qui concerne les d\u00e9clarations prospectives contenues dans le pr\u00e9sent communiqu\u00e9.<\/span><\/span><\/p>\n<\/td>\n<\/tr>\n<tr>\n<td valign=\"top\" class=\"tensid-spacer\">&nbsp;<\/td>\n<\/tr>\n<tr><\/tr>\n<\/table>\n<\/td>\n<\/tr>\n<\/table>\n","protected":false},"excerpt":{"rendered":"<p>Changements dans l&rsquo;organisation et la gestion de l&rsquo;unit\u00e9 op\u00e9rationnelle Mat\u00e9riaux composites &nbsp; Zurich, le 8 avril 2020 &#8211; Gurit (SIX Swiss Exchange : GUR) annonce aujourd&rsquo;hui qu&rsquo;elle va scinder l&rsquo;unit\u00e9 [&hellip;]<\/p>\n","protected":false},"author":1,"featured_media":0,"comment_status":"closed","ping_status":"closed","sticky":false,"template":"","format":"standard","meta":{"_et_pb_use_builder":"","_et_pb_old_content":"","_et_gb_content_width":"","footnotes":""},"categories":[83],"tags":[],"class_list":["post-22417","post","type-post","status-publish","format-standard","hentry","category-eqsmedia"],"yoast_head":"<!-- This site is optimized with the Yoast SEO plugin v27.5 - https:\/\/yoast.com\/product\/yoast-seo-wordpress\/ -->\n<title>Changements dans l&#039;organisation et la gestion de l&#039;unit\u00e9 op\u00e9rationnelle Mat\u00e9riaux composites - Gurit.<\/title>\n<meta name=\"robots\" content=\"index, follow, max-snippet:-1, max-image-preview:large, max-video-preview:-1\" \/>\n<link rel=\"canonical\" href=\"https:\/\/www.gurit.com\/fr\/changements-dans-lorganisation-et-la-gestion-de-lunite-operationnelle-materiaux-composites\/\" \/>\n<meta property=\"og:locale\" content=\"fr_FR\" \/>\n<meta property=\"og:type\" content=\"article\" \/>\n<meta property=\"og:title\" content=\"Changements dans l&#039;organisation et la gestion de l&#039;unit\u00e9 op\u00e9rationnelle Mat\u00e9riaux composites - Gurit.\" \/>\n<meta property=\"og:description\" content=\"Changements dans l&rsquo;organisation et la gestion de l&rsquo;unit\u00e9 op\u00e9rationnelle Mat\u00e9riaux composites &nbsp; Zurich, le 8 avril 2020 &#8211; Gurit (SIX Swiss Exchange : GUR) annonce aujourd&rsquo;hui qu&rsquo;elle va scinder l&rsquo;unit\u00e9 [&hellip;]\" \/>\n<meta property=\"og:url\" content=\"https:\/\/www.gurit.com\/fr\/changements-dans-lorganisation-et-la-gestion-de-lunite-operationnelle-materiaux-composites\/\" \/>\n<meta property=\"og:site_name\" content=\"Gurit\" \/>\n<meta property=\"article:publisher\" content=\"https:\/\/www.facebook.com\/GuritGroup\" \/>\n<meta property=\"article:published_time\" content=\"2020-04-08T02:59:00+00:00\" \/>\n<meta name=\"author\" content=\"simplicate\" \/>\n<meta name=\"twitter:card\" content=\"summary_large_image\" \/>\n<meta name=\"twitter:creator\" content=\"@guritgroup\" \/>\n<meta name=\"twitter:site\" content=\"@guritgroup\" \/>\n<meta name=\"twitter:label1\" content=\"\u00c9crit par\" \/>\n\t<meta name=\"twitter:data1\" content=\"simplicate\" \/>\n\t<meta name=\"twitter:label2\" content=\"Dur\u00e9e de lecture estim\u00e9e\" \/>\n\t<meta name=\"twitter:data2\" content=\"3 minutes\" \/>\n<script type=\"application\/ld+json\" class=\"yoast-schema-graph\">{\"@context\":\"https:\\\/\\\/schema.org\",\"@graph\":[{\"@type\":\"Article\",\"@id\":\"https:\\\/\\\/www.gurit.com\\\/fr\\\/changements-dans-lorganisation-et-la-gestion-de-lunite-operationnelle-materiaux-composites\\\/#article\",\"isPartOf\":{\"@id\":\"https:\\\/\\\/www.gurit.com\\\/fr\\\/changements-dans-lorganisation-et-la-gestion-de-lunite-operationnelle-materiaux-composites\\\/\"},\"author\":{\"name\":\"simplicate\",\"@id\":\"https:\\\/\\\/www.gurit.com\\\/fr\\\/#\\\/schema\\\/person\\\/b119121c55c6dcf772cd743cf20ea81b\"},\"headline\":\"Changements dans l&rsquo;organisation et la gestion de l&rsquo;unit\u00e9 op\u00e9rationnelle Mat\u00e9riaux composites\",\"datePublished\":\"2020-04-08T02:59:00+00:00\",\"mainEntityOfPage\":{\"@id\":\"https:\\\/\\\/www.gurit.com\\\/fr\\\/changements-dans-lorganisation-et-la-gestion-de-lunite-operationnelle-materiaux-composites\\\/\"},\"wordCount\":622,\"publisher\":{\"@id\":\"https:\\\/\\\/www.gurit.com\\\/fr\\\/#organization\"},\"articleSection\":[\"EQSmedia\"],\"inLanguage\":\"fr-FR\"},{\"@type\":\"WebPage\",\"@id\":\"https:\\\/\\\/www.gurit.com\\\/fr\\\/changements-dans-lorganisation-et-la-gestion-de-lunite-operationnelle-materiaux-composites\\\/\",\"url\":\"https:\\\/\\\/www.gurit.com\\\/fr\\\/changements-dans-lorganisation-et-la-gestion-de-lunite-operationnelle-materiaux-composites\\\/\",\"name\":\"Changements dans l'organisation et la gestion de l'unit\u00e9 op\u00e9rationnelle Mat\u00e9riaux composites - Gurit.\",\"isPartOf\":{\"@id\":\"https:\\\/\\\/www.gurit.com\\\/fr\\\/#website\"},\"datePublished\":\"2020-04-08T02:59:00+00:00\",\"breadcrumb\":{\"@id\":\"https:\\\/\\\/www.gurit.com\\\/fr\\\/changements-dans-lorganisation-et-la-gestion-de-lunite-operationnelle-materiaux-composites\\\/#breadcrumb\"},\"inLanguage\":\"fr-FR\",\"potentialAction\":[{\"@type\":\"ReadAction\",\"target\":[\"https:\\\/\\\/www.gurit.com\\\/fr\\\/changements-dans-lorganisation-et-la-gestion-de-lunite-operationnelle-materiaux-composites\\\/\"]}]},{\"@type\":\"BreadcrumbList\",\"@id\":\"https:\\\/\\\/www.gurit.com\\\/fr\\\/changements-dans-lorganisation-et-la-gestion-de-lunite-operationnelle-materiaux-composites\\\/#breadcrumb\",\"itemListElement\":[{\"@type\":\"ListItem\",\"position\":1,\"name\":\"Startseite\",\"item\":\"https:\\\/\\\/www.gurit.com\\\/fr\\\/marches\\\/\"},{\"@type\":\"ListItem\",\"position\":2,\"name\":\"Changements dans l&#8217;organisation et la gestion de l&#8217;unit\u00e9 op\u00e9rationnelle Mat\u00e9riaux composites\"}]},{\"@type\":\"WebSite\",\"@id\":\"https:\\\/\\\/www.gurit.com\\\/fr\\\/#website\",\"url\":\"https:\\\/\\\/www.gurit.com\\\/fr\\\/\",\"name\":\"Gurit\",\"description\":\"Composites avanc\u00e9s pour l'\u00e9nergie \u00e9olienne, la marine, la construction et d'autres industries\",\"publisher\":{\"@id\":\"https:\\\/\\\/www.gurit.com\\\/fr\\\/#organization\"},\"potentialAction\":[{\"@type\":\"SearchAction\",\"target\":{\"@type\":\"EntryPoint\",\"urlTemplate\":\"https:\\\/\\\/www.gurit.com\\\/fr\\\/?s={search_term_string}\"},\"query-input\":{\"@type\":\"PropertyValueSpecification\",\"valueRequired\":true,\"valueName\":\"search_term_string\"}}],\"inLanguage\":\"fr-FR\"},{\"@type\":\"Organization\",\"@id\":\"https:\\\/\\\/www.gurit.com\\\/fr\\\/#organization\",\"name\":\"Gurit\",\"url\":\"https:\\\/\\\/www.gurit.com\\\/fr\\\/\",\"logo\":{\"@type\":\"ImageObject\",\"inLanguage\":\"fr-FR\",\"@id\":\"https:\\\/\\\/www.gurit.com\\\/fr\\\/#\\\/schema\\\/logo\\\/image\\\/\",\"url\":\"https:\\\/\\\/www.gurit.com\\\/wp-content\\\/uploads\\\/2021\\\/12\\\/gurit-logo.png\",\"contentUrl\":\"https:\\\/\\\/www.gurit.com\\\/wp-content\\\/uploads\\\/2021\\\/12\\\/gurit-logo.png\",\"width\":262,\"height\":100,\"caption\":\"Gurit\"},\"image\":{\"@id\":\"https:\\\/\\\/www.gurit.com\\\/fr\\\/#\\\/schema\\\/logo\\\/image\\\/\"},\"sameAs\":[\"https:\\\/\\\/www.facebook.com\\\/GuritGroup\",\"https:\\\/\\\/x.com\\\/guritgroup\",\"https:\\\/\\\/www.linkedin.com\\\/company\\\/gurit\\\/\"]},{\"@type\":\"Person\",\"@id\":\"https:\\\/\\\/www.gurit.com\\\/fr\\\/#\\\/schema\\\/person\\\/b119121c55c6dcf772cd743cf20ea81b\",\"name\":\"simplicate\",\"image\":{\"@type\":\"ImageObject\",\"inLanguage\":\"fr-FR\",\"@id\":\"https:\\\/\\\/secure.gravatar.com\\\/avatar\\\/9a8f9ff1310a9be563f7bb74ad701c675616de3f72f797dc49f714eb54922b80?s=96&d=mm&r=g\",\"url\":\"https:\\\/\\\/secure.gravatar.com\\\/avatar\\\/9a8f9ff1310a9be563f7bb74ad701c675616de3f72f797dc49f714eb54922b80?s=96&d=mm&r=g\",\"contentUrl\":\"https:\\\/\\\/secure.gravatar.com\\\/avatar\\\/9a8f9ff1310a9be563f7bb74ad701c675616de3f72f797dc49f714eb54922b80?s=96&d=mm&r=g\",\"caption\":\"simplicate\"},\"sameAs\":[\"http:\\\/\\\/gurit.simplicate.de\"],\"url\":\"https:\\\/\\\/www.gurit.com\\\/fr\\\/author\\\/simplicate_gur\\\/\"}]}<\/script>\n<!-- \/ Yoast SEO plugin. -->","yoast_head_json":{"title":"Changements dans l'organisation et la gestion de l'unit\u00e9 op\u00e9rationnelle Mat\u00e9riaux composites - Gurit.","robots":{"index":"index","follow":"follow","max-snippet":"max-snippet:-1","max-image-preview":"max-image-preview:large","max-video-preview":"max-video-preview:-1"},"canonical":"https:\/\/www.gurit.com\/fr\/changements-dans-lorganisation-et-la-gestion-de-lunite-operationnelle-materiaux-composites\/","og_locale":"fr_FR","og_type":"article","og_title":"Changements dans l'organisation et la gestion de l'unit\u00e9 op\u00e9rationnelle Mat\u00e9riaux composites - Gurit.","og_description":"Changements dans l&rsquo;organisation et la gestion de l&rsquo;unit\u00e9 op\u00e9rationnelle Mat\u00e9riaux composites &nbsp; Zurich, le 8 avril 2020 &#8211; Gurit (SIX Swiss Exchange : GUR) annonce aujourd&rsquo;hui qu&rsquo;elle va scinder l&rsquo;unit\u00e9 [&hellip;]","og_url":"https:\/\/www.gurit.com\/fr\/changements-dans-lorganisation-et-la-gestion-de-lunite-operationnelle-materiaux-composites\/","og_site_name":"Gurit","article_publisher":"https:\/\/www.facebook.com\/GuritGroup","article_published_time":"2020-04-08T02:59:00+00:00","author":"simplicate","twitter_card":"summary_large_image","twitter_creator":"@guritgroup","twitter_site":"@guritgroup","twitter_misc":{"\u00c9crit par":"simplicate","Dur\u00e9e de lecture estim\u00e9e":"3 minutes"},"schema":{"@context":"https:\/\/schema.org","@graph":[{"@type":"Article","@id":"https:\/\/www.gurit.com\/fr\/changements-dans-lorganisation-et-la-gestion-de-lunite-operationnelle-materiaux-composites\/#article","isPartOf":{"@id":"https:\/\/www.gurit.com\/fr\/changements-dans-lorganisation-et-la-gestion-de-lunite-operationnelle-materiaux-composites\/"},"author":{"name":"simplicate","@id":"https:\/\/www.gurit.com\/fr\/#\/schema\/person\/b119121c55c6dcf772cd743cf20ea81b"},"headline":"Changements dans l&rsquo;organisation et la gestion de l&rsquo;unit\u00e9 op\u00e9rationnelle Mat\u00e9riaux composites","datePublished":"2020-04-08T02:59:00+00:00","mainEntityOfPage":{"@id":"https:\/\/www.gurit.com\/fr\/changements-dans-lorganisation-et-la-gestion-de-lunite-operationnelle-materiaux-composites\/"},"wordCount":622,"publisher":{"@id":"https:\/\/www.gurit.com\/fr\/#organization"},"articleSection":["EQSmedia"],"inLanguage":"fr-FR"},{"@type":"WebPage","@id":"https:\/\/www.gurit.com\/fr\/changements-dans-lorganisation-et-la-gestion-de-lunite-operationnelle-materiaux-composites\/","url":"https:\/\/www.gurit.com\/fr\/changements-dans-lorganisation-et-la-gestion-de-lunite-operationnelle-materiaux-composites\/","name":"Changements dans l'organisation et la gestion de l'unit\u00e9 op\u00e9rationnelle Mat\u00e9riaux composites - Gurit.","isPartOf":{"@id":"https:\/\/www.gurit.com\/fr\/#website"},"datePublished":"2020-04-08T02:59:00+00:00","breadcrumb":{"@id":"https:\/\/www.gurit.com\/fr\/changements-dans-lorganisation-et-la-gestion-de-lunite-operationnelle-materiaux-composites\/#breadcrumb"},"inLanguage":"fr-FR","potentialAction":[{"@type":"ReadAction","target":["https:\/\/www.gurit.com\/fr\/changements-dans-lorganisation-et-la-gestion-de-lunite-operationnelle-materiaux-composites\/"]}]},{"@type":"BreadcrumbList","@id":"https:\/\/www.gurit.com\/fr\/changements-dans-lorganisation-et-la-gestion-de-lunite-operationnelle-materiaux-composites\/#breadcrumb","itemListElement":[{"@type":"ListItem","position":1,"name":"Startseite","item":"https:\/\/www.gurit.com\/fr\/marches\/"},{"@type":"ListItem","position":2,"name":"Changements dans l&#8217;organisation et la gestion de l&#8217;unit\u00e9 op\u00e9rationnelle Mat\u00e9riaux composites"}]},{"@type":"WebSite","@id":"https:\/\/www.gurit.com\/fr\/#website","url":"https:\/\/www.gurit.com\/fr\/","name":"Gurit","description":"Composites avanc\u00e9s pour l'\u00e9nergie \u00e9olienne, la marine, la construction et d'autres industries","publisher":{"@id":"https:\/\/www.gurit.com\/fr\/#organization"},"potentialAction":[{"@type":"SearchAction","target":{"@type":"EntryPoint","urlTemplate":"https:\/\/www.gurit.com\/fr\/?s={search_term_string}"},"query-input":{"@type":"PropertyValueSpecification","valueRequired":true,"valueName":"search_term_string"}}],"inLanguage":"fr-FR"},{"@type":"Organization","@id":"https:\/\/www.gurit.com\/fr\/#organization","name":"Gurit","url":"https:\/\/www.gurit.com\/fr\/","logo":{"@type":"ImageObject","inLanguage":"fr-FR","@id":"https:\/\/www.gurit.com\/fr\/#\/schema\/logo\/image\/","url":"https:\/\/www.gurit.com\/wp-content\/uploads\/2021\/12\/gurit-logo.png","contentUrl":"https:\/\/www.gurit.com\/wp-content\/uploads\/2021\/12\/gurit-logo.png","width":262,"height":100,"caption":"Gurit"},"image":{"@id":"https:\/\/www.gurit.com\/fr\/#\/schema\/logo\/image\/"},"sameAs":["https:\/\/www.facebook.com\/GuritGroup","https:\/\/x.com\/guritgroup","https:\/\/www.linkedin.com\/company\/gurit\/"]},{"@type":"Person","@id":"https:\/\/www.gurit.com\/fr\/#\/schema\/person\/b119121c55c6dcf772cd743cf20ea81b","name":"simplicate","image":{"@type":"ImageObject","inLanguage":"fr-FR","@id":"https:\/\/secure.gravatar.com\/avatar\/9a8f9ff1310a9be563f7bb74ad701c675616de3f72f797dc49f714eb54922b80?s=96&d=mm&r=g","url":"https:\/\/secure.gravatar.com\/avatar\/9a8f9ff1310a9be563f7bb74ad701c675616de3f72f797dc49f714eb54922b80?s=96&d=mm&r=g","contentUrl":"https:\/\/secure.gravatar.com\/avatar\/9a8f9ff1310a9be563f7bb74ad701c675616de3f72f797dc49f714eb54922b80?s=96&d=mm&r=g","caption":"simplicate"},"sameAs":["http:\/\/gurit.simplicate.de"],"url":"https:\/\/www.gurit.com\/fr\/author\/simplicate_gur\/"}]}},"_links":{"self":[{"href":"https:\/\/www.gurit.com\/fr\/wp-json\/wp\/v2\/posts\/22417","targetHints":{"allow":["GET"]}}],"collection":[{"href":"https:\/\/www.gurit.com\/fr\/wp-json\/wp\/v2\/posts"}],"about":[{"href":"https:\/\/www.gurit.com\/fr\/wp-json\/wp\/v2\/types\/post"}],"author":[{"embeddable":true,"href":"https:\/\/www.gurit.com\/fr\/wp-json\/wp\/v2\/users\/1"}],"replies":[{"embeddable":true,"href":"https:\/\/www.gurit.com\/fr\/wp-json\/wp\/v2\/comments?post=22417"}],"version-history":[{"count":0,"href":"https:\/\/www.gurit.com\/fr\/wp-json\/wp\/v2\/posts\/22417\/revisions"}],"wp:attachment":[{"href":"https:\/\/www.gurit.com\/fr\/wp-json\/wp\/v2\/media?parent=22417"}],"wp:term":[{"taxonomy":"category","embeddable":true,"href":"https:\/\/www.gurit.com\/fr\/wp-json\/wp\/v2\/categories?post=22417"},{"taxonomy":"post_tag","embeddable":true,"href":"https:\/\/www.gurit.com\/fr\/wp-json\/wp\/v2\/tags?post=22417"}],"curies":[{"name":"wp","href":"https:\/\/api.w.org\/{rel}","templated":true}]}}