{"id":22428,"date":"2020-08-03T04:50:00","date_gmt":"2020-08-03T02:50:00","guid":{"rendered":"https:\/\/www.gurit.com\/annonce-ad-hoc-gurit-nomme-un-nouveau-directeur-general-de-lunite-commerciale-materiaux-eoliens\/"},"modified":"2020-08-03T04:50:00","modified_gmt":"2020-08-03T02:50:00","slug":"annonce-ad-hoc-gurit-nomme-un-nouveau-directeur-general-de-lunite-commerciale-materiaux-eoliens","status":"publish","type":"post","link":"https:\/\/www.gurit.com\/fr\/annonce-ad-hoc-gurit-nomme-un-nouveau-directeur-general-de-lunite-commerciale-materiaux-eoliens\/","title":{"rendered":"Annonce ad hoc &#8211; Gurit nomme un nouveau directeur g\u00e9n\u00e9ral de l&rsquo;unit\u00e9 commerciale Mat\u00e9riaux \u00e9oliens"},"content":{"rendered":"<table class=\"tensid-wrapper\" cellpadding=\"0\" cellspacing=\"0\" border=\"0\" summary=\"\">\n<tr>\n<td valign=\"top\">\n<table class=\"tensid-whole_content\" cellpadding=\"0\" cellspacing=\"0\" border=\"0\" summary=\"\">\n<tr>\n<td valign=\"top\" class=\"tensid-heading\">\n<p style=\"margin: 0px; padding: 0px;\"><strong>Gurit nomme un nouveau directeur g\u00e9n\u00e9ral de l&rsquo;unit\u00e9 commerciale Mat\u00e9riaux \u00e9oliens<\/strong><\/p>\n<p style=\"margin: 0px; padding: 0px;\">\n<p style=\"margin: 0px; padding: 0px;\">\n<\/td>\n<\/tr>\n<tr>\n<td valign=\"top\" class=\"tensid-spacer\">&nbsp;<\/td>\n<\/tr>\n<tr>\n<td valign=\"top\" class=\"tensid-lead\">\n<p style=\"text-align:justify;\"><strong>Zurich, le 3 ao\u00fbt 2020 &#8211; Gurit (SIX Swiss Exchange : GUR) annonce la nomination du Dr Ernst Lutz en tant que directeur g\u00e9n\u00e9ral de la Business Unit Wind Materials et membre du comit\u00e9 ex\u00e9cutif, \u00e0 compter du 1er septembre 2020.<\/strong><\/p>\n<p style=\"margin: 0px; padding: 0px;\">\n<\/td>\n<\/tr>\n<tr>\n<td valign=\"top\" class=\"tensid-spacer\">&nbsp;<\/td>\n<\/tr>\n<tr>\n<td valign=\"top\" class=\"tensid-body\">\n<p style=\"text-align:justify;\">Ernst Lutz apporte avec lui un solide savoir-faire technique et une vaste exp\u00e9rience de la direction dans un environnement commercial mondial. Il rendra compte \u00e0 Rudolf Hadorn, directeur g\u00e9n\u00e9ral de Gurit. <\/p>\n<p style=\"margin: 0px; padding: 0px;\">\n<p style=\"text-align:justify;\">Ernst Lutz rejoint Gurit apr\u00e8s avoir travaill\u00e9 pour Grundfos Holding A\/S au Danemark, o\u00f9 il a occup\u00e9 le poste de vice-pr\u00e9sident ex\u00e9cutif du groupe charg\u00e9 du d\u00e9veloppement commercial et de directeur de la technologie. Auparavant, il a occup\u00e9 plusieurs postes de direction au niveau international chez Sulzer Ltd. en Suisse et au sein du groupe Alcan. De nationalit\u00e9 suisse, Ernst Lutz est titulaire d&rsquo;un dipl\u00f4me d&rsquo;ing\u00e9nieur de l&rsquo;ETH Z\u00fcrich, o\u00f9 il s&rsquo;est sp\u00e9cialis\u00e9 dans la dynamique des fluides et la m\u00e9canique des composites. Il est \u00e9galement titulaire d&rsquo;un doctorat du Virginia Polytechnic Institute and State University Department of Engineering Science and Mechanics, ainsi que d&rsquo;un MBA de l&rsquo;universit\u00e9 de Zurich et de l&rsquo;universit\u00e9 de New York \u00e0 Albany.    <\/p>\n<p style=\"margin: 0px; padding: 0px;\"><strong><span style=\"color:red;\"> <\/span><\/strong><\/p>\n<p style=\"margin: 0px; padding: 0px;\"><em>La nomination d&rsquo;Ernst Lutz permet de confier la responsabilit\u00e9 de notre unit\u00e9 commerciale \u00ab\u00a0Mat\u00e9riaux \u00e9oliens\u00a0\u00bb \u00e0 une personne poss\u00e9dant une exp\u00e9rience commerciale multinationale et un lien solide avec notre industrie, et c&rsquo;est avec grand plaisir que nous l&rsquo;accueillons au sein de notre \u00e9quipe\u00a0\u00bb,<\/em> a d\u00e9clar\u00e9 Rudolf Hadorn, directeur g\u00e9n\u00e9ral de Gurit.<\/p>\n<p style=\"margin: 0px; padding: 0px;\">\n<p style=\"margin: 0px; padding: 0px;\">\n<\/td>\n<\/tr>\n<tr>\n<td valign=\"top\" class=\"tensid-spacer\">&nbsp;<\/td>\n<\/tr>\n<tr>\n<td valign=\"top\" class=\"tensid-footer\">\n<p style=\"margin: 0px; padding: 0px;\"><strong><span style=\"color:black;\">\u00c0 propos de Gurit<\/span><\/strong><\/p>\n<p style=\"text-align:justify;\"><span style=\"color:black;\">Les filiales de Gurit Holding AG, Wattwil\/Suisse, (SIX Swiss Exchange : GUR) sont sp\u00e9cialis\u00e9es dans le d\u00e9veloppement et la fabrication de mat\u00e9riaux composites avanc\u00e9s, d&rsquo;\u00e9quipements d&rsquo;outillage pour les composites et de services d&rsquo;assemblage de noyaux. La gamme de produits comprend des mat\u00e9riaux de base structuraux, des pr\u00e9impr\u00e9gn\u00e9s renforc\u00e9s de fibres, des produits formul\u00e9s tels que des adh\u00e9sifs et des r\u00e9sines, ainsi que l&rsquo;ing\u00e9nierie des composites structuraux. Gurit approvisionne des march\u00e9s mondiaux en pleine croissance tels que l&rsquo;industrie des turbines \u00e9oliennes, l&rsquo;a\u00e9rospatiale, la marine, le rail et bien d&rsquo;autres encore. Gurit poss\u00e8de des sites de production et des bureaux en Australie, au Canada, en Chine, au Danemark, en \u00c9quateur, en Allemagne, en Indon\u00e9sie, en Inde, en Italie, en Nouvelle-Z\u00e9lande, en Pologne, en Espagne, en Suisse, en Turquie, au Royaume-Uni et aux \u00c9tats-Unis.   <\/span><\/p>\n<p style=\"margin: 0px; padding: 0px;\"><span style=\"color:black;\">gurit2.3ddev.de\/  <\/span><\/p>\n<p style=\"margin: 0px; padding: 0px;\">\n<p style=\"margin: 0px; padding: 0px;\"><strong><span style=\"color:black;\">Communications du groupe Gurit<\/span><\/strong><\/p>\n<p style=\"margin: 0px; padding: 0px;\"><span style=\"color:black;\">Thomas Nauer<br \/>T\u00e9l\u00e9phone : +41 44 316 15 50<br \/>E-mail. thomas.nauer (at) gurit.com <\/span><\/p>\n<p style=\"margin: 0px; padding: 0px;\">\n<p style=\"margin: 0px; padding: 0px;\">\n<p style=\"margin: 0px; padding: 0px;\"><span style=\"color:black;\">Toutes les marques commerciales utilis\u00e9es ou mentionn\u00e9es dans le pr\u00e9sent communiqu\u00e9 sont prot\u00e9g\u00e9es par la loi.<\/span><\/p>\n<p style=\"margin: 0px; padding: 0px;\">\n<p style=\"text-align:justify;\"><strong><span style=\"color:black;\">D\u00e9clarations prospectives :<\/span><\/strong><\/p>\n<p style=\"text-align:justify;\"><span style=\"color:black;\">Dans la mesure o\u00f9 le pr\u00e9sent communiqu\u00e9 contient des d\u00e9clarations prospectives, celles-ci sont bas\u00e9es sur des hypoth\u00e8ses, des planifications et des pr\u00e9visions au moment de la publication du pr\u00e9sent communiqu\u00e9. Les d\u00e9clarations prospectives comportent toujours des incertitudes. Les risques et d\u00e9veloppements commerciaux et \u00e9conomiques, la conduite des concurrents, les d\u00e9cisions politiques et d&rsquo;autres facteurs peuvent faire en sorte que les r\u00e9sultats r\u00e9els soient mat\u00e9riellement diff\u00e9rents des hypoth\u00e8ses, des planifications et des pr\u00e9visions au moment de la publication de cette annonce. Par cons\u00e9quent, Gurit Holding AG n&rsquo;assume aucune responsabilit\u00e9 en ce qui concerne les d\u00e9clarations prospectives contenues dans le pr\u00e9sent communiqu\u00e9.<\/span><\/p>\n<\/td>\n<\/tr>\n<tr>\n<td valign=\"top\" class=\"tensid-spacer\">&nbsp;<\/td>\n<\/tr>\n<tr><\/tr>\n<\/table>\n<\/td>\n<\/tr>\n<\/table>\n","protected":false},"excerpt":{"rendered":"<p>Gurit nomme un nouveau directeur g\u00e9n\u00e9ral de l&rsquo;unit\u00e9 commerciale Mat\u00e9riaux \u00e9oliens &nbsp; Zurich, le 3 ao\u00fbt 2020 &#8211; Gurit (SIX Swiss Exchange : GUR) annonce la nomination du Dr Ernst [&hellip;]<\/p>\n","protected":false},"author":1,"featured_media":0,"comment_status":"closed","ping_status":"closed","sticky":false,"template":"","format":"standard","meta":{"_et_pb_use_builder":"","_et_pb_old_content":"","_et_gb_content_width":"","footnotes":""},"categories":[82],"tags":[],"class_list":["post-22428","post","type-post","status-publish","format-standard","hentry","category-eqsadhoc"],"yoast_head":"<!-- This site is optimized with the Yoast SEO plugin v27.5 - https:\/\/yoast.com\/product\/yoast-seo-wordpress\/ -->\n<title>Annonce ad hoc - Gurit nomme un nouveau directeur g\u00e9n\u00e9ral de l&#039;unit\u00e9 commerciale Mat\u00e9riaux \u00e9oliens - Gurit.<\/title>\n<meta name=\"robots\" content=\"index, follow, max-snippet:-1, max-image-preview:large, max-video-preview:-1\" \/>\n<link rel=\"canonical\" href=\"https:\/\/www.gurit.com\/fr\/annonce-ad-hoc-gurit-nomme-un-nouveau-directeur-general-de-lunite-commerciale-materiaux-eoliens\/\" \/>\n<meta property=\"og:locale\" content=\"fr_FR\" \/>\n<meta property=\"og:type\" content=\"article\" \/>\n<meta property=\"og:title\" content=\"Annonce ad hoc - Gurit nomme un nouveau directeur g\u00e9n\u00e9ral de l&#039;unit\u00e9 commerciale Mat\u00e9riaux \u00e9oliens - Gurit.\" \/>\n<meta property=\"og:description\" content=\"Gurit nomme un nouveau directeur g\u00e9n\u00e9ral de l&rsquo;unit\u00e9 commerciale Mat\u00e9riaux \u00e9oliens &nbsp; Zurich, le 3 ao\u00fbt 2020 &#8211; Gurit (SIX Swiss Exchange : GUR) annonce la nomination du Dr Ernst [&hellip;]\" \/>\n<meta property=\"og:url\" content=\"https:\/\/www.gurit.com\/fr\/annonce-ad-hoc-gurit-nomme-un-nouveau-directeur-general-de-lunite-commerciale-materiaux-eoliens\/\" \/>\n<meta property=\"og:site_name\" content=\"Gurit\" \/>\n<meta property=\"article:publisher\" content=\"https:\/\/www.facebook.com\/GuritGroup\" \/>\n<meta property=\"article:published_time\" content=\"2020-08-03T02:50:00+00:00\" \/>\n<meta name=\"author\" content=\"simplicate\" \/>\n<meta name=\"twitter:card\" content=\"summary_large_image\" \/>\n<meta name=\"twitter:creator\" content=\"@guritgroup\" \/>\n<meta name=\"twitter:site\" content=\"@guritgroup\" \/>\n<meta name=\"twitter:label1\" content=\"\u00c9crit par\" \/>\n\t<meta name=\"twitter:data1\" content=\"simplicate\" \/>\n\t<meta name=\"twitter:label2\" content=\"Dur\u00e9e de lecture estim\u00e9e\" \/>\n\t<meta name=\"twitter:data2\" content=\"3 minutes\" \/>\n<script type=\"application\/ld+json\" class=\"yoast-schema-graph\">{\"@context\":\"https:\\\/\\\/schema.org\",\"@graph\":[{\"@type\":\"Article\",\"@id\":\"https:\\\/\\\/www.gurit.com\\\/fr\\\/annonce-ad-hoc-gurit-nomme-un-nouveau-directeur-general-de-lunite-commerciale-materiaux-eoliens\\\/#article\",\"isPartOf\":{\"@id\":\"https:\\\/\\\/www.gurit.com\\\/fr\\\/annonce-ad-hoc-gurit-nomme-un-nouveau-directeur-general-de-lunite-commerciale-materiaux-eoliens\\\/\"},\"author\":{\"name\":\"simplicate\",\"@id\":\"https:\\\/\\\/www.gurit.com\\\/fr\\\/#\\\/schema\\\/person\\\/a65cd32243d78bacdfa692f5fd6008cc\"},\"headline\":\"Annonce ad hoc &#8211; Gurit nomme un nouveau directeur g\u00e9n\u00e9ral de l&rsquo;unit\u00e9 commerciale Mat\u00e9riaux \u00e9oliens\",\"datePublished\":\"2020-08-03T02:50:00+00:00\",\"mainEntityOfPage\":{\"@id\":\"https:\\\/\\\/www.gurit.com\\\/fr\\\/annonce-ad-hoc-gurit-nomme-un-nouveau-directeur-general-de-lunite-commerciale-materiaux-eoliens\\\/\"},\"wordCount\":626,\"publisher\":{\"@id\":\"https:\\\/\\\/www.gurit.com\\\/fr\\\/#organization\"},\"articleSection\":[\"EQSadhoc\"],\"inLanguage\":\"fr-FR\"},{\"@type\":\"WebPage\",\"@id\":\"https:\\\/\\\/www.gurit.com\\\/fr\\\/annonce-ad-hoc-gurit-nomme-un-nouveau-directeur-general-de-lunite-commerciale-materiaux-eoliens\\\/\",\"url\":\"https:\\\/\\\/www.gurit.com\\\/fr\\\/annonce-ad-hoc-gurit-nomme-un-nouveau-directeur-general-de-lunite-commerciale-materiaux-eoliens\\\/\",\"name\":\"Annonce ad hoc - Gurit nomme un nouveau directeur g\u00e9n\u00e9ral de l'unit\u00e9 commerciale Mat\u00e9riaux \u00e9oliens - Gurit.\",\"isPartOf\":{\"@id\":\"https:\\\/\\\/www.gurit.com\\\/fr\\\/#website\"},\"datePublished\":\"2020-08-03T02:50:00+00:00\",\"breadcrumb\":{\"@id\":\"https:\\\/\\\/www.gurit.com\\\/fr\\\/annonce-ad-hoc-gurit-nomme-un-nouveau-directeur-general-de-lunite-commerciale-materiaux-eoliens\\\/#breadcrumb\"},\"inLanguage\":\"fr-FR\",\"potentialAction\":[{\"@type\":\"ReadAction\",\"target\":[\"https:\\\/\\\/www.gurit.com\\\/fr\\\/annonce-ad-hoc-gurit-nomme-un-nouveau-directeur-general-de-lunite-commerciale-materiaux-eoliens\\\/\"]}]},{\"@type\":\"BreadcrumbList\",\"@id\":\"https:\\\/\\\/www.gurit.com\\\/fr\\\/annonce-ad-hoc-gurit-nomme-un-nouveau-directeur-general-de-lunite-commerciale-materiaux-eoliens\\\/#breadcrumb\",\"itemListElement\":[{\"@type\":\"ListItem\",\"position\":1,\"name\":\"Startseite\",\"item\":\"https:\\\/\\\/www.gurit.com\\\/fr\\\/marches\\\/\"},{\"@type\":\"ListItem\",\"position\":2,\"name\":\"Annonce ad hoc &#8211; Gurit nomme un nouveau directeur g\u00e9n\u00e9ral de l&#8217;unit\u00e9 commerciale Mat\u00e9riaux \u00e9oliens\"}]},{\"@type\":\"WebSite\",\"@id\":\"https:\\\/\\\/www.gurit.com\\\/fr\\\/#website\",\"url\":\"https:\\\/\\\/www.gurit.com\\\/fr\\\/\",\"name\":\"Gurit\",\"description\":\"Composites avanc\u00e9s pour l'\u00e9nergie \u00e9olienne, la marine, la construction et d'autres industries\",\"publisher\":{\"@id\":\"https:\\\/\\\/www.gurit.com\\\/fr\\\/#organization\"},\"potentialAction\":[{\"@type\":\"SearchAction\",\"target\":{\"@type\":\"EntryPoint\",\"urlTemplate\":\"https:\\\/\\\/www.gurit.com\\\/fr\\\/?s={search_term_string}\"},\"query-input\":{\"@type\":\"PropertyValueSpecification\",\"valueRequired\":true,\"valueName\":\"search_term_string\"}}],\"inLanguage\":\"fr-FR\"},{\"@type\":\"Organization\",\"@id\":\"https:\\\/\\\/www.gurit.com\\\/fr\\\/#organization\",\"name\":\"Gurit\",\"url\":\"https:\\\/\\\/www.gurit.com\\\/fr\\\/\",\"logo\":{\"@type\":\"ImageObject\",\"inLanguage\":\"fr-FR\",\"@id\":\"https:\\\/\\\/www.gurit.com\\\/fr\\\/#\\\/schema\\\/logo\\\/image\\\/\",\"url\":\"https:\\\/\\\/www.gurit.com\\\/wp-content\\\/uploads\\\/2021\\\/12\\\/gurit-logo.png\",\"contentUrl\":\"https:\\\/\\\/www.gurit.com\\\/wp-content\\\/uploads\\\/2021\\\/12\\\/gurit-logo.png\",\"width\":262,\"height\":100,\"caption\":\"Gurit\"},\"image\":{\"@id\":\"https:\\\/\\\/www.gurit.com\\\/fr\\\/#\\\/schema\\\/logo\\\/image\\\/\"},\"sameAs\":[\"https:\\\/\\\/www.facebook.com\\\/GuritGroup\",\"https:\\\/\\\/x.com\\\/guritgroup\",\"https:\\\/\\\/www.linkedin.com\\\/company\\\/gurit\\\/\"]},{\"@type\":\"Person\",\"@id\":\"https:\\\/\\\/www.gurit.com\\\/fr\\\/#\\\/schema\\\/person\\\/a65cd32243d78bacdfa692f5fd6008cc\",\"name\":\"simplicate\",\"image\":{\"@type\":\"ImageObject\",\"inLanguage\":\"fr-FR\",\"@id\":\"https:\\\/\\\/secure.gravatar.com\\\/avatar\\\/9a8f9ff1310a9be563f7bb74ad701c675616de3f72f797dc49f714eb54922b80?s=96&d=mm&r=g\",\"url\":\"https:\\\/\\\/secure.gravatar.com\\\/avatar\\\/9a8f9ff1310a9be563f7bb74ad701c675616de3f72f797dc49f714eb54922b80?s=96&d=mm&r=g\",\"contentUrl\":\"https:\\\/\\\/secure.gravatar.com\\\/avatar\\\/9a8f9ff1310a9be563f7bb74ad701c675616de3f72f797dc49f714eb54922b80?s=96&d=mm&r=g\",\"caption\":\"simplicate\"},\"sameAs\":[\"http:\\\/\\\/gurit.simplicate.de\"],\"url\":\"https:\\\/\\\/www.gurit.com\\\/fr\\\/author\\\/simplicate_gur\\\/\"}]}<\/script>\n<!-- \/ Yoast SEO plugin. -->","yoast_head_json":{"title":"Annonce ad hoc - Gurit nomme un nouveau directeur g\u00e9n\u00e9ral de l'unit\u00e9 commerciale Mat\u00e9riaux \u00e9oliens - Gurit.","robots":{"index":"index","follow":"follow","max-snippet":"max-snippet:-1","max-image-preview":"max-image-preview:large","max-video-preview":"max-video-preview:-1"},"canonical":"https:\/\/www.gurit.com\/fr\/annonce-ad-hoc-gurit-nomme-un-nouveau-directeur-general-de-lunite-commerciale-materiaux-eoliens\/","og_locale":"fr_FR","og_type":"article","og_title":"Annonce ad hoc - Gurit nomme un nouveau directeur g\u00e9n\u00e9ral de l'unit\u00e9 commerciale Mat\u00e9riaux \u00e9oliens - Gurit.","og_description":"Gurit nomme un nouveau directeur g\u00e9n\u00e9ral de l&rsquo;unit\u00e9 commerciale Mat\u00e9riaux \u00e9oliens &nbsp; Zurich, le 3 ao\u00fbt 2020 &#8211; Gurit (SIX Swiss Exchange : GUR) annonce la nomination du Dr Ernst [&hellip;]","og_url":"https:\/\/www.gurit.com\/fr\/annonce-ad-hoc-gurit-nomme-un-nouveau-directeur-general-de-lunite-commerciale-materiaux-eoliens\/","og_site_name":"Gurit","article_publisher":"https:\/\/www.facebook.com\/GuritGroup","article_published_time":"2020-08-03T02:50:00+00:00","author":"simplicate","twitter_card":"summary_large_image","twitter_creator":"@guritgroup","twitter_site":"@guritgroup","twitter_misc":{"\u00c9crit par":"simplicate","Dur\u00e9e de lecture estim\u00e9e":"3 minutes"},"schema":{"@context":"https:\/\/schema.org","@graph":[{"@type":"Article","@id":"https:\/\/www.gurit.com\/fr\/annonce-ad-hoc-gurit-nomme-un-nouveau-directeur-general-de-lunite-commerciale-materiaux-eoliens\/#article","isPartOf":{"@id":"https:\/\/www.gurit.com\/fr\/annonce-ad-hoc-gurit-nomme-un-nouveau-directeur-general-de-lunite-commerciale-materiaux-eoliens\/"},"author":{"name":"simplicate","@id":"https:\/\/www.gurit.com\/fr\/#\/schema\/person\/a65cd32243d78bacdfa692f5fd6008cc"},"headline":"Annonce ad hoc &#8211; Gurit nomme un nouveau directeur g\u00e9n\u00e9ral de l&rsquo;unit\u00e9 commerciale Mat\u00e9riaux \u00e9oliens","datePublished":"2020-08-03T02:50:00+00:00","mainEntityOfPage":{"@id":"https:\/\/www.gurit.com\/fr\/annonce-ad-hoc-gurit-nomme-un-nouveau-directeur-general-de-lunite-commerciale-materiaux-eoliens\/"},"wordCount":626,"publisher":{"@id":"https:\/\/www.gurit.com\/fr\/#organization"},"articleSection":["EQSadhoc"],"inLanguage":"fr-FR"},{"@type":"WebPage","@id":"https:\/\/www.gurit.com\/fr\/annonce-ad-hoc-gurit-nomme-un-nouveau-directeur-general-de-lunite-commerciale-materiaux-eoliens\/","url":"https:\/\/www.gurit.com\/fr\/annonce-ad-hoc-gurit-nomme-un-nouveau-directeur-general-de-lunite-commerciale-materiaux-eoliens\/","name":"Annonce ad hoc - Gurit nomme un nouveau directeur g\u00e9n\u00e9ral de l'unit\u00e9 commerciale Mat\u00e9riaux \u00e9oliens - Gurit.","isPartOf":{"@id":"https:\/\/www.gurit.com\/fr\/#website"},"datePublished":"2020-08-03T02:50:00+00:00","breadcrumb":{"@id":"https:\/\/www.gurit.com\/fr\/annonce-ad-hoc-gurit-nomme-un-nouveau-directeur-general-de-lunite-commerciale-materiaux-eoliens\/#breadcrumb"},"inLanguage":"fr-FR","potentialAction":[{"@type":"ReadAction","target":["https:\/\/www.gurit.com\/fr\/annonce-ad-hoc-gurit-nomme-un-nouveau-directeur-general-de-lunite-commerciale-materiaux-eoliens\/"]}]},{"@type":"BreadcrumbList","@id":"https:\/\/www.gurit.com\/fr\/annonce-ad-hoc-gurit-nomme-un-nouveau-directeur-general-de-lunite-commerciale-materiaux-eoliens\/#breadcrumb","itemListElement":[{"@type":"ListItem","position":1,"name":"Startseite","item":"https:\/\/www.gurit.com\/fr\/marches\/"},{"@type":"ListItem","position":2,"name":"Annonce ad hoc &#8211; Gurit nomme un nouveau directeur g\u00e9n\u00e9ral de l&#8217;unit\u00e9 commerciale Mat\u00e9riaux \u00e9oliens"}]},{"@type":"WebSite","@id":"https:\/\/www.gurit.com\/fr\/#website","url":"https:\/\/www.gurit.com\/fr\/","name":"Gurit","description":"Composites avanc\u00e9s pour l'\u00e9nergie \u00e9olienne, la marine, la construction et d'autres industries","publisher":{"@id":"https:\/\/www.gurit.com\/fr\/#organization"},"potentialAction":[{"@type":"SearchAction","target":{"@type":"EntryPoint","urlTemplate":"https:\/\/www.gurit.com\/fr\/?s={search_term_string}"},"query-input":{"@type":"PropertyValueSpecification","valueRequired":true,"valueName":"search_term_string"}}],"inLanguage":"fr-FR"},{"@type":"Organization","@id":"https:\/\/www.gurit.com\/fr\/#organization","name":"Gurit","url":"https:\/\/www.gurit.com\/fr\/","logo":{"@type":"ImageObject","inLanguage":"fr-FR","@id":"https:\/\/www.gurit.com\/fr\/#\/schema\/logo\/image\/","url":"https:\/\/www.gurit.com\/wp-content\/uploads\/2021\/12\/gurit-logo.png","contentUrl":"https:\/\/www.gurit.com\/wp-content\/uploads\/2021\/12\/gurit-logo.png","width":262,"height":100,"caption":"Gurit"},"image":{"@id":"https:\/\/www.gurit.com\/fr\/#\/schema\/logo\/image\/"},"sameAs":["https:\/\/www.facebook.com\/GuritGroup","https:\/\/x.com\/guritgroup","https:\/\/www.linkedin.com\/company\/gurit\/"]},{"@type":"Person","@id":"https:\/\/www.gurit.com\/fr\/#\/schema\/person\/a65cd32243d78bacdfa692f5fd6008cc","name":"simplicate","image":{"@type":"ImageObject","inLanguage":"fr-FR","@id":"https:\/\/secure.gravatar.com\/avatar\/9a8f9ff1310a9be563f7bb74ad701c675616de3f72f797dc49f714eb54922b80?s=96&d=mm&r=g","url":"https:\/\/secure.gravatar.com\/avatar\/9a8f9ff1310a9be563f7bb74ad701c675616de3f72f797dc49f714eb54922b80?s=96&d=mm&r=g","contentUrl":"https:\/\/secure.gravatar.com\/avatar\/9a8f9ff1310a9be563f7bb74ad701c675616de3f72f797dc49f714eb54922b80?s=96&d=mm&r=g","caption":"simplicate"},"sameAs":["http:\/\/gurit.simplicate.de"],"url":"https:\/\/www.gurit.com\/fr\/author\/simplicate_gur\/"}]}},"_links":{"self":[{"href":"https:\/\/www.gurit.com\/fr\/wp-json\/wp\/v2\/posts\/22428","targetHints":{"allow":["GET"]}}],"collection":[{"href":"https:\/\/www.gurit.com\/fr\/wp-json\/wp\/v2\/posts"}],"about":[{"href":"https:\/\/www.gurit.com\/fr\/wp-json\/wp\/v2\/types\/post"}],"author":[{"embeddable":true,"href":"https:\/\/www.gurit.com\/fr\/wp-json\/wp\/v2\/users\/1"}],"replies":[{"embeddable":true,"href":"https:\/\/www.gurit.com\/fr\/wp-json\/wp\/v2\/comments?post=22428"}],"version-history":[{"count":0,"href":"https:\/\/www.gurit.com\/fr\/wp-json\/wp\/v2\/posts\/22428\/revisions"}],"wp:attachment":[{"href":"https:\/\/www.gurit.com\/fr\/wp-json\/wp\/v2\/media?parent=22428"}],"wp:term":[{"taxonomy":"category","embeddable":true,"href":"https:\/\/www.gurit.com\/fr\/wp-json\/wp\/v2\/categories?post=22428"},{"taxonomy":"post_tag","embeddable":true,"href":"https:\/\/www.gurit.com\/fr\/wp-json\/wp\/v2\/tags?post=22428"}],"curies":[{"name":"wp","href":"https:\/\/api.w.org\/{rel}","templated":true}]}}