{"id":22430,"date":"2020-08-11T05:02:00","date_gmt":"2020-08-11T03:02:00","guid":{"rendered":"https:\/\/www.gurit.com\/annonce-ad-hoc-mise-a-jour-du-calendrier-financier-de-gurit-la-conference-des-analystes-et-des-medias-du-17-aout-se-tiendra-uniquement-en-ligne\/"},"modified":"2020-08-11T05:02:00","modified_gmt":"2020-08-11T03:02:00","slug":"annonce-ad-hoc-mise-a-jour-du-calendrier-financier-de-gurit-la-conference-des-analystes-et-des-medias-du-17-aout-se-tiendra-uniquement-en-ligne","status":"publish","type":"post","link":"https:\/\/www.gurit.com\/fr\/annonce-ad-hoc-mise-a-jour-du-calendrier-financier-de-gurit-la-conference-des-analystes-et-des-medias-du-17-aout-se-tiendra-uniquement-en-ligne\/","title":{"rendered":"Annonce ad hoc &#8211; Mise \u00e0 jour du calendrier financier de Gurit : La conf\u00e9rence des analystes et des m\u00e9dias du 17 ao\u00fbt se tiendra uniquement en ligne."},"content":{"rendered":"<table class=\"tensid-wrapper\" cellpadding=\"0\" cellspacing=\"0\" border=\"0\" summary=\"\">\n<tr>\n<td valign=\"top\">\n<table class=\"tensid-whole_content\" cellpadding=\"0\" cellspacing=\"0\" border=\"0\" summary=\"\">\n<tr>\n<td valign=\"top\" class=\"tensid-heading\">\n<p style=\"margin: 0px; padding: 0px;\">Mise \u00e0 jour du calendrier financier de Gurit : La conf\u00e9rence des analystes et des m\u00e9dias du 17 ao\u00fbt se tiendra uniquement en ligne.<\/p>\n<p style=\"margin: 0px; padding: 0px;\">\n<\/td>\n<\/tr>\n<tr>\n<td valign=\"top\" class=\"tensid-spacer\">&nbsp;<\/td>\n<\/tr>\n<tr>\n<td valign=\"top\" class=\"tensid-lead\">\n<p style=\"text-align:justify;\"><strong>Zurich, Suisse, 11 ao\u00fbt 2020 &#8211; Gurit (SIX Swiss Exchange : GUR) informe les repr\u00e9sentants des m\u00e9dias et les analystes financiers que, contrairement au calendrier financier de Gurit publi\u00e9 pr\u00e9c\u00e9demment, aucune conf\u00e9rence physique des analystes et des m\u00e9dias n&rsquo;aura lieu \u00e0 Zurich le 17 ao\u00fbt 2020.<\/strong><\/p>\n<p style=\"margin: 0px; padding: 0px;\">\n<\/td>\n<\/tr>\n<tr>\n<td valign=\"top\" class=\"tensid-spacer\">&nbsp;<\/td>\n<\/tr>\n<tr>\n<td valign=\"top\" class=\"tensid-body\">\n<p style=\"text-align:justify;\">Le lundi 17 ao\u00fbt 2020, la direction de Gurit discutera des r\u00e9sultats du rapport interm\u00e9diaire du premier semestre 2020 lors d&rsquo;une r\u00e9union publique.  <strong>webcast \u00e0 09h00 CEST <\/strong>. La pr\u00e9sentation se d\u00e9roulera en anglais et sera accessible sur <a href=\"https:\/\/www.gurit.com\/Investors\/Webcasts\">gurit2.3ddev.de\/Investors\/Webcasts<\/a>.<\/p>\n<p style=\"margin: 0px; padding: 0px;\">\n<p style=\"text-align:justify;\">Apr\u00e8s le webcast, les analystes financiers et les journalistes sont invit\u00e9s \u00e0 participer \u00e0 une <strong>conf\u00e9rence t\u00e9l\u00e9phonique de questions-r\u00e9ponses<\/strong>. Les modalit\u00e9s d&rsquo;acc\u00e8s sont disponibles <em>sur inscription pr\u00e9alable<\/em> avant le vendredi 14 ao\u00fbt via <a href=\"mailto:investor@gurit.com\">investor@gurit.com<\/a>. <\/p>\n<p style=\"margin: 0px; padding: 0px;\">\n<p style=\"margin: 0px; padding: 0px;\">Le rapport semestriel 2019 sera disponible le 17 ao\u00fbt 2020 \u00e0 partir de 07h00 en ligne sur<br \/><a href=\"http:\/\/www.gurit.com\/Investors\/Reports\">http:\/\/www.gurit.com\/Investors\/Reports<\/a> et un communiqu\u00e9 de presse sera publi\u00e9 en m\u00eame temps.<\/p>\n<p style=\"margin: 0px; padding: 0px;\">\n<\/td>\n<\/tr>\n<tr>\n<td valign=\"top\" class=\"tensid-spacer\">&nbsp;<\/td>\n<\/tr>\n<tr>\n<td valign=\"top\" class=\"tensid-footer\">\n<p style=\"margin: 0px; padding: 0px;\">\n<p><strong><span style=\"color:black;\">\u00c0 propos de Gurit<\/span><\/strong><span style=\"color:black;\"> <\/span><\/p>\n<p style=\"text-align:justify;\"><span style=\"color:black;\">Les filiales de Gurit Holding AG, Wattwil\/Suisse, (SIX Swiss Exchange : GUR) sont sp\u00e9cialis\u00e9es dans le d\u00e9veloppement et la fabrication de mat\u00e9riaux composites avanc\u00e9s, d&rsquo;\u00e9quipements d&rsquo;outillage pour les composites et de services d&rsquo;assemblage de noyaux. La gamme de produits comprend des mat\u00e9riaux de base structuraux, des pr\u00e9impr\u00e9gn\u00e9s renforc\u00e9s de fibres, des produits formul\u00e9s tels que des adh\u00e9sifs et des r\u00e9sines, ainsi que l&rsquo;ing\u00e9nierie des composites structuraux. Gurit approvisionne des march\u00e9s mondiaux en pleine croissance tels que l&rsquo;industrie des turbines \u00e9oliennes, l&rsquo;a\u00e9rospatiale, la marine, le rail et bien d&rsquo;autres encore. Gurit poss\u00e8de des sites de production et des bureaux en Australie, au Canada, en Chine, au Danemark, en \u00c9quateur, en Allemagne, en Indon\u00e9sie, en Inde, en Italie, en Nouvelle-Z\u00e9lande, en Pologne, en Espagne, en Suisse, en Turquie, au Royaume-Uni et aux \u00c9tats-Unis.   <span style=\"color:black;\"> <br \/><span style=\"color:black;\"><a href=\"http:\/\/www.gurit.com\/fr\/\">gurit2.3ddev.de\/<\/a> <span style=\"color:black;\">   <span style=\"color:black;\"> <\/span><\/span><\/span><\/span><\/span><\/p>\n<p style=\"margin: 0px; padding: 0px;\">\n<p style=\"margin: 0px; padding: 0px;\"><strong><span style=\"color:black;\">Communications du groupe Gurit<\/span><\/strong><br \/><span style=\"color:black;\">Thomas Nauer, t\u00e9l\u00e9phone : +41 44 316 15 50 ; e-mail. thomas.nauer (at) gurit.com <\/span><span style=\"color:black;\"> <\/span><\/p>\n<p style=\"margin: 0px; padding: 0px;\">\n<p style=\"margin: 0px; padding: 0px;\"><strong><span style=\"color:black;\">D\u00e9clarations prospectives :<\/span><\/strong><span style=\"color:black;\"> <\/span><span style=\"color:black;\">Dans la mesure o\u00f9 cette annonce contient des d\u00e9clarations prospectives, celles-ci sont bas\u00e9es sur des hypoth\u00e8ses, des planifications et des pr\u00e9visions au moment de la publication de cette annonce. Les d\u00e9clarations prospectives comportent toujours des incertitudes. Les risques et d\u00e9veloppements commerciaux et \u00e9conomiques, la conduite des concurrents, les d\u00e9cisions politiques et d&rsquo;autres facteurs peuvent faire en sorte que les r\u00e9sultats r\u00e9els soient mat\u00e9riellement diff\u00e9rents des hypoth\u00e8ses, des planifications et des pr\u00e9visions au moment de la publication de cette annonce. Par cons\u00e9quent, Gurit Holding AG n&rsquo;assume aucune responsabilit\u00e9 en ce qui concerne les d\u00e9clarations prospectives contenues dans le pr\u00e9sent communiqu\u00e9.<span style=\"color:black;\"> <\/span><\/span><\/p>\n<p style=\"margin: 0px; padding: 0px;\">\n<p style=\"margin: 0px; padding: 0px;\"><span style=\"color:black;\">Toutes les marques commerciales utilis\u00e9es ou mentionn\u00e9es dans le pr\u00e9sent communiqu\u00e9 sont prot\u00e9g\u00e9es par la loi.<span style=\"color:black;\"> <\/span><\/span><\/p>\n<p style=\"margin: 0px; padding: 0px;\">\n<p style=\"margin: 0px; padding: 0px;\">\n<\/td>\n<\/tr>\n<tr>\n<td valign=\"top\" class=\"tensid-spacer\">&nbsp;<\/td>\n<\/tr>\n<tr><\/tr>\n<\/table>\n<\/td>\n<\/tr>\n<\/table>\n","protected":false},"excerpt":{"rendered":"<p>Mise \u00e0 jour du calendrier financier de Gurit : La conf\u00e9rence des analystes et des m\u00e9dias du 17 ao\u00fbt se tiendra uniquement en ligne. &nbsp; Zurich, Suisse, 11 ao\u00fbt 2020 [&hellip;]<\/p>\n","protected":false},"author":1,"featured_media":0,"comment_status":"closed","ping_status":"closed","sticky":false,"template":"","format":"standard","meta":{"_et_pb_use_builder":"","_et_pb_old_content":"","_et_gb_content_width":"","footnotes":""},"categories":[82],"tags":[],"class_list":["post-22430","post","type-post","status-publish","format-standard","hentry","category-eqsadhoc"],"yoast_head":"<!-- This site is optimized with the Yoast SEO plugin v27.5 - https:\/\/yoast.com\/product\/yoast-seo-wordpress\/ -->\n<title>Annonce ad hoc - Mise \u00e0 jour du calendrier financier de Gurit : La conf\u00e9rence des analystes et des m\u00e9dias du 17 ao\u00fbt se tiendra uniquement en ligne. - Gurit.<\/title>\n<meta name=\"robots\" content=\"index, follow, max-snippet:-1, max-image-preview:large, max-video-preview:-1\" \/>\n<link rel=\"canonical\" href=\"https:\/\/www.gurit.com\/fr\/annonce-ad-hoc-mise-a-jour-du-calendrier-financier-de-gurit-la-conference-des-analystes-et-des-medias-du-17-aout-se-tiendra-uniquement-en-ligne\/\" \/>\n<meta property=\"og:locale\" content=\"fr_FR\" \/>\n<meta property=\"og:type\" content=\"article\" \/>\n<meta property=\"og:title\" content=\"Annonce ad hoc - Mise \u00e0 jour du calendrier financier de Gurit : La conf\u00e9rence des analystes et des m\u00e9dias du 17 ao\u00fbt se tiendra uniquement en ligne. - Gurit.\" \/>\n<meta property=\"og:description\" content=\"Mise \u00e0 jour du calendrier financier de Gurit : La conf\u00e9rence des analystes et des m\u00e9dias du 17 ao\u00fbt se tiendra uniquement en ligne. &nbsp; Zurich, Suisse, 11 ao\u00fbt 2020 [&hellip;]\" \/>\n<meta property=\"og:url\" content=\"https:\/\/www.gurit.com\/fr\/annonce-ad-hoc-mise-a-jour-du-calendrier-financier-de-gurit-la-conference-des-analystes-et-des-medias-du-17-aout-se-tiendra-uniquement-en-ligne\/\" \/>\n<meta property=\"og:site_name\" content=\"Gurit\" \/>\n<meta property=\"article:publisher\" content=\"https:\/\/www.facebook.com\/GuritGroup\" \/>\n<meta property=\"article:published_time\" content=\"2020-08-11T03:02:00+00:00\" \/>\n<meta name=\"author\" content=\"simplicate\" \/>\n<meta name=\"twitter:card\" content=\"summary_large_image\" \/>\n<meta name=\"twitter:creator\" content=\"@guritgroup\" \/>\n<meta name=\"twitter:site\" content=\"@guritgroup\" \/>\n<meta name=\"twitter:label1\" content=\"\u00c9crit par\" \/>\n\t<meta name=\"twitter:data1\" content=\"simplicate\" \/>\n\t<meta name=\"twitter:label2\" content=\"Dur\u00e9e de lecture estim\u00e9e\" \/>\n\t<meta name=\"twitter:data2\" content=\"3 minutes\" \/>\n<script type=\"application\/ld+json\" class=\"yoast-schema-graph\">{\"@context\":\"https:\\\/\\\/schema.org\",\"@graph\":[{\"@type\":\"Article\",\"@id\":\"https:\\\/\\\/www.gurit.com\\\/fr\\\/annonce-ad-hoc-mise-a-jour-du-calendrier-financier-de-gurit-la-conference-des-analystes-et-des-medias-du-17-aout-se-tiendra-uniquement-en-ligne\\\/#article\",\"isPartOf\":{\"@id\":\"https:\\\/\\\/www.gurit.com\\\/fr\\\/annonce-ad-hoc-mise-a-jour-du-calendrier-financier-de-gurit-la-conference-des-analystes-et-des-medias-du-17-aout-se-tiendra-uniquement-en-ligne\\\/\"},\"author\":{\"name\":\"simplicate\",\"@id\":\"https:\\\/\\\/www.gurit.com\\\/fr\\\/#\\\/schema\\\/person\\\/b119121c55c6dcf772cd743cf20ea81b\"},\"headline\":\"Annonce ad hoc &#8211; Mise \u00e0 jour du calendrier financier de Gurit : La conf\u00e9rence des analystes et des m\u00e9dias du 17 ao\u00fbt se tiendra uniquement en ligne.\",\"datePublished\":\"2020-08-11T03:02:00+00:00\",\"mainEntityOfPage\":{\"@id\":\"https:\\\/\\\/www.gurit.com\\\/fr\\\/annonce-ad-hoc-mise-a-jour-du-calendrier-financier-de-gurit-la-conference-des-analystes-et-des-medias-du-17-aout-se-tiendra-uniquement-en-ligne\\\/\"},\"wordCount\":544,\"publisher\":{\"@id\":\"https:\\\/\\\/www.gurit.com\\\/fr\\\/#organization\"},\"articleSection\":[\"EQSadhoc\"],\"inLanguage\":\"fr-FR\"},{\"@type\":\"WebPage\",\"@id\":\"https:\\\/\\\/www.gurit.com\\\/fr\\\/annonce-ad-hoc-mise-a-jour-du-calendrier-financier-de-gurit-la-conference-des-analystes-et-des-medias-du-17-aout-se-tiendra-uniquement-en-ligne\\\/\",\"url\":\"https:\\\/\\\/www.gurit.com\\\/fr\\\/annonce-ad-hoc-mise-a-jour-du-calendrier-financier-de-gurit-la-conference-des-analystes-et-des-medias-du-17-aout-se-tiendra-uniquement-en-ligne\\\/\",\"name\":\"Annonce ad hoc - Mise \u00e0 jour du calendrier financier de Gurit : La conf\u00e9rence des analystes et des m\u00e9dias du 17 ao\u00fbt se tiendra uniquement en ligne. - Gurit.\",\"isPartOf\":{\"@id\":\"https:\\\/\\\/www.gurit.com\\\/fr\\\/#website\"},\"datePublished\":\"2020-08-11T03:02:00+00:00\",\"breadcrumb\":{\"@id\":\"https:\\\/\\\/www.gurit.com\\\/fr\\\/annonce-ad-hoc-mise-a-jour-du-calendrier-financier-de-gurit-la-conference-des-analystes-et-des-medias-du-17-aout-se-tiendra-uniquement-en-ligne\\\/#breadcrumb\"},\"inLanguage\":\"fr-FR\",\"potentialAction\":[{\"@type\":\"ReadAction\",\"target\":[\"https:\\\/\\\/www.gurit.com\\\/fr\\\/annonce-ad-hoc-mise-a-jour-du-calendrier-financier-de-gurit-la-conference-des-analystes-et-des-medias-du-17-aout-se-tiendra-uniquement-en-ligne\\\/\"]}]},{\"@type\":\"BreadcrumbList\",\"@id\":\"https:\\\/\\\/www.gurit.com\\\/fr\\\/annonce-ad-hoc-mise-a-jour-du-calendrier-financier-de-gurit-la-conference-des-analystes-et-des-medias-du-17-aout-se-tiendra-uniquement-en-ligne\\\/#breadcrumb\",\"itemListElement\":[{\"@type\":\"ListItem\",\"position\":1,\"name\":\"Startseite\",\"item\":\"https:\\\/\\\/www.gurit.com\\\/fr\\\/marches\\\/\"},{\"@type\":\"ListItem\",\"position\":2,\"name\":\"Annonce ad hoc &#8211; Mise \u00e0 jour du calendrier financier de Gurit : La conf\u00e9rence des analystes et des m\u00e9dias du 17 ao\u00fbt se tiendra uniquement en ligne.\"}]},{\"@type\":\"WebSite\",\"@id\":\"https:\\\/\\\/www.gurit.com\\\/fr\\\/#website\",\"url\":\"https:\\\/\\\/www.gurit.com\\\/fr\\\/\",\"name\":\"Gurit\",\"description\":\"Composites avanc\u00e9s pour l'\u00e9nergie \u00e9olienne, la marine, la construction et d'autres industries\",\"publisher\":{\"@id\":\"https:\\\/\\\/www.gurit.com\\\/fr\\\/#organization\"},\"potentialAction\":[{\"@type\":\"SearchAction\",\"target\":{\"@type\":\"EntryPoint\",\"urlTemplate\":\"https:\\\/\\\/www.gurit.com\\\/fr\\\/?s={search_term_string}\"},\"query-input\":{\"@type\":\"PropertyValueSpecification\",\"valueRequired\":true,\"valueName\":\"search_term_string\"}}],\"inLanguage\":\"fr-FR\"},{\"@type\":\"Organization\",\"@id\":\"https:\\\/\\\/www.gurit.com\\\/fr\\\/#organization\",\"name\":\"Gurit\",\"url\":\"https:\\\/\\\/www.gurit.com\\\/fr\\\/\",\"logo\":{\"@type\":\"ImageObject\",\"inLanguage\":\"fr-FR\",\"@id\":\"https:\\\/\\\/www.gurit.com\\\/fr\\\/#\\\/schema\\\/logo\\\/image\\\/\",\"url\":\"https:\\\/\\\/www.gurit.com\\\/wp-content\\\/uploads\\\/2021\\\/12\\\/gurit-logo.png\",\"contentUrl\":\"https:\\\/\\\/www.gurit.com\\\/wp-content\\\/uploads\\\/2021\\\/12\\\/gurit-logo.png\",\"width\":262,\"height\":100,\"caption\":\"Gurit\"},\"image\":{\"@id\":\"https:\\\/\\\/www.gurit.com\\\/fr\\\/#\\\/schema\\\/logo\\\/image\\\/\"},\"sameAs\":[\"https:\\\/\\\/www.facebook.com\\\/GuritGroup\",\"https:\\\/\\\/x.com\\\/guritgroup\",\"https:\\\/\\\/www.linkedin.com\\\/company\\\/gurit\\\/\"]},{\"@type\":\"Person\",\"@id\":\"https:\\\/\\\/www.gurit.com\\\/fr\\\/#\\\/schema\\\/person\\\/b119121c55c6dcf772cd743cf20ea81b\",\"name\":\"simplicate\",\"image\":{\"@type\":\"ImageObject\",\"inLanguage\":\"fr-FR\",\"@id\":\"https:\\\/\\\/secure.gravatar.com\\\/avatar\\\/9a8f9ff1310a9be563f7bb74ad701c675616de3f72f797dc49f714eb54922b80?s=96&d=mm&r=g\",\"url\":\"https:\\\/\\\/secure.gravatar.com\\\/avatar\\\/9a8f9ff1310a9be563f7bb74ad701c675616de3f72f797dc49f714eb54922b80?s=96&d=mm&r=g\",\"contentUrl\":\"https:\\\/\\\/secure.gravatar.com\\\/avatar\\\/9a8f9ff1310a9be563f7bb74ad701c675616de3f72f797dc49f714eb54922b80?s=96&d=mm&r=g\",\"caption\":\"simplicate\"},\"sameAs\":[\"http:\\\/\\\/gurit.simplicate.de\"],\"url\":\"https:\\\/\\\/www.gurit.com\\\/fr\\\/author\\\/simplicate_gur\\\/\"}]}<\/script>\n<!-- \/ Yoast SEO plugin. -->","yoast_head_json":{"title":"Annonce ad hoc - Mise \u00e0 jour du calendrier financier de Gurit : La conf\u00e9rence des analystes et des m\u00e9dias du 17 ao\u00fbt se tiendra uniquement en ligne. - Gurit.","robots":{"index":"index","follow":"follow","max-snippet":"max-snippet:-1","max-image-preview":"max-image-preview:large","max-video-preview":"max-video-preview:-1"},"canonical":"https:\/\/www.gurit.com\/fr\/annonce-ad-hoc-mise-a-jour-du-calendrier-financier-de-gurit-la-conference-des-analystes-et-des-medias-du-17-aout-se-tiendra-uniquement-en-ligne\/","og_locale":"fr_FR","og_type":"article","og_title":"Annonce ad hoc - Mise \u00e0 jour du calendrier financier de Gurit : La conf\u00e9rence des analystes et des m\u00e9dias du 17 ao\u00fbt se tiendra uniquement en ligne. - Gurit.","og_description":"Mise \u00e0 jour du calendrier financier de Gurit : La conf\u00e9rence des analystes et des m\u00e9dias du 17 ao\u00fbt se tiendra uniquement en ligne. &nbsp; Zurich, Suisse, 11 ao\u00fbt 2020 [&hellip;]","og_url":"https:\/\/www.gurit.com\/fr\/annonce-ad-hoc-mise-a-jour-du-calendrier-financier-de-gurit-la-conference-des-analystes-et-des-medias-du-17-aout-se-tiendra-uniquement-en-ligne\/","og_site_name":"Gurit","article_publisher":"https:\/\/www.facebook.com\/GuritGroup","article_published_time":"2020-08-11T03:02:00+00:00","author":"simplicate","twitter_card":"summary_large_image","twitter_creator":"@guritgroup","twitter_site":"@guritgroup","twitter_misc":{"\u00c9crit par":"simplicate","Dur\u00e9e de lecture estim\u00e9e":"3 minutes"},"schema":{"@context":"https:\/\/schema.org","@graph":[{"@type":"Article","@id":"https:\/\/www.gurit.com\/fr\/annonce-ad-hoc-mise-a-jour-du-calendrier-financier-de-gurit-la-conference-des-analystes-et-des-medias-du-17-aout-se-tiendra-uniquement-en-ligne\/#article","isPartOf":{"@id":"https:\/\/www.gurit.com\/fr\/annonce-ad-hoc-mise-a-jour-du-calendrier-financier-de-gurit-la-conference-des-analystes-et-des-medias-du-17-aout-se-tiendra-uniquement-en-ligne\/"},"author":{"name":"simplicate","@id":"https:\/\/www.gurit.com\/fr\/#\/schema\/person\/b119121c55c6dcf772cd743cf20ea81b"},"headline":"Annonce ad hoc &#8211; Mise \u00e0 jour du calendrier financier de Gurit : La conf\u00e9rence des analystes et des m\u00e9dias du 17 ao\u00fbt se tiendra uniquement en ligne.","datePublished":"2020-08-11T03:02:00+00:00","mainEntityOfPage":{"@id":"https:\/\/www.gurit.com\/fr\/annonce-ad-hoc-mise-a-jour-du-calendrier-financier-de-gurit-la-conference-des-analystes-et-des-medias-du-17-aout-se-tiendra-uniquement-en-ligne\/"},"wordCount":544,"publisher":{"@id":"https:\/\/www.gurit.com\/fr\/#organization"},"articleSection":["EQSadhoc"],"inLanguage":"fr-FR"},{"@type":"WebPage","@id":"https:\/\/www.gurit.com\/fr\/annonce-ad-hoc-mise-a-jour-du-calendrier-financier-de-gurit-la-conference-des-analystes-et-des-medias-du-17-aout-se-tiendra-uniquement-en-ligne\/","url":"https:\/\/www.gurit.com\/fr\/annonce-ad-hoc-mise-a-jour-du-calendrier-financier-de-gurit-la-conference-des-analystes-et-des-medias-du-17-aout-se-tiendra-uniquement-en-ligne\/","name":"Annonce ad hoc - Mise \u00e0 jour du calendrier financier de Gurit : La conf\u00e9rence des analystes et des m\u00e9dias du 17 ao\u00fbt se tiendra uniquement en ligne. - Gurit.","isPartOf":{"@id":"https:\/\/www.gurit.com\/fr\/#website"},"datePublished":"2020-08-11T03:02:00+00:00","breadcrumb":{"@id":"https:\/\/www.gurit.com\/fr\/annonce-ad-hoc-mise-a-jour-du-calendrier-financier-de-gurit-la-conference-des-analystes-et-des-medias-du-17-aout-se-tiendra-uniquement-en-ligne\/#breadcrumb"},"inLanguage":"fr-FR","potentialAction":[{"@type":"ReadAction","target":["https:\/\/www.gurit.com\/fr\/annonce-ad-hoc-mise-a-jour-du-calendrier-financier-de-gurit-la-conference-des-analystes-et-des-medias-du-17-aout-se-tiendra-uniquement-en-ligne\/"]}]},{"@type":"BreadcrumbList","@id":"https:\/\/www.gurit.com\/fr\/annonce-ad-hoc-mise-a-jour-du-calendrier-financier-de-gurit-la-conference-des-analystes-et-des-medias-du-17-aout-se-tiendra-uniquement-en-ligne\/#breadcrumb","itemListElement":[{"@type":"ListItem","position":1,"name":"Startseite","item":"https:\/\/www.gurit.com\/fr\/marches\/"},{"@type":"ListItem","position":2,"name":"Annonce ad hoc &#8211; Mise \u00e0 jour du calendrier financier de Gurit : La conf\u00e9rence des analystes et des m\u00e9dias du 17 ao\u00fbt se tiendra uniquement en ligne."}]},{"@type":"WebSite","@id":"https:\/\/www.gurit.com\/fr\/#website","url":"https:\/\/www.gurit.com\/fr\/","name":"Gurit","description":"Composites avanc\u00e9s pour l'\u00e9nergie \u00e9olienne, la marine, la construction et d'autres industries","publisher":{"@id":"https:\/\/www.gurit.com\/fr\/#organization"},"potentialAction":[{"@type":"SearchAction","target":{"@type":"EntryPoint","urlTemplate":"https:\/\/www.gurit.com\/fr\/?s={search_term_string}"},"query-input":{"@type":"PropertyValueSpecification","valueRequired":true,"valueName":"search_term_string"}}],"inLanguage":"fr-FR"},{"@type":"Organization","@id":"https:\/\/www.gurit.com\/fr\/#organization","name":"Gurit","url":"https:\/\/www.gurit.com\/fr\/","logo":{"@type":"ImageObject","inLanguage":"fr-FR","@id":"https:\/\/www.gurit.com\/fr\/#\/schema\/logo\/image\/","url":"https:\/\/www.gurit.com\/wp-content\/uploads\/2021\/12\/gurit-logo.png","contentUrl":"https:\/\/www.gurit.com\/wp-content\/uploads\/2021\/12\/gurit-logo.png","width":262,"height":100,"caption":"Gurit"},"image":{"@id":"https:\/\/www.gurit.com\/fr\/#\/schema\/logo\/image\/"},"sameAs":["https:\/\/www.facebook.com\/GuritGroup","https:\/\/x.com\/guritgroup","https:\/\/www.linkedin.com\/company\/gurit\/"]},{"@type":"Person","@id":"https:\/\/www.gurit.com\/fr\/#\/schema\/person\/b119121c55c6dcf772cd743cf20ea81b","name":"simplicate","image":{"@type":"ImageObject","inLanguage":"fr-FR","@id":"https:\/\/secure.gravatar.com\/avatar\/9a8f9ff1310a9be563f7bb74ad701c675616de3f72f797dc49f714eb54922b80?s=96&d=mm&r=g","url":"https:\/\/secure.gravatar.com\/avatar\/9a8f9ff1310a9be563f7bb74ad701c675616de3f72f797dc49f714eb54922b80?s=96&d=mm&r=g","contentUrl":"https:\/\/secure.gravatar.com\/avatar\/9a8f9ff1310a9be563f7bb74ad701c675616de3f72f797dc49f714eb54922b80?s=96&d=mm&r=g","caption":"simplicate"},"sameAs":["http:\/\/gurit.simplicate.de"],"url":"https:\/\/www.gurit.com\/fr\/author\/simplicate_gur\/"}]}},"_links":{"self":[{"href":"https:\/\/www.gurit.com\/fr\/wp-json\/wp\/v2\/posts\/22430","targetHints":{"allow":["GET"]}}],"collection":[{"href":"https:\/\/www.gurit.com\/fr\/wp-json\/wp\/v2\/posts"}],"about":[{"href":"https:\/\/www.gurit.com\/fr\/wp-json\/wp\/v2\/types\/post"}],"author":[{"embeddable":true,"href":"https:\/\/www.gurit.com\/fr\/wp-json\/wp\/v2\/users\/1"}],"replies":[{"embeddable":true,"href":"https:\/\/www.gurit.com\/fr\/wp-json\/wp\/v2\/comments?post=22430"}],"version-history":[{"count":0,"href":"https:\/\/www.gurit.com\/fr\/wp-json\/wp\/v2\/posts\/22430\/revisions"}],"wp:attachment":[{"href":"https:\/\/www.gurit.com\/fr\/wp-json\/wp\/v2\/media?parent=22430"}],"wp:term":[{"taxonomy":"category","embeddable":true,"href":"https:\/\/www.gurit.com\/fr\/wp-json\/wp\/v2\/categories?post=22430"},{"taxonomy":"post_tag","embeddable":true,"href":"https:\/\/www.gurit.com\/fr\/wp-json\/wp\/v2\/tags?post=22430"}],"curies":[{"name":"wp","href":"https:\/\/api.w.org\/{rel}","templated":true}]}}