{"id":22433,"date":"2020-12-10T20:00:00","date_gmt":"2020-12-10T19:00:00","guid":{"rendered":"https:\/\/www.gurit.com\/annonce-ad-hoc-calendrier-financier-de-gurit-2021\/"},"modified":"2020-12-10T20:00:00","modified_gmt":"2020-12-10T19:00:00","slug":"annonce-ad-hoc-calendrier-financier-de-gurit-2021","status":"publish","type":"post","link":"https:\/\/www.gurit.com\/fr\/annonce-ad-hoc-calendrier-financier-de-gurit-2021\/","title":{"rendered":"Annonce ad hoc &#8211; Calendrier financier de Gurit 2021"},"content":{"rendered":"<table class=\"tensid-wrapper\" cellpadding=\"0\" cellspacing=\"0\" border=\"0\" summary=\"\">\n<tr>\n<td valign=\"top\">\n<table class=\"tensid-whole_content\" cellpadding=\"0\" cellspacing=\"0\" border=\"0\" summary=\"\">\n<tr>\n<td valign=\"top\" class=\"tensid-heading\">\n<p style=\"margin: 0px; padding: 0px;\"><strong>Calendrier financier de Gurit 2021<\/strong><\/p>\n<p style=\"margin: 0px; padding: 0px;\">\n<\/td>\n<\/tr>\n<tr>\n<td valign=\"top\" class=\"tensid-spacer\">&nbsp;<\/td>\n<\/tr>\n<tr>\n<td valign=\"top\" class=\"tensid-lead\">\n<p style=\"margin: 0px; padding: 0px;\"><strong>Zurich, Suisse, 10 d\u00e9cembre 2020 &#8211; Gurit (SIX Swiss Exchange : GUR) a publi\u00e9 aujourd&rsquo;hui son calendrier financier pour l&rsquo;exercice 2021.<\/strong><\/p>\n<p style=\"margin: 0px; padding: 0px;\">\n<\/td>\n<\/tr>\n<tr>\n<td valign=\"top\" class=\"tensid-spacer\">&nbsp;<\/td>\n<\/tr>\n<tr>\n<td valign=\"top\" class=\"tensid-body\">\n<p style=\"text-align:justify;\">Les <strong>r\u00e9sultats pr\u00e9liminaires et non audit\u00e9s du chiffre d&rsquo;affaires net de 2020<\/strong> seront communiqu\u00e9s le <strong>29 janvier 2021<\/strong> apr\u00e8s 17h40 CET par le biais d&rsquo;un communiqu\u00e9 de presse. <\/p>\n<p style=\"margin: 0px; padding: 0px;\">\n<p style=\"text-align:justify;\">Gurit pr\u00e9sentera ses <strong>r\u00e9sultats annuels 2020<\/strong> le <strong>2 mars 2021<\/strong> en publiant un communiqu\u00e9 de presse \u00e0 07h00 CET. Le rapport annuel 2020 sera disponible sur le site web de Gurit \u00e0 l&rsquo;adresse <a href=\"http:\/\/www.gurit.com\/Investors\/Reports\">gurit2.3ddev.de\/Investors\/Reports<\/a><span style=\"color:black;\">.<\/span> La direction discutera \u00e9galement des r\u00e9sultats plus en d\u00e9tail lors d&rsquo;une <strong>conf\u00e9rence de presse et d&rsquo;une conf\u00e9rence d&rsquo;analystes<\/strong> conjointes le    <strong>2 mars 2021 \u00e0 09h00 CET <\/strong>. La conf\u00e9rence sera accessible en webcast via le lien suivant : <a href=\"https:\/\/www.gurit.com\/Investors\/Webcasts\">gurit2.3ddev.de\/Investors\/Webcasts<\/a><\/p>\n<p style=\"margin: 0px; padding: 0px;\">\n<p style=\"text-align:justify;\">L<strong>&lsquo;assembl\u00e9e g\u00e9n\u00e9rale ordinaire des actionnaires de 2021<\/strong> devrait avoir lieu le <strong>14 avril 2021, \u00e0 16h30<\/strong> <strong>CET<\/strong>, \u00e0 l&rsquo;h\u00f4tel Seedamm Plaza, Seedammstrasse 3, 8808 Pf\u00e4ffikon SZ, Suisse. Des informations connexes seront publi\u00e9es en ligne sur <a href=\"https:\/\/www.gurit.com\/Investors\/AGM\">gurit2.3ddev.de\/Investors\/AGM<\/a>. <\/p>\n<p style=\"margin: 0px; padding: 0px;\">\n<p style=\"text-align:justify;\">Les <strong>r\u00e9sultats du chiffre d&rsquo;affaires du premier trimestre 2021<\/strong> seront communiqu\u00e9s le <strong>14 avril 2021<\/strong>, <strong>apr\u00e8s la <\/strong> publication des <strong>r\u00e9sultats du premier trimestre 2021<\/strong>.  <strong>17:40 p.m. CET <\/strong>  par le biais d&rsquo;un communiqu\u00e9 de presse.<\/p>\n<p style=\"margin: 0px; padding: 0px;\">\n<p style=\"text-align:justify;\">Gurit publiera ses <strong>r\u00e9sultats semestriels pour 2021<\/strong> le <strong><span style=\"color:black;\">17 ao\u00fbt 2021<\/span><\/strong> en publiant un communiqu\u00e9 de presse \u00e0 07h00 CET. Au m\u00eame moment, Gurit publiera son premier rapport semestriel 2021 en ligne sur <a href=\"http:\/\/www.gurit.com\/Investors\/Reports\">gurit2.3ddev.de\/Investors\/Reports<\/a><span style=\"color:black;\">.<\/span> La direction discutera plus en d\u00e9tail des r\u00e9sultats lors d&rsquo;une conf\u00e9rence conjointe avec les m\u00e9dias et les analystes le    <strong><span style=\"color:black;\">17 ao\u00fbt 2021 \u00e0 09h00 CET <\/span><\/strong>. La conf\u00e9rence sera accessible en webcast.<\/p>\n<p style=\"margin: 0px; padding: 0px;\">\n<p style=\"text-align:justify;\">Une <strong>journ\u00e9e des march\u00e9s des capitaux<\/strong> sera organis\u00e9e dans les semaines qui suivront la publication des r\u00e9sultats semestriels, \u00e0 une date et dans un lieu qui restent \u00e0 confirmer.<\/p>\n<p style=\"margin: 0px; padding: 0px;\">\n<p style=\"text-align:justify;\"><strong>Les r\u00e9sultats du chiffre d&rsquo;affaires net du troisi\u00e8me trimestre et des neuf mois 2021<\/strong> seront communiqu\u00e9s le <strong>15 octobre 2021<\/strong> par le biais d&rsquo;un communiqu\u00e9 de presse.<\/p>\n<p style=\"margin: 0px; padding: 0px;\">\n<p style=\"margin: 0px; padding: 0px;\">\n<table border=\"1\" cellpadding=\"0\" cellspacing=\"0\" style=\"border-collapse:collapse; border:none;\">\n<tbody>\n<tr>\n<td colspan=\"2\" style=\"width:15.0cm; border:solid windowtext 1.0pt;\" valign=\"top\">\n<p style=\"margin: 0px; padding: 0px;\"><strong>  Calendrier financier 2021<\/strong><\/p>\n<\/td>\n<\/tr>\n<tr>\n<td style=\"width:136.1pt; border:solid windowtext 1.0pt; border-top:none;\" valign=\"top\">\n<p style=\"margin: 0px; padding: 0px;\">  29 janvier  <\/p>\n<\/td>\n<td style=\"width:289.15pt; border-top:none; border-left: none; border-bottom:solid windowtext 1.0pt; border-right:solid windowtext 1.0pt;\" valign=\"top\">\n<p style=\"margin: 0px; padding: 0px;\">  R\u00e9sultats pr\u00e9liminaires et non v\u00e9rifi\u00e9s du chiffre d&rsquo;affaires net pour 2020<\/p>\n<\/td>\n<\/tr>\n<tr>\n<td style=\"width:136.1pt; border:solid windowtext 1.0pt; border-top:none;\" valign=\"top\">\n<p style=\"margin: 0px; padding: 0px;\">  2 mars<\/p>\n<\/td>\n<td style=\"width:289.15pt; border-top:none; border-left: none; border-bottom:solid windowtext 1.0pt; border-right:solid windowtext 1.0pt;\" valign=\"top\">\n<p style=\"margin: 0px; padding: 0px;\">  R\u00e9sultats de l&rsquo;exercice 2020 Communiqu\u00e9 de presse<br \/> &amp; analystes \/ conf\u00e9rence de presse<\/p>\n<\/td>\n<\/tr>\n<tr>\n<td style=\"width:136.1pt; border:solid windowtext 1.0pt; border-top:none;\" valign=\"top\">\n<p style=\"margin: 0px; padding: 0px;\">  14 avril<\/p>\n<\/td>\n<td style=\"width:289.15pt; border-top:none; border-left: none; border-bottom:solid windowtext 1.0pt; border-right:solid windowtext 1.0pt;\" valign=\"top\">\n<p style=\"margin: 0px; padding: 0px;\">  Assembl\u00e9e g\u00e9n\u00e9rale annuelle et r\u00e9sultats des ventes nettes pour le premier trimestre 2021<\/p>\n<\/td>\n<\/tr>\n<tr>\n<td style=\"width:136.1pt; border:solid windowtext 1.0pt; border-top:none;\" valign=\"top\">\n<p style=\"margin: 0px; padding: 0px;\"><span style=\"color:black;\">  17 ao\u00fbt<\/span><\/p>\n<\/td>\n<td style=\"width:289.15pt; border-top:none; border-left: none; border-bottom:solid windowtext 1.0pt; border-right:solid windowtext 1.0pt;\" valign=\"top\">\n<p style=\"margin: 0px; padding: 0px;\">  Conf\u00e9rence de presse sur les r\u00e9sultats semestriels 2021<\/p>\n<\/td>\n<\/tr>\n<tr>\n<td style=\"width:136.1pt; border:solid windowtext 1.0pt; border-top:none;\" valign=\"top\">\n<p style=\"margin: 0px; padding: 0px;\"><span style=\"color:black;\">  Date \u00e0 confirmer :<\/span><\/p>\n<\/td>\n<td style=\"width:289.15pt; border-top:none; border-left: none; border-bottom:solid windowtext 1.0pt; border-right:solid windowtext 1.0pt;\" valign=\"top\">\n<p style=\"margin: 0px; padding: 0px;\">  Journ\u00e9e des march\u00e9s des capitaux<\/p>\n<\/td>\n<\/tr>\n<tr>\n<td style=\"width:136.1pt; border:solid windowtext 1.0pt; border-top:none;\" valign=\"top\">\n<p style=\"margin: 0px; padding: 0px;\"><span style=\"color:black;\">  15 octobre<\/span><\/p>\n<\/td>\n<td style=\"width:289.15pt; border-top:none; border-left: none; border-bottom:solid windowtext 1.0pt; border-right:solid windowtext 1.0pt;\" valign=\"top\">\n<p style=\"margin: 0px; padding: 0px;\">  R\u00e9sultats du chiffre d&rsquo;affaires net pour le troisi\u00e8me trimestre et les neuf premiers mois de 2021<\/p>\n<\/td>\n<\/tr>\n<\/tbody>\n<\/table>\n<p style=\"margin: 0px; padding: 0px;\">\n<p style=\"margin: 0px; padding: 0px;\">\n<p style=\"margin: 0px; padding: 0px;\">\n<\/td>\n<\/tr>\n<tr>\n<td valign=\"top\" class=\"tensid-spacer\">&nbsp;<\/td>\n<\/tr>\n<tr>\n<td valign=\"top\" class=\"tensid-footer\">\n<p style=\"margin: 0px; padding: 0px;\"><strong><span style=\"color:black;\">\u00c0 propos de Gurit :<\/span><\/strong><\/p>\n<p style=\"text-align:justify;\"><span style=\"color:black;\">Les filiales de Gurit Holding AG, Wattwil\/Suisse, (SIX Swiss Exchange : GUR) sont sp\u00e9cialis\u00e9es dans le d\u00e9veloppement et la fabrication de mat\u00e9riaux composites avanc\u00e9s, d&rsquo;\u00e9quipements d&rsquo;outillage pour les composites et de services d&rsquo;assemblage de noyaux. La gamme de produits comprend des mat\u00e9riaux de base structuraux, des pr\u00e9impr\u00e9gn\u00e9s renforc\u00e9s de fibres, des produits formul\u00e9s tels que des adh\u00e9sifs et des r\u00e9sines, ainsi que des services d&rsquo;ing\u00e9nierie des composites structuraux. Gurit approvisionne des march\u00e9s mondiaux en pleine croissance tels que l&rsquo;industrie des turbines \u00e9oliennes, l&rsquo;a\u00e9rospatiale, la marine, le rail et bien d&rsquo;autres encore. Gurit exploite des sites de production et des bureaux en Australie, au Canada, en Chine, au Danemark, en \u00c9quateur, en Allemagne, en Indon\u00e9sie, en Inde, en Italie, au Mexique, en Nouvelle-Z\u00e9lande, en Pologne, en Espagne, en Suisse, en Turquie, au Royaume-Uni et aux \u00c9tats-Unis.   <\/span><\/p>\n<p style=\"margin: 0px; padding: 0px;\"><span style=\"color:black;\">gurit2.3ddev.de\/  <\/span><\/p>\n<p style=\"margin: 0px; padding: 0px;\">\n<p style=\"margin: 0px; padding: 0px;\"><strong><span style=\"color:black;\">Communications du groupe Gurit<\/span><\/strong><\/p>\n<p style=\"margin: 0px; padding: 0px;\"><span style=\"color:black;\">Thomas Nauer<\/span><\/p>\n<p style=\"margin: 0px; padding: 0px;\"><span style=\"color:black;\">T\u00e9l\u00e9phone : +41 44 316 15 50 +41 44 316 15 50<\/span><\/p>\n<p style=\"margin: 0px; padding: 0px;\"><span style=\"color:black;\">E-mail. thomas.nauer (at) gurit.com <\/span><\/p>\n<p style=\"margin: 0px; padding: 0px;\">\n<p style=\"margin: 0px; padding: 0px;\">\n<p style=\"margin: 0px; padding: 0px;\"><span style=\"color:black;\">Toutes les marques commerciales utilis\u00e9es ou mentionn\u00e9es dans le pr\u00e9sent communiqu\u00e9 sont prot\u00e9g\u00e9es par la loi.<\/span><\/p>\n<p style=\"margin: 0px; padding: 0px;\">\n<p style=\"margin: 0px; padding: 0px;\"><strong><span style=\"color:black;\">D\u00e9clarations prospectives :<\/span><\/strong><\/p>\n<p style=\"text-align:justify;\"><span style=\"color:black;\">Dans la mesure o\u00f9 le pr\u00e9sent communiqu\u00e9 contient des d\u00e9clarations prospectives, celles-ci sont bas\u00e9es sur des hypoth\u00e8ses, des planifications et des pr\u00e9visions au moment de la publication du pr\u00e9sent communiqu\u00e9. Les d\u00e9clarations prospectives comportent toujours des incertitudes. Les risques et d\u00e9veloppements commerciaux et \u00e9conomiques, la conduite des concurrents, les d\u00e9cisions politiques et d&rsquo;autres facteurs peuvent faire en sorte que les r\u00e9sultats r\u00e9els soient mat\u00e9riellement diff\u00e9rents des hypoth\u00e8ses, des planifications et des pr\u00e9visions au moment de la publication de cette annonce. Par cons\u00e9quent, Gurit Holding AG n&rsquo;assume aucune responsabilit\u00e9 en ce qui concerne les d\u00e9clarations prospectives contenues dans le pr\u00e9sent communiqu\u00e9.<\/span><\/p>\n<p style=\"margin: 0px; padding: 0px;\">\n<\/td>\n<\/tr>\n<tr>\n<td valign=\"top\" class=\"tensid-spacer\">&nbsp;<\/td>\n<\/tr>\n<tr><\/tr>\n<\/table>\n<\/td>\n<\/tr>\n<\/table>\n","protected":false},"excerpt":{"rendered":"<p>Calendrier financier de Gurit 2021 &nbsp; Zurich, Suisse, 10 d\u00e9cembre 2020 &#8211; Gurit (SIX Swiss Exchange : GUR) a publi\u00e9 aujourd&rsquo;hui son calendrier financier pour l&rsquo;exercice 2021. &nbsp; Les r\u00e9sultats [&hellip;]<\/p>\n","protected":false},"author":1,"featured_media":0,"comment_status":"closed","ping_status":"closed","sticky":false,"template":"","format":"standard","meta":{"_et_pb_use_builder":"","_et_pb_old_content":"","_et_gb_content_width":"","footnotes":""},"categories":[82],"tags":[],"class_list":["post-22433","post","type-post","status-publish","format-standard","hentry","category-eqsadhoc"],"yoast_head":"<!-- This site is optimized with the Yoast SEO plugin v27.5 - https:\/\/yoast.com\/product\/yoast-seo-wordpress\/ -->\n<title>Annonce ad hoc - Calendrier financier de Gurit 2021 - Gurit.<\/title>\n<meta name=\"robots\" content=\"index, follow, max-snippet:-1, max-image-preview:large, max-video-preview:-1\" \/>\n<link rel=\"canonical\" href=\"https:\/\/www.gurit.com\/fr\/annonce-ad-hoc-calendrier-financier-de-gurit-2021\/\" \/>\n<meta property=\"og:locale\" content=\"fr_FR\" \/>\n<meta property=\"og:type\" content=\"article\" \/>\n<meta property=\"og:title\" content=\"Annonce ad hoc - Calendrier financier de Gurit 2021 - Gurit.\" \/>\n<meta property=\"og:description\" content=\"Calendrier financier de Gurit 2021 &nbsp; Zurich, Suisse, 10 d\u00e9cembre 2020 &#8211; Gurit (SIX Swiss Exchange : GUR) a publi\u00e9 aujourd&rsquo;hui son calendrier financier pour l&rsquo;exercice 2021. &nbsp; Les r\u00e9sultats [&hellip;]\" \/>\n<meta property=\"og:url\" content=\"https:\/\/www.gurit.com\/fr\/annonce-ad-hoc-calendrier-financier-de-gurit-2021\/\" \/>\n<meta property=\"og:site_name\" content=\"Gurit\" \/>\n<meta property=\"article:publisher\" content=\"https:\/\/www.facebook.com\/GuritGroup\" \/>\n<meta property=\"article:published_time\" content=\"2020-12-10T19:00:00+00:00\" \/>\n<meta name=\"author\" content=\"simplicate\" \/>\n<meta name=\"twitter:card\" content=\"summary_large_image\" \/>\n<meta name=\"twitter:creator\" content=\"@guritgroup\" \/>\n<meta name=\"twitter:site\" content=\"@guritgroup\" \/>\n<meta name=\"twitter:label1\" content=\"\u00c9crit par\" \/>\n\t<meta name=\"twitter:data1\" content=\"simplicate\" \/>\n\t<meta name=\"twitter:label2\" content=\"Dur\u00e9e de lecture estim\u00e9e\" \/>\n\t<meta name=\"twitter:data2\" content=\"4 minutes\" \/>\n<script type=\"application\/ld+json\" class=\"yoast-schema-graph\">{\"@context\":\"https:\\\/\\\/schema.org\",\"@graph\":[{\"@type\":\"Article\",\"@id\":\"https:\\\/\\\/www.gurit.com\\\/fr\\\/annonce-ad-hoc-calendrier-financier-de-gurit-2021\\\/#article\",\"isPartOf\":{\"@id\":\"https:\\\/\\\/www.gurit.com\\\/fr\\\/annonce-ad-hoc-calendrier-financier-de-gurit-2021\\\/\"},\"author\":{\"name\":\"simplicate\",\"@id\":\"https:\\\/\\\/www.gurit.com\\\/fr\\\/#\\\/schema\\\/person\\\/b119121c55c6dcf772cd743cf20ea81b\"},\"headline\":\"Annonce ad hoc &#8211; Calendrier financier de Gurit 2021\",\"datePublished\":\"2020-12-10T19:00:00+00:00\",\"mainEntityOfPage\":{\"@id\":\"https:\\\/\\\/www.gurit.com\\\/fr\\\/annonce-ad-hoc-calendrier-financier-de-gurit-2021\\\/\"},\"wordCount\":771,\"publisher\":{\"@id\":\"https:\\\/\\\/www.gurit.com\\\/fr\\\/#organization\"},\"articleSection\":[\"EQSadhoc\"],\"inLanguage\":\"fr-FR\"},{\"@type\":\"WebPage\",\"@id\":\"https:\\\/\\\/www.gurit.com\\\/fr\\\/annonce-ad-hoc-calendrier-financier-de-gurit-2021\\\/\",\"url\":\"https:\\\/\\\/www.gurit.com\\\/fr\\\/annonce-ad-hoc-calendrier-financier-de-gurit-2021\\\/\",\"name\":\"Annonce ad hoc - Calendrier financier de Gurit 2021 - Gurit.\",\"isPartOf\":{\"@id\":\"https:\\\/\\\/www.gurit.com\\\/fr\\\/#website\"},\"datePublished\":\"2020-12-10T19:00:00+00:00\",\"breadcrumb\":{\"@id\":\"https:\\\/\\\/www.gurit.com\\\/fr\\\/annonce-ad-hoc-calendrier-financier-de-gurit-2021\\\/#breadcrumb\"},\"inLanguage\":\"fr-FR\",\"potentialAction\":[{\"@type\":\"ReadAction\",\"target\":[\"https:\\\/\\\/www.gurit.com\\\/fr\\\/annonce-ad-hoc-calendrier-financier-de-gurit-2021\\\/\"]}]},{\"@type\":\"BreadcrumbList\",\"@id\":\"https:\\\/\\\/www.gurit.com\\\/fr\\\/annonce-ad-hoc-calendrier-financier-de-gurit-2021\\\/#breadcrumb\",\"itemListElement\":[{\"@type\":\"ListItem\",\"position\":1,\"name\":\"Startseite\",\"item\":\"https:\\\/\\\/www.gurit.com\\\/fr\\\/marches\\\/\"},{\"@type\":\"ListItem\",\"position\":2,\"name\":\"Annonce ad hoc &#8211; Calendrier financier de Gurit 2021\"}]},{\"@type\":\"WebSite\",\"@id\":\"https:\\\/\\\/www.gurit.com\\\/fr\\\/#website\",\"url\":\"https:\\\/\\\/www.gurit.com\\\/fr\\\/\",\"name\":\"Gurit\",\"description\":\"Composites avanc\u00e9s pour l'\u00e9nergie \u00e9olienne, la marine, la construction et d'autres industries\",\"publisher\":{\"@id\":\"https:\\\/\\\/www.gurit.com\\\/fr\\\/#organization\"},\"potentialAction\":[{\"@type\":\"SearchAction\",\"target\":{\"@type\":\"EntryPoint\",\"urlTemplate\":\"https:\\\/\\\/www.gurit.com\\\/fr\\\/?s={search_term_string}\"},\"query-input\":{\"@type\":\"PropertyValueSpecification\",\"valueRequired\":true,\"valueName\":\"search_term_string\"}}],\"inLanguage\":\"fr-FR\"},{\"@type\":\"Organization\",\"@id\":\"https:\\\/\\\/www.gurit.com\\\/fr\\\/#organization\",\"name\":\"Gurit\",\"url\":\"https:\\\/\\\/www.gurit.com\\\/fr\\\/\",\"logo\":{\"@type\":\"ImageObject\",\"inLanguage\":\"fr-FR\",\"@id\":\"https:\\\/\\\/www.gurit.com\\\/fr\\\/#\\\/schema\\\/logo\\\/image\\\/\",\"url\":\"https:\\\/\\\/www.gurit.com\\\/wp-content\\\/uploads\\\/2021\\\/12\\\/gurit-logo.png\",\"contentUrl\":\"https:\\\/\\\/www.gurit.com\\\/wp-content\\\/uploads\\\/2021\\\/12\\\/gurit-logo.png\",\"width\":262,\"height\":100,\"caption\":\"Gurit\"},\"image\":{\"@id\":\"https:\\\/\\\/www.gurit.com\\\/fr\\\/#\\\/schema\\\/logo\\\/image\\\/\"},\"sameAs\":[\"https:\\\/\\\/www.facebook.com\\\/GuritGroup\",\"https:\\\/\\\/x.com\\\/guritgroup\",\"https:\\\/\\\/www.linkedin.com\\\/company\\\/gurit\\\/\"]},{\"@type\":\"Person\",\"@id\":\"https:\\\/\\\/www.gurit.com\\\/fr\\\/#\\\/schema\\\/person\\\/b119121c55c6dcf772cd743cf20ea81b\",\"name\":\"simplicate\",\"image\":{\"@type\":\"ImageObject\",\"inLanguage\":\"fr-FR\",\"@id\":\"https:\\\/\\\/secure.gravatar.com\\\/avatar\\\/9a8f9ff1310a9be563f7bb74ad701c675616de3f72f797dc49f714eb54922b80?s=96&d=mm&r=g\",\"url\":\"https:\\\/\\\/secure.gravatar.com\\\/avatar\\\/9a8f9ff1310a9be563f7bb74ad701c675616de3f72f797dc49f714eb54922b80?s=96&d=mm&r=g\",\"contentUrl\":\"https:\\\/\\\/secure.gravatar.com\\\/avatar\\\/9a8f9ff1310a9be563f7bb74ad701c675616de3f72f797dc49f714eb54922b80?s=96&d=mm&r=g\",\"caption\":\"simplicate\"},\"sameAs\":[\"http:\\\/\\\/gurit.simplicate.de\"],\"url\":\"https:\\\/\\\/www.gurit.com\\\/fr\\\/author\\\/simplicate_gur\\\/\"}]}<\/script>\n<!-- \/ Yoast SEO plugin. -->","yoast_head_json":{"title":"Annonce ad hoc - Calendrier financier de Gurit 2021 - Gurit.","robots":{"index":"index","follow":"follow","max-snippet":"max-snippet:-1","max-image-preview":"max-image-preview:large","max-video-preview":"max-video-preview:-1"},"canonical":"https:\/\/www.gurit.com\/fr\/annonce-ad-hoc-calendrier-financier-de-gurit-2021\/","og_locale":"fr_FR","og_type":"article","og_title":"Annonce ad hoc - Calendrier financier de Gurit 2021 - Gurit.","og_description":"Calendrier financier de Gurit 2021 &nbsp; Zurich, Suisse, 10 d\u00e9cembre 2020 &#8211; Gurit (SIX Swiss Exchange : GUR) a publi\u00e9 aujourd&rsquo;hui son calendrier financier pour l&rsquo;exercice 2021. &nbsp; Les r\u00e9sultats [&hellip;]","og_url":"https:\/\/www.gurit.com\/fr\/annonce-ad-hoc-calendrier-financier-de-gurit-2021\/","og_site_name":"Gurit","article_publisher":"https:\/\/www.facebook.com\/GuritGroup","article_published_time":"2020-12-10T19:00:00+00:00","author":"simplicate","twitter_card":"summary_large_image","twitter_creator":"@guritgroup","twitter_site":"@guritgroup","twitter_misc":{"\u00c9crit par":"simplicate","Dur\u00e9e de lecture estim\u00e9e":"4 minutes"},"schema":{"@context":"https:\/\/schema.org","@graph":[{"@type":"Article","@id":"https:\/\/www.gurit.com\/fr\/annonce-ad-hoc-calendrier-financier-de-gurit-2021\/#article","isPartOf":{"@id":"https:\/\/www.gurit.com\/fr\/annonce-ad-hoc-calendrier-financier-de-gurit-2021\/"},"author":{"name":"simplicate","@id":"https:\/\/www.gurit.com\/fr\/#\/schema\/person\/b119121c55c6dcf772cd743cf20ea81b"},"headline":"Annonce ad hoc &#8211; Calendrier financier de Gurit 2021","datePublished":"2020-12-10T19:00:00+00:00","mainEntityOfPage":{"@id":"https:\/\/www.gurit.com\/fr\/annonce-ad-hoc-calendrier-financier-de-gurit-2021\/"},"wordCount":771,"publisher":{"@id":"https:\/\/www.gurit.com\/fr\/#organization"},"articleSection":["EQSadhoc"],"inLanguage":"fr-FR"},{"@type":"WebPage","@id":"https:\/\/www.gurit.com\/fr\/annonce-ad-hoc-calendrier-financier-de-gurit-2021\/","url":"https:\/\/www.gurit.com\/fr\/annonce-ad-hoc-calendrier-financier-de-gurit-2021\/","name":"Annonce ad hoc - Calendrier financier de Gurit 2021 - Gurit.","isPartOf":{"@id":"https:\/\/www.gurit.com\/fr\/#website"},"datePublished":"2020-12-10T19:00:00+00:00","breadcrumb":{"@id":"https:\/\/www.gurit.com\/fr\/annonce-ad-hoc-calendrier-financier-de-gurit-2021\/#breadcrumb"},"inLanguage":"fr-FR","potentialAction":[{"@type":"ReadAction","target":["https:\/\/www.gurit.com\/fr\/annonce-ad-hoc-calendrier-financier-de-gurit-2021\/"]}]},{"@type":"BreadcrumbList","@id":"https:\/\/www.gurit.com\/fr\/annonce-ad-hoc-calendrier-financier-de-gurit-2021\/#breadcrumb","itemListElement":[{"@type":"ListItem","position":1,"name":"Startseite","item":"https:\/\/www.gurit.com\/fr\/marches\/"},{"@type":"ListItem","position":2,"name":"Annonce ad hoc &#8211; Calendrier financier de Gurit 2021"}]},{"@type":"WebSite","@id":"https:\/\/www.gurit.com\/fr\/#website","url":"https:\/\/www.gurit.com\/fr\/","name":"Gurit","description":"Composites avanc\u00e9s pour l'\u00e9nergie \u00e9olienne, la marine, la construction et d'autres industries","publisher":{"@id":"https:\/\/www.gurit.com\/fr\/#organization"},"potentialAction":[{"@type":"SearchAction","target":{"@type":"EntryPoint","urlTemplate":"https:\/\/www.gurit.com\/fr\/?s={search_term_string}"},"query-input":{"@type":"PropertyValueSpecification","valueRequired":true,"valueName":"search_term_string"}}],"inLanguage":"fr-FR"},{"@type":"Organization","@id":"https:\/\/www.gurit.com\/fr\/#organization","name":"Gurit","url":"https:\/\/www.gurit.com\/fr\/","logo":{"@type":"ImageObject","inLanguage":"fr-FR","@id":"https:\/\/www.gurit.com\/fr\/#\/schema\/logo\/image\/","url":"https:\/\/www.gurit.com\/wp-content\/uploads\/2021\/12\/gurit-logo.png","contentUrl":"https:\/\/www.gurit.com\/wp-content\/uploads\/2021\/12\/gurit-logo.png","width":262,"height":100,"caption":"Gurit"},"image":{"@id":"https:\/\/www.gurit.com\/fr\/#\/schema\/logo\/image\/"},"sameAs":["https:\/\/www.facebook.com\/GuritGroup","https:\/\/x.com\/guritgroup","https:\/\/www.linkedin.com\/company\/gurit\/"]},{"@type":"Person","@id":"https:\/\/www.gurit.com\/fr\/#\/schema\/person\/b119121c55c6dcf772cd743cf20ea81b","name":"simplicate","image":{"@type":"ImageObject","inLanguage":"fr-FR","@id":"https:\/\/secure.gravatar.com\/avatar\/9a8f9ff1310a9be563f7bb74ad701c675616de3f72f797dc49f714eb54922b80?s=96&d=mm&r=g","url":"https:\/\/secure.gravatar.com\/avatar\/9a8f9ff1310a9be563f7bb74ad701c675616de3f72f797dc49f714eb54922b80?s=96&d=mm&r=g","contentUrl":"https:\/\/secure.gravatar.com\/avatar\/9a8f9ff1310a9be563f7bb74ad701c675616de3f72f797dc49f714eb54922b80?s=96&d=mm&r=g","caption":"simplicate"},"sameAs":["http:\/\/gurit.simplicate.de"],"url":"https:\/\/www.gurit.com\/fr\/author\/simplicate_gur\/"}]}},"_links":{"self":[{"href":"https:\/\/www.gurit.com\/fr\/wp-json\/wp\/v2\/posts\/22433","targetHints":{"allow":["GET"]}}],"collection":[{"href":"https:\/\/www.gurit.com\/fr\/wp-json\/wp\/v2\/posts"}],"about":[{"href":"https:\/\/www.gurit.com\/fr\/wp-json\/wp\/v2\/types\/post"}],"author":[{"embeddable":true,"href":"https:\/\/www.gurit.com\/fr\/wp-json\/wp\/v2\/users\/1"}],"replies":[{"embeddable":true,"href":"https:\/\/www.gurit.com\/fr\/wp-json\/wp\/v2\/comments?post=22433"}],"version-history":[{"count":0,"href":"https:\/\/www.gurit.com\/fr\/wp-json\/wp\/v2\/posts\/22433\/revisions"}],"wp:attachment":[{"href":"https:\/\/www.gurit.com\/fr\/wp-json\/wp\/v2\/media?parent=22433"}],"wp:term":[{"taxonomy":"category","embeddable":true,"href":"https:\/\/www.gurit.com\/fr\/wp-json\/wp\/v2\/categories?post=22433"},{"taxonomy":"post_tag","embeddable":true,"href":"https:\/\/www.gurit.com\/fr\/wp-json\/wp\/v2\/tags?post=22433"}],"curies":[{"name":"wp","href":"https:\/\/api.w.org\/{rel}","templated":true}]}}