{"id":22442,"date":"2022-01-24T17:16:16","date_gmt":"2022-01-24T16:16:16","guid":{"rendered":"https:\/\/www.gurit.com\/annonce-ad-hoc-gurit-propose-la-candidature-dandreas-evertz-a-son-conseil-dadministration\/"},"modified":"2022-01-24T17:16:16","modified_gmt":"2022-01-24T16:16:16","slug":"annonce-ad-hoc-gurit-propose-la-candidature-dandreas-evertz-a-son-conseil-dadministration","status":"publish","type":"post","link":"https:\/\/www.gurit.com\/fr\/annonce-ad-hoc-gurit-propose-la-candidature-dandreas-evertz-a-son-conseil-dadministration\/","title":{"rendered":"Annonce ad hoc &#8211; Gurit propose la candidature d&rsquo;Andreas Evertz \u00e0 son conseil d&rsquo;administration"},"content":{"rendered":"<table class=\"news_layout style2015\" border=\"0\" cellpadding=\"0\" cellspacing=\"0\">\n<tr>\n<td>\n<div class=\"break-word news_main\">\n<div id=\"b112d7a5-9fc0-4bee-b6b4-a98b99ed573c\" markup=\"content\">\n<p><span><span><span><span>Zurich<\/span>, le<span> 24 janvier 2022<\/span> &#8211; Annonce ad hoc conform\u00e9ment \u00e0 l&rsquo;art. 53 LR<\/span><\/span><\/span><\/p>\n<p><span><span><b><span>Gurit (SIX Swiss Exchange : GUR) a annonc\u00e9 aujourd&rsquo;hui <\/span><span lang=\"EN-US\"><span>annonc\u00e9 que l&rsquo;\u00e9lection d&rsquo;Andreas Evertz en tant que membre du conseil d&rsquo;administration sera propos\u00e9e lors de l&rsquo;assembl\u00e9e g\u00e9n\u00e9rale du 20 avril 2022.<\/span><\/span><\/b><\/span><\/span><\/p>\n<\/div>\n<div id=\"b0aad4e1-79cf-4af4-9345-b1fbea4047ab\" markup=\"content\">\n<p><span><span><span><span><span>Andreas Evertz, de nationalit\u00e9 allemande, est PDG du fournisseur de syst\u00e8mes d&rsquo;\u00e9oliennes Flender depuis 2020, apr\u00e8s avoir occup\u00e9 les fonctions de PDG et de pr\u00e9sident dans des entreprises industrielles mondiales telles que Schenck Process Holding GmbH, Sandvik Machining Solutions et Walter AG. N\u00e9 en 1969, il est titulaire d&rsquo;un dipl\u00f4me d&rsquo;ing\u00e9nieur en m\u00e9canique de l&rsquo;Universit\u00e9 des forces arm\u00e9es f\u00e9d\u00e9rales allemandes \u00e0 Hambourg. <\/span><\/span><\/span><\/span><\/span><\/p>\n<p><span><span><span><span><span>Il est propos\u00e9 qu&rsquo;Andreas Evertz rejoigne le conseil d&rsquo;administration \u00e0 la suite du d\u00e9part de Peter Leupp, actuel pr\u00e9sident du conseil d&rsquo;administration. Conform\u00e9ment au plan de succession \u00e0 long terme annonc\u00e9 le 23 avril 2020, Rudolf Hadorn, membre actuel du conseil d&rsquo;administration, se pr\u00e9sentera \u00e0 l&rsquo;\u00e9lection au poste de pr\u00e9sident du conseil d&rsquo;administration. Le nombre de membres du conseil d&rsquo;administration restera inchang\u00e9 \u00e0 six.  <\/span><\/span><\/span><\/span><\/span><\/p>\n<p><span><span><span><span><span>Andreas Evertz, qui a fait ses preuves dans des entreprises industrielles actives \u00e0 l&rsquo;\u00e9chelle mondiale, est un ajout bienvenu au conseil d&rsquo;administration, auquel il s&rsquo;int\u00e8gre parfaitement\u00a0\u00bb, a d\u00e9clar\u00e9 Peter Leupp, pr\u00e9sident du conseil d&rsquo;administration de Gurit. Ses r\u00e9alisations professionnelles et universitaires s&rsquo;inscrivent parfaitement dans notre orientation strat\u00e9gique. Son exp\u00e9rience et ses connaissances de l&rsquo;industrie \u00e9olienne renforceront notre position actuelle sur le march\u00e9 de l&rsquo;\u00e9olien. <\/span><\/span><\/span><\/span><\/span><\/p>\n<\/div>\n<div id=\"c7076492-f88e-48a9-ac94-336dc2071f2a\" markup=\"content\">\n<p><span><span><span><strong>\u00c0 propos de Gurit<\/strong><\/span><\/span><br \/><span><span>Les filiales de Gurit Holding AG, Wattwil\/Suisse, (SIX Swiss Exchange : GUR) sont sp\u00e9cialis\u00e9es dans le d\u00e9veloppement et la fabrication de mat\u00e9riaux composites avanc\u00e9s, d&rsquo;\u00e9quipements d&rsquo;outillage pour les composites et de services d&rsquo;assemblage de noyaux. La gamme de produits comprend des mat\u00e9riaux de base structurels, des pr\u00e9impr\u00e9gn\u00e9s renforc\u00e9s de fibres, des produits formul\u00e9s tels que des adh\u00e9sifs et des r\u00e9sines, ainsi que l&rsquo;ing\u00e9nierie des composites structurels. Gurit approvisionne des march\u00e9s mondiaux en pleine croissance tels que l&rsquo;industrie des turbines \u00e9oliennes, l&rsquo;a\u00e9rospatiale, la marine, le rail et bien d&rsquo;autres encore. Gurit exploite des sites de production et des bureaux en Australie, au Canada, en Chine, au Danemark, en \u00c9quateur, en Allemagne, en Inde, en Italie, au Mexique, en Nouvelle-Z\u00e9lande, en Pologne, en Espagne, en Suisse, en Turquie, au Royaume-Uni et aux \u00c9tats-Unis.     <\/span><\/span><br \/><span><span>gurit2.3ddev.de\/<\/span><\/span><\/span><\/p>\n<\/div>\n<div id=\"05a221c8-fe3a-4f2f-aa9b-3452eaf3ae3b\" markup=\"content\">\n<p><span><span><span>Toutes les marques commerciales utilis\u00e9es ou mentionn\u00e9es dans le pr\u00e9sent communiqu\u00e9 sont prot\u00e9g\u00e9es par la loi.<\/span><\/span><\/span><\/p>\n<p class=\"MsoNoSpacing\"><span><span><span><strong>D\u00e9clarations prospectives :<\/strong><b> <\/b><br \/>Dans la mesure o\u00f9 cette annonce contient des d\u00e9clarations prospectives, celles-ci sont bas\u00e9es sur des hypoth\u00e8ses, des planifications et des pr\u00e9visions au moment de la publication de cette annonce. Les d\u00e9clarations prospectives comportent toujours des incertitudes. Les risques et d\u00e9veloppements commerciaux et \u00e9conomiques, la conduite des concurrents, les d\u00e9cisions politiques et d&rsquo;autres facteurs peuvent faire en sorte que les r\u00e9sultats r\u00e9els soient mat\u00e9riellement diff\u00e9rents des hypoth\u00e8ses, des planifications et des pr\u00e9visions au moment de la publication de cette annonce. Par cons\u00e9quent, Gurit Holding AG n&rsquo;assume aucune responsabilit\u00e9 en ce qui concerne les d\u00e9clarations prospectives contenues dans le pr\u00e9sent communiqu\u00e9.<\/span><\/span><\/span><\/p>\n<\/div>\n<\/div>\n<p><img loading=\"lazy\" decoding=\"async\" src=\"https:\/\/eqs-cockpit.com\/cgi-bin\/fncls.ssp?fn=show_t_gif&amp;application_id=1272235&amp;application_name=news&amp;site_id=news_data\" alt=\"montrer ceci\" width=\"0\" height=\"0\" border=\"0\"><\/p>\n","protected":false},"excerpt":{"rendered":"<p>Zurich, le 24 janvier 2022 &#8211; Annonce ad hoc conform\u00e9ment \u00e0 l&rsquo;art. 53 LR Gurit (SIX Swiss Exchange : GUR) a annonc\u00e9 aujourd&rsquo;hui annonc\u00e9 que l&rsquo;\u00e9lection d&rsquo;Andreas Evertz en tant [&hellip;]<\/p>\n","protected":false},"author":1,"featured_media":0,"comment_status":"closed","ping_status":"closed","sticky":false,"template":"","format":"standard","meta":{"_et_pb_use_builder":"","_et_pb_old_content":"","_et_gb_content_width":"","footnotes":""},"categories":[82],"tags":[],"class_list":["post-22442","post","type-post","status-publish","format-standard","hentry","category-eqsadhoc"],"yoast_head":"<!-- This site is optimized with the Yoast SEO plugin v27.5 - https:\/\/yoast.com\/product\/yoast-seo-wordpress\/ -->\n<title>Annonce ad hoc - Gurit propose la candidature d&#039;Andreas Evertz \u00e0 son conseil d&#039;administration - Gurit.<\/title>\n<meta name=\"robots\" content=\"index, follow, max-snippet:-1, max-image-preview:large, max-video-preview:-1\" \/>\n<link rel=\"canonical\" href=\"https:\/\/www.gurit.com\/fr\/annonce-ad-hoc-gurit-propose-la-candidature-dandreas-evertz-a-son-conseil-dadministration\/\" \/>\n<meta property=\"og:locale\" content=\"fr_FR\" \/>\n<meta property=\"og:type\" content=\"article\" \/>\n<meta property=\"og:title\" content=\"Annonce ad hoc - Gurit propose la candidature d&#039;Andreas Evertz \u00e0 son conseil d&#039;administration - Gurit.\" \/>\n<meta property=\"og:description\" content=\"Zurich, le 24 janvier 2022 &#8211; Annonce ad hoc conform\u00e9ment \u00e0 l&rsquo;art. 53 LR Gurit (SIX Swiss Exchange : GUR) a annonc\u00e9 aujourd&rsquo;hui annonc\u00e9 que l&rsquo;\u00e9lection d&rsquo;Andreas Evertz en tant [&hellip;]\" \/>\n<meta property=\"og:url\" content=\"https:\/\/www.gurit.com\/fr\/annonce-ad-hoc-gurit-propose-la-candidature-dandreas-evertz-a-son-conseil-dadministration\/\" \/>\n<meta property=\"og:site_name\" content=\"Gurit\" \/>\n<meta property=\"article:publisher\" content=\"https:\/\/www.facebook.com\/GuritGroup\" \/>\n<meta property=\"article:published_time\" content=\"2022-01-24T16:16:16+00:00\" \/>\n<meta property=\"og:image\" content=\"https:\/\/eqs-cockpit.com\/cgi-bin\/fncls.ssp?fn=show_t_gif&amp;application_id=1272235&amp;application_name=news&amp;site_id=news_data\" \/>\n<meta name=\"author\" content=\"simplicate\" \/>\n<meta name=\"twitter:card\" content=\"summary_large_image\" \/>\n<meta name=\"twitter:creator\" content=\"@guritgroup\" \/>\n<meta name=\"twitter:site\" content=\"@guritgroup\" \/>\n<meta name=\"twitter:label1\" content=\"\u00c9crit par\" \/>\n\t<meta name=\"twitter:data1\" content=\"simplicate\" \/>\n\t<meta name=\"twitter:label2\" content=\"Dur\u00e9e de lecture estim\u00e9e\" \/>\n\t<meta name=\"twitter:data2\" content=\"3 minutes\" \/>\n<script type=\"application\/ld+json\" class=\"yoast-schema-graph\">{\"@context\":\"https:\\\/\\\/schema.org\",\"@graph\":[{\"@type\":\"Article\",\"@id\":\"https:\\\/\\\/www.gurit.com\\\/fr\\\/annonce-ad-hoc-gurit-propose-la-candidature-dandreas-evertz-a-son-conseil-dadministration\\\/#article\",\"isPartOf\":{\"@id\":\"https:\\\/\\\/www.gurit.com\\\/fr\\\/annonce-ad-hoc-gurit-propose-la-candidature-dandreas-evertz-a-son-conseil-dadministration\\\/\"},\"author\":{\"name\":\"simplicate\",\"@id\":\"https:\\\/\\\/www.gurit.com\\\/fr\\\/#\\\/schema\\\/person\\\/b119121c55c6dcf772cd743cf20ea81b\"},\"headline\":\"Annonce ad hoc &#8211; Gurit propose la candidature d&rsquo;Andreas Evertz \u00e0 son conseil d&rsquo;administration\",\"datePublished\":\"2022-01-24T16:16:16+00:00\",\"mainEntityOfPage\":{\"@id\":\"https:\\\/\\\/www.gurit.com\\\/fr\\\/annonce-ad-hoc-gurit-propose-la-candidature-dandreas-evertz-a-son-conseil-dadministration\\\/\"},\"wordCount\":584,\"publisher\":{\"@id\":\"https:\\\/\\\/www.gurit.com\\\/fr\\\/#organization\"},\"image\":{\"@id\":\"https:\\\/\\\/www.gurit.com\\\/fr\\\/annonce-ad-hoc-gurit-propose-la-candidature-dandreas-evertz-a-son-conseil-dadministration\\\/#primaryimage\"},\"thumbnailUrl\":\"https:\\\/\\\/eqs-cockpit.com\\\/cgi-bin\\\/fncls.ssp?fn=show_t_gif&amp;application_id=1272235&amp;application_name=news&amp;site_id=news_data\",\"articleSection\":[\"EQSadhoc\"],\"inLanguage\":\"fr-FR\"},{\"@type\":\"WebPage\",\"@id\":\"https:\\\/\\\/www.gurit.com\\\/fr\\\/annonce-ad-hoc-gurit-propose-la-candidature-dandreas-evertz-a-son-conseil-dadministration\\\/\",\"url\":\"https:\\\/\\\/www.gurit.com\\\/fr\\\/annonce-ad-hoc-gurit-propose-la-candidature-dandreas-evertz-a-son-conseil-dadministration\\\/\",\"name\":\"Annonce ad hoc - Gurit propose la candidature d'Andreas Evertz \u00e0 son conseil d'administration - Gurit.\",\"isPartOf\":{\"@id\":\"https:\\\/\\\/www.gurit.com\\\/fr\\\/#website\"},\"primaryImageOfPage\":{\"@id\":\"https:\\\/\\\/www.gurit.com\\\/fr\\\/annonce-ad-hoc-gurit-propose-la-candidature-dandreas-evertz-a-son-conseil-dadministration\\\/#primaryimage\"},\"image\":{\"@id\":\"https:\\\/\\\/www.gurit.com\\\/fr\\\/annonce-ad-hoc-gurit-propose-la-candidature-dandreas-evertz-a-son-conseil-dadministration\\\/#primaryimage\"},\"thumbnailUrl\":\"https:\\\/\\\/eqs-cockpit.com\\\/cgi-bin\\\/fncls.ssp?fn=show_t_gif&amp;application_id=1272235&amp;application_name=news&amp;site_id=news_data\",\"datePublished\":\"2022-01-24T16:16:16+00:00\",\"breadcrumb\":{\"@id\":\"https:\\\/\\\/www.gurit.com\\\/fr\\\/annonce-ad-hoc-gurit-propose-la-candidature-dandreas-evertz-a-son-conseil-dadministration\\\/#breadcrumb\"},\"inLanguage\":\"fr-FR\",\"potentialAction\":[{\"@type\":\"ReadAction\",\"target\":[\"https:\\\/\\\/www.gurit.com\\\/fr\\\/annonce-ad-hoc-gurit-propose-la-candidature-dandreas-evertz-a-son-conseil-dadministration\\\/\"]}]},{\"@type\":\"ImageObject\",\"inLanguage\":\"fr-FR\",\"@id\":\"https:\\\/\\\/www.gurit.com\\\/fr\\\/annonce-ad-hoc-gurit-propose-la-candidature-dandreas-evertz-a-son-conseil-dadministration\\\/#primaryimage\",\"url\":\"https:\\\/\\\/eqs-cockpit.com\\\/cgi-bin\\\/fncls.ssp?fn=show_t_gif&amp;application_id=1272235&amp;application_name=news&amp;site_id=news_data\",\"contentUrl\":\"https:\\\/\\\/eqs-cockpit.com\\\/cgi-bin\\\/fncls.ssp?fn=show_t_gif&amp;application_id=1272235&amp;application_name=news&amp;site_id=news_data\"},{\"@type\":\"BreadcrumbList\",\"@id\":\"https:\\\/\\\/www.gurit.com\\\/fr\\\/annonce-ad-hoc-gurit-propose-la-candidature-dandreas-evertz-a-son-conseil-dadministration\\\/#breadcrumb\",\"itemListElement\":[{\"@type\":\"ListItem\",\"position\":1,\"name\":\"Startseite\",\"item\":\"https:\\\/\\\/www.gurit.com\\\/fr\\\/marches\\\/\"},{\"@type\":\"ListItem\",\"position\":2,\"name\":\"Annonce ad hoc &#8211; Gurit propose la candidature d&#8217;Andreas Evertz \u00e0 son conseil d&#8217;administration\"}]},{\"@type\":\"WebSite\",\"@id\":\"https:\\\/\\\/www.gurit.com\\\/fr\\\/#website\",\"url\":\"https:\\\/\\\/www.gurit.com\\\/fr\\\/\",\"name\":\"Gurit\",\"description\":\"Composites avanc\u00e9s pour l'\u00e9nergie \u00e9olienne, la marine, la construction et d'autres industries\",\"publisher\":{\"@id\":\"https:\\\/\\\/www.gurit.com\\\/fr\\\/#organization\"},\"potentialAction\":[{\"@type\":\"SearchAction\",\"target\":{\"@type\":\"EntryPoint\",\"urlTemplate\":\"https:\\\/\\\/www.gurit.com\\\/fr\\\/?s={search_term_string}\"},\"query-input\":{\"@type\":\"PropertyValueSpecification\",\"valueRequired\":true,\"valueName\":\"search_term_string\"}}],\"inLanguage\":\"fr-FR\"},{\"@type\":\"Organization\",\"@id\":\"https:\\\/\\\/www.gurit.com\\\/fr\\\/#organization\",\"name\":\"Gurit\",\"url\":\"https:\\\/\\\/www.gurit.com\\\/fr\\\/\",\"logo\":{\"@type\":\"ImageObject\",\"inLanguage\":\"fr-FR\",\"@id\":\"https:\\\/\\\/www.gurit.com\\\/fr\\\/#\\\/schema\\\/logo\\\/image\\\/\",\"url\":\"https:\\\/\\\/www.gurit.com\\\/wp-content\\\/uploads\\\/2021\\\/12\\\/gurit-logo.png\",\"contentUrl\":\"https:\\\/\\\/www.gurit.com\\\/wp-content\\\/uploads\\\/2021\\\/12\\\/gurit-logo.png\",\"width\":262,\"height\":100,\"caption\":\"Gurit\"},\"image\":{\"@id\":\"https:\\\/\\\/www.gurit.com\\\/fr\\\/#\\\/schema\\\/logo\\\/image\\\/\"},\"sameAs\":[\"https:\\\/\\\/www.facebook.com\\\/GuritGroup\",\"https:\\\/\\\/x.com\\\/guritgroup\",\"https:\\\/\\\/www.linkedin.com\\\/company\\\/gurit\\\/\"]},{\"@type\":\"Person\",\"@id\":\"https:\\\/\\\/www.gurit.com\\\/fr\\\/#\\\/schema\\\/person\\\/b119121c55c6dcf772cd743cf20ea81b\",\"name\":\"simplicate\",\"image\":{\"@type\":\"ImageObject\",\"inLanguage\":\"fr-FR\",\"@id\":\"https:\\\/\\\/secure.gravatar.com\\\/avatar\\\/9a8f9ff1310a9be563f7bb74ad701c675616de3f72f797dc49f714eb54922b80?s=96&d=mm&r=g\",\"url\":\"https:\\\/\\\/secure.gravatar.com\\\/avatar\\\/9a8f9ff1310a9be563f7bb74ad701c675616de3f72f797dc49f714eb54922b80?s=96&d=mm&r=g\",\"contentUrl\":\"https:\\\/\\\/secure.gravatar.com\\\/avatar\\\/9a8f9ff1310a9be563f7bb74ad701c675616de3f72f797dc49f714eb54922b80?s=96&d=mm&r=g\",\"caption\":\"simplicate\"},\"sameAs\":[\"http:\\\/\\\/gurit.simplicate.de\"],\"url\":\"https:\\\/\\\/www.gurit.com\\\/fr\\\/author\\\/simplicate_gur\\\/\"}]}<\/script>\n<!-- \/ Yoast SEO plugin. -->","yoast_head_json":{"title":"Annonce ad hoc - Gurit propose la candidature d'Andreas Evertz \u00e0 son conseil d'administration - Gurit.","robots":{"index":"index","follow":"follow","max-snippet":"max-snippet:-1","max-image-preview":"max-image-preview:large","max-video-preview":"max-video-preview:-1"},"canonical":"https:\/\/www.gurit.com\/fr\/annonce-ad-hoc-gurit-propose-la-candidature-dandreas-evertz-a-son-conseil-dadministration\/","og_locale":"fr_FR","og_type":"article","og_title":"Annonce ad hoc - Gurit propose la candidature d'Andreas Evertz \u00e0 son conseil d'administration - Gurit.","og_description":"Zurich, le 24 janvier 2022 &#8211; Annonce ad hoc conform\u00e9ment \u00e0 l&rsquo;art. 53 LR Gurit (SIX Swiss Exchange : GUR) a annonc\u00e9 aujourd&rsquo;hui annonc\u00e9 que l&rsquo;\u00e9lection d&rsquo;Andreas Evertz en tant [&hellip;]","og_url":"https:\/\/www.gurit.com\/fr\/annonce-ad-hoc-gurit-propose-la-candidature-dandreas-evertz-a-son-conseil-dadministration\/","og_site_name":"Gurit","article_publisher":"https:\/\/www.facebook.com\/GuritGroup","article_published_time":"2022-01-24T16:16:16+00:00","og_image":[{"url":"https:\/\/eqs-cockpit.com\/cgi-bin\/fncls.ssp?fn=show_t_gif&amp;application_id=1272235&amp;application_name=news&amp;site_id=news_data","type":"","width":"","height":""}],"author":"simplicate","twitter_card":"summary_large_image","twitter_creator":"@guritgroup","twitter_site":"@guritgroup","twitter_misc":{"\u00c9crit par":"simplicate","Dur\u00e9e de lecture estim\u00e9e":"3 minutes"},"schema":{"@context":"https:\/\/schema.org","@graph":[{"@type":"Article","@id":"https:\/\/www.gurit.com\/fr\/annonce-ad-hoc-gurit-propose-la-candidature-dandreas-evertz-a-son-conseil-dadministration\/#article","isPartOf":{"@id":"https:\/\/www.gurit.com\/fr\/annonce-ad-hoc-gurit-propose-la-candidature-dandreas-evertz-a-son-conseil-dadministration\/"},"author":{"name":"simplicate","@id":"https:\/\/www.gurit.com\/fr\/#\/schema\/person\/b119121c55c6dcf772cd743cf20ea81b"},"headline":"Annonce ad hoc &#8211; Gurit propose la candidature d&rsquo;Andreas Evertz \u00e0 son conseil d&rsquo;administration","datePublished":"2022-01-24T16:16:16+00:00","mainEntityOfPage":{"@id":"https:\/\/www.gurit.com\/fr\/annonce-ad-hoc-gurit-propose-la-candidature-dandreas-evertz-a-son-conseil-dadministration\/"},"wordCount":584,"publisher":{"@id":"https:\/\/www.gurit.com\/fr\/#organization"},"image":{"@id":"https:\/\/www.gurit.com\/fr\/annonce-ad-hoc-gurit-propose-la-candidature-dandreas-evertz-a-son-conseil-dadministration\/#primaryimage"},"thumbnailUrl":"https:\/\/eqs-cockpit.com\/cgi-bin\/fncls.ssp?fn=show_t_gif&amp;application_id=1272235&amp;application_name=news&amp;site_id=news_data","articleSection":["EQSadhoc"],"inLanguage":"fr-FR"},{"@type":"WebPage","@id":"https:\/\/www.gurit.com\/fr\/annonce-ad-hoc-gurit-propose-la-candidature-dandreas-evertz-a-son-conseil-dadministration\/","url":"https:\/\/www.gurit.com\/fr\/annonce-ad-hoc-gurit-propose-la-candidature-dandreas-evertz-a-son-conseil-dadministration\/","name":"Annonce ad hoc - Gurit propose la candidature d'Andreas Evertz \u00e0 son conseil d'administration - Gurit.","isPartOf":{"@id":"https:\/\/www.gurit.com\/fr\/#website"},"primaryImageOfPage":{"@id":"https:\/\/www.gurit.com\/fr\/annonce-ad-hoc-gurit-propose-la-candidature-dandreas-evertz-a-son-conseil-dadministration\/#primaryimage"},"image":{"@id":"https:\/\/www.gurit.com\/fr\/annonce-ad-hoc-gurit-propose-la-candidature-dandreas-evertz-a-son-conseil-dadministration\/#primaryimage"},"thumbnailUrl":"https:\/\/eqs-cockpit.com\/cgi-bin\/fncls.ssp?fn=show_t_gif&amp;application_id=1272235&amp;application_name=news&amp;site_id=news_data","datePublished":"2022-01-24T16:16:16+00:00","breadcrumb":{"@id":"https:\/\/www.gurit.com\/fr\/annonce-ad-hoc-gurit-propose-la-candidature-dandreas-evertz-a-son-conseil-dadministration\/#breadcrumb"},"inLanguage":"fr-FR","potentialAction":[{"@type":"ReadAction","target":["https:\/\/www.gurit.com\/fr\/annonce-ad-hoc-gurit-propose-la-candidature-dandreas-evertz-a-son-conseil-dadministration\/"]}]},{"@type":"ImageObject","inLanguage":"fr-FR","@id":"https:\/\/www.gurit.com\/fr\/annonce-ad-hoc-gurit-propose-la-candidature-dandreas-evertz-a-son-conseil-dadministration\/#primaryimage","url":"https:\/\/eqs-cockpit.com\/cgi-bin\/fncls.ssp?fn=show_t_gif&amp;application_id=1272235&amp;application_name=news&amp;site_id=news_data","contentUrl":"https:\/\/eqs-cockpit.com\/cgi-bin\/fncls.ssp?fn=show_t_gif&amp;application_id=1272235&amp;application_name=news&amp;site_id=news_data"},{"@type":"BreadcrumbList","@id":"https:\/\/www.gurit.com\/fr\/annonce-ad-hoc-gurit-propose-la-candidature-dandreas-evertz-a-son-conseil-dadministration\/#breadcrumb","itemListElement":[{"@type":"ListItem","position":1,"name":"Startseite","item":"https:\/\/www.gurit.com\/fr\/marches\/"},{"@type":"ListItem","position":2,"name":"Annonce ad hoc &#8211; Gurit propose la candidature d&#8217;Andreas Evertz \u00e0 son conseil d&#8217;administration"}]},{"@type":"WebSite","@id":"https:\/\/www.gurit.com\/fr\/#website","url":"https:\/\/www.gurit.com\/fr\/","name":"Gurit","description":"Composites avanc\u00e9s pour l'\u00e9nergie \u00e9olienne, la marine, la construction et d'autres industries","publisher":{"@id":"https:\/\/www.gurit.com\/fr\/#organization"},"potentialAction":[{"@type":"SearchAction","target":{"@type":"EntryPoint","urlTemplate":"https:\/\/www.gurit.com\/fr\/?s={search_term_string}"},"query-input":{"@type":"PropertyValueSpecification","valueRequired":true,"valueName":"search_term_string"}}],"inLanguage":"fr-FR"},{"@type":"Organization","@id":"https:\/\/www.gurit.com\/fr\/#organization","name":"Gurit","url":"https:\/\/www.gurit.com\/fr\/","logo":{"@type":"ImageObject","inLanguage":"fr-FR","@id":"https:\/\/www.gurit.com\/fr\/#\/schema\/logo\/image\/","url":"https:\/\/www.gurit.com\/wp-content\/uploads\/2021\/12\/gurit-logo.png","contentUrl":"https:\/\/www.gurit.com\/wp-content\/uploads\/2021\/12\/gurit-logo.png","width":262,"height":100,"caption":"Gurit"},"image":{"@id":"https:\/\/www.gurit.com\/fr\/#\/schema\/logo\/image\/"},"sameAs":["https:\/\/www.facebook.com\/GuritGroup","https:\/\/x.com\/guritgroup","https:\/\/www.linkedin.com\/company\/gurit\/"]},{"@type":"Person","@id":"https:\/\/www.gurit.com\/fr\/#\/schema\/person\/b119121c55c6dcf772cd743cf20ea81b","name":"simplicate","image":{"@type":"ImageObject","inLanguage":"fr-FR","@id":"https:\/\/secure.gravatar.com\/avatar\/9a8f9ff1310a9be563f7bb74ad701c675616de3f72f797dc49f714eb54922b80?s=96&d=mm&r=g","url":"https:\/\/secure.gravatar.com\/avatar\/9a8f9ff1310a9be563f7bb74ad701c675616de3f72f797dc49f714eb54922b80?s=96&d=mm&r=g","contentUrl":"https:\/\/secure.gravatar.com\/avatar\/9a8f9ff1310a9be563f7bb74ad701c675616de3f72f797dc49f714eb54922b80?s=96&d=mm&r=g","caption":"simplicate"},"sameAs":["http:\/\/gurit.simplicate.de"],"url":"https:\/\/www.gurit.com\/fr\/author\/simplicate_gur\/"}]}},"_links":{"self":[{"href":"https:\/\/www.gurit.com\/fr\/wp-json\/wp\/v2\/posts\/22442","targetHints":{"allow":["GET"]}}],"collection":[{"href":"https:\/\/www.gurit.com\/fr\/wp-json\/wp\/v2\/posts"}],"about":[{"href":"https:\/\/www.gurit.com\/fr\/wp-json\/wp\/v2\/types\/post"}],"author":[{"embeddable":true,"href":"https:\/\/www.gurit.com\/fr\/wp-json\/wp\/v2\/users\/1"}],"replies":[{"embeddable":true,"href":"https:\/\/www.gurit.com\/fr\/wp-json\/wp\/v2\/comments?post=22442"}],"version-history":[{"count":0,"href":"https:\/\/www.gurit.com\/fr\/wp-json\/wp\/v2\/posts\/22442\/revisions"}],"wp:attachment":[{"href":"https:\/\/www.gurit.com\/fr\/wp-json\/wp\/v2\/media?parent=22442"}],"wp:term":[{"taxonomy":"category","embeddable":true,"href":"https:\/\/www.gurit.com\/fr\/wp-json\/wp\/v2\/categories?post=22442"},{"taxonomy":"post_tag","embeddable":true,"href":"https:\/\/www.gurit.com\/fr\/wp-json\/wp\/v2\/tags?post=22442"}],"curies":[{"name":"wp","href":"https:\/\/api.w.org\/{rel}","templated":true}]}}