{"id":22443,"date":"2022-04-28T04:50:51","date_gmt":"2022-04-28T02:50:51","guid":{"rendered":"https:\/\/www.gurit.com\/annonce-ad-hoc-gurit-acquiert-une-part-majoritaire-dans-fiberline-composites-a-s\/"},"modified":"2022-04-28T04:50:51","modified_gmt":"2022-04-28T02:50:51","slug":"annonce-ad-hoc-gurit-acquiert-une-part-majoritaire-dans-fiberline-composites-a-s","status":"publish","type":"post","link":"https:\/\/www.gurit.com\/fr\/annonce-ad-hoc-gurit-acquiert-une-part-majoritaire-dans-fiberline-composites-a-s\/","title":{"rendered":"Annonce ad hoc &#8211; Gurit acquiert une part majoritaire dans Fiberline Composites A\/S"},"content":{"rendered":"<table class=\"news_layout style2015\" border=\"0\" cellpadding=\"0\" cellspacing=\"0\">\n<tr>\n<td>\n<div class=\"break-word news_main\">\n<div id=\"bb263ae0-3ec9-4d5e-81b1-d9c177615288\" markup=\"content\">\n<p><span><span><span><span>Zurich<\/span>, le<span> 28 avril 2022<\/span> &#8211; Annonce ad hoc conform\u00e9ment \u00e0 l&rsquo;art. 53 LR<\/span><\/span><\/span><\/p>\n<p><span><span><span><span lang=\"EN\">Gurit  <\/span><span lang=\"EN\"><span><span>(SIX Swiss Exchange : GUR) a annonc\u00e9 aujourd&rsquo;hui l&rsquo;acquisition d&rsquo;une part de 60 % de Fiberline Composites A\/S, un leader technologique dans la fabrication de produits pultrud\u00e9s en fibres de carbone et de verre utilis\u00e9s dans la production de pales d&rsquo;\u00e9oliennes. La signature a eu lieu le 27 avril et la cl\u00f4ture de l&rsquo;op\u00e9ration est pr\u00e9vue avant la fin du mois de mai 2022. <\/span><\/span><\/span><\/span><\/span><\/span><\/p>\n<\/div>\n<div id=\"a4003e0c-e51c-430d-bea2-6f3e8befaafa\" markup=\"content\">\n<p><span><span><span>Fiberline Composites, dont le si\u00e8ge se trouve \u00e0 Middelfart, au Danemark, exploite des sites de production au Danemark et en Chine et emploie environ 300 personnes. L&rsquo;entreprise dessert les principaux \u00e9quipementiers d&rsquo;\u00e9oliennes dans le monde entier. Fond\u00e9e en 1979, l&rsquo;entreprise s&rsquo;est r\u00e9cemment sp\u00e9cialis\u00e9e dans les composants de longerons de pales en carbone et en verre pultrud\u00e9s et les inserts de pieds de pales. Fiberline a atteint un chiffre d&rsquo;affaires annuel net de 104 millions de francs suisses au cours de l&rsquo;ann\u00e9e civile 2021 et devrait conna\u00eetre une croissance dynamique de ses activit\u00e9s, car les composants en carbone pultrud\u00e9 sont appel\u00e9s \u00e0 remplacer les longerons traditionnels en verre infus\u00e9 dans les pales d&rsquo;\u00e9oliennes plus longues.   <\/span><\/span><\/span><\/p>\n<p><span><span><span>Gurit rach\u00e8te \u00e0 la famille fondatrice Thorning une participation de 60% dans Fiberline pour un prix d&rsquo;achat de 58 millions de francs suisses, ainsi qu&rsquo;une dette brute d&rsquo;environ 22 millions de francs suisses pour l&rsquo;ensemble de l&rsquo;entreprise. Gurit a le droit d&rsquo;acheter les actions restantes au cours de la p\u00e9riode allant de l&rsquo;exercice 2024 \u00e0 2025, \u00e0 des conditions commerciales pr\u00e9d\u00e9finies. Si, \u00e0 ce moment-l\u00e0, Gurit d\u00e9cide de ne pas acqu\u00e9rir les 40 % d&rsquo;actions restantes, la famille Thorning a le droit de vendre l&rsquo;ensemble de l&rsquo;entreprise sur le march\u00e9. De plus amples d\u00e9tails sur la transaction seront communiqu\u00e9s dans les r\u00e9sultats semestriels de Gurit.     <\/span><\/span><\/span><\/p>\n<p><span><span><span><span lang=\"EN\"><span>L&rsquo;acquisition de Fiberline Composites A\/S enrichit l&rsquo;offre actuelle de Gurit sur le march\u00e9 de l&rsquo;\u00e9nergie \u00e9olienne en mati\u00e8re d&rsquo;outillage, de mat\u00e9riaux de base et de kits de base avec une offre importante de produits pultrud\u00e9s en carbone et en verre, adapt\u00e9s \u00e0 la structure des pales.  <\/span><\/span>La pultrusion de fibres de carbone est une technologie cl\u00e9 en plein essor qui permet de r\u00e9aliser des \u00e9conomies de poids significatives par rapport aux solutions en verre infus\u00e9 et de fabriquer des pales plus rigides et plus l\u00e9g\u00e8res pour des \u00e9oliennes dont la taille ne cesse de cro\u00eetre.  <\/span><\/span><\/span><\/p>\n<p><span><span><span>Les activit\u00e9s de Fiberline Composites formeront une nouvelle unit\u00e9 commerciale de Gurit appel\u00e9e Structural Profiles. Les synergies op\u00e9rationnelles li\u00e9es \u00e0 l&rsquo;implantation de la nouvelle unit\u00e9 Structural Profiles dans les centres r\u00e9gionaux existants de Gurit seront exploit\u00e9es imm\u00e9diatement, en commen\u00e7ant par la fabrication dans l&rsquo;usine de Gurit en Inde d\u00e8s le<sup>deuxi\u00e8me<\/sup> semestre de cette ann\u00e9e. <\/span><\/span><\/span><\/p>\n<p><span><span><span><span lang=\"EN\"><span>Mitja Schulz, PDG de Gurit, d\u00e9clare : \u00ab\u00a0Nous souhaitons la bienvenue \u00e0 nos nouveaux coll\u00e8gues de Fiberline Composites dans la famille Gurit. Le portefeuille commun de produits et les capacit\u00e9s combin\u00e9es de technologie et d&rsquo;innovation des deux soci\u00e9t\u00e9s nous permettent de renforcer notre position en tant que fournisseur unique de solutions pour nos clients.   <\/span><\/span>Cette acquisition est une \u00e9tape importante dans la r\u00e9alisation des objectifs strat\u00e9giques d\u00e9finis dans notre \u00ab\u00a0One Gurit Strategy 2025\u00a0\u00bb.<span><span>&lsquo;  <\/span><\/span><\/span><\/span><\/span><\/p>\n<p><span><span><span>Peter Thorning, pr\u00e9sident de Fiberline Composites A\/S, ajoute : \u00ab\u00a0L&rsquo;utilisation de la pultrusion dans la fabrication des \u00e9oliennes augmente rapidement et l&rsquo;industrie a besoin d&rsquo;une cha\u00eene d&rsquo;approvisionnement solide. L&rsquo;int\u00e9gration de Fiberline Composites dans le groupe Gurit renforcera notre capacit\u00e9 \u00e0 servir nos clients \u00e0 grande \u00e9chelle dans le monde entier, et nous sommes convaincus que les deux entreprises seront plus fortes ensemble. Nous sommes impatients de travailler en \u00e9troite collaboration avec toute l&rsquo;\u00e9quipe de Gurit et nous remercions ABN AMRO SIF pour son importante contribution \u00e0 la croissance de Fiberline Composites.  <\/span><\/span><\/span><\/p>\n<p><span><span><span><span lang=\"EN\">Afin de pr\u00e9senter plus en d\u00e9tail les activit\u00e9s de Fiberline et d&rsquo;expliquer la logique strat\u00e9gique de l&rsquo;acquisition, Gurit tiendra une conf\u00e9rence t\u00e9l\u00e9phonique \u00e0 l&rsquo;intention des investisseurs et des analystes le 10 mai \u00e0 9h00 CEST, dans l&rsquo;attente de la cl\u00f4ture de la transaction. La conf\u00e9rence sera accessible \u00e0 l&rsquo;adresse suivante <a href=\"https:\/\/eqs-cockpit.com\/cgi-bin\/fncls.ssp?fn=redirect&amp;url=1784a6d73d8c31ef4dc698ffa866d9ee&amp;application_id=1337721&amp;site_id=news_data&amp;application_name=news\">: https:\/\/www.gurit.com\/en\/investors\/webcasts.<\/a> Les analystes financiers et les repr\u00e9sentants des m\u00e9dias qui souhaitent poser des questions lors de la conf\u00e9rence t\u00e9l\u00e9phonique <b>Q&amp;A <\/b>peuvent le faire <b>sur inscription pr\u00e9alable<\/b> par e-mail \u00e0 <a href=\"mailto:investor@gurit.com?subject=Investor%20%26%20Analyst%20conference%20call%2C%20May%2010\">investor@gurit.com<\/a>.  <\/span><span class=\"MsoHyperlink\"><span><span style=\"text-decoration: underline;\"><span lang=\"EN\">.<\/span><\/span><\/span><\/span><\/span><\/span><\/span><\/p>\n<\/div>\n<\/div>\n<p><img loading=\"lazy\" decoding=\"async\" src=\"https:\/\/eqs-cockpit.com\/cgi-bin\/fncls.ssp?fn=show_t_gif&amp;application_id=1337721&amp;application_name=news&amp;site_id=news_data\" alt=\"montrer ceci\" width=\"0\" height=\"0\" border=\"0\"><\/p>\n","protected":false},"excerpt":{"rendered":"<p>Zurich, le 28 avril 2022 &#8211; Annonce ad hoc conform\u00e9ment \u00e0 l&rsquo;art. 53 LR Gurit (SIX Swiss Exchange : GUR) a annonc\u00e9 aujourd&rsquo;hui l&rsquo;acquisition d&rsquo;une part de 60 % de [&hellip;]<\/p>\n","protected":false},"author":1,"featured_media":0,"comment_status":"closed","ping_status":"closed","sticky":false,"template":"","format":"standard","meta":{"_et_pb_use_builder":"","_et_pb_old_content":"","_et_gb_content_width":"","footnotes":""},"categories":[82],"tags":[],"class_list":["post-22443","post","type-post","status-publish","format-standard","hentry","category-eqsadhoc"],"yoast_head":"<!-- This site is optimized with the Yoast SEO plugin v27.5 - https:\/\/yoast.com\/product\/yoast-seo-wordpress\/ -->\n<title>Annonce ad hoc - Gurit acquiert une part majoritaire dans Fiberline Composites A\/S - Gurit.<\/title>\n<meta name=\"robots\" content=\"index, follow, max-snippet:-1, max-image-preview:large, max-video-preview:-1\" \/>\n<link rel=\"canonical\" href=\"https:\/\/www.gurit.com\/fr\/annonce-ad-hoc-gurit-acquiert-une-part-majoritaire-dans-fiberline-composites-a-s\/\" \/>\n<meta property=\"og:locale\" content=\"fr_FR\" \/>\n<meta property=\"og:type\" content=\"article\" \/>\n<meta property=\"og:title\" content=\"Annonce ad hoc - Gurit acquiert une part majoritaire dans Fiberline Composites A\/S - Gurit.\" \/>\n<meta property=\"og:description\" content=\"Zurich, le 28 avril 2022 &#8211; Annonce ad hoc conform\u00e9ment \u00e0 l&rsquo;art. 53 LR Gurit (SIX Swiss Exchange : GUR) a annonc\u00e9 aujourd&rsquo;hui l&rsquo;acquisition d&rsquo;une part de 60 % de [&hellip;]\" \/>\n<meta property=\"og:url\" content=\"https:\/\/www.gurit.com\/fr\/annonce-ad-hoc-gurit-acquiert-une-part-majoritaire-dans-fiberline-composites-a-s\/\" \/>\n<meta property=\"og:site_name\" content=\"Gurit\" \/>\n<meta property=\"article:publisher\" content=\"https:\/\/www.facebook.com\/GuritGroup\" \/>\n<meta property=\"article:published_time\" content=\"2022-04-28T02:50:51+00:00\" \/>\n<meta property=\"og:image\" content=\"https:\/\/eqs-cockpit.com\/cgi-bin\/fncls.ssp?fn=show_t_gif&amp;application_id=1337721&amp;application_name=news&amp;site_id=news_data\" \/>\n<meta name=\"author\" content=\"simplicate\" \/>\n<meta name=\"twitter:card\" content=\"summary_large_image\" \/>\n<meta name=\"twitter:creator\" content=\"@guritgroup\" \/>\n<meta name=\"twitter:site\" content=\"@guritgroup\" \/>\n<meta name=\"twitter:label1\" content=\"\u00c9crit par\" \/>\n\t<meta name=\"twitter:data1\" content=\"simplicate\" \/>\n\t<meta name=\"twitter:label2\" content=\"Dur\u00e9e de lecture estim\u00e9e\" \/>\n\t<meta name=\"twitter:data2\" content=\"4 minutes\" \/>\n<script type=\"application\/ld+json\" class=\"yoast-schema-graph\">{\"@context\":\"https:\\\/\\\/schema.org\",\"@graph\":[{\"@type\":\"Article\",\"@id\":\"https:\\\/\\\/www.gurit.com\\\/fr\\\/annonce-ad-hoc-gurit-acquiert-une-part-majoritaire-dans-fiberline-composites-a-s\\\/#article\",\"isPartOf\":{\"@id\":\"https:\\\/\\\/www.gurit.com\\\/fr\\\/annonce-ad-hoc-gurit-acquiert-une-part-majoritaire-dans-fiberline-composites-a-s\\\/\"},\"author\":{\"name\":\"simplicate\",\"@id\":\"https:\\\/\\\/www.gurit.com\\\/fr\\\/#\\\/schema\\\/person\\\/a65cd32243d78bacdfa692f5fd6008cc\"},\"headline\":\"Annonce ad hoc &#8211; Gurit acquiert une part majoritaire dans Fiberline Composites A\\\/S\",\"datePublished\":\"2022-04-28T02:50:51+00:00\",\"mainEntityOfPage\":{\"@id\":\"https:\\\/\\\/www.gurit.com\\\/fr\\\/annonce-ad-hoc-gurit-acquiert-une-part-majoritaire-dans-fiberline-composites-a-s\\\/\"},\"wordCount\":790,\"publisher\":{\"@id\":\"https:\\\/\\\/www.gurit.com\\\/fr\\\/#organization\"},\"image\":{\"@id\":\"https:\\\/\\\/www.gurit.com\\\/fr\\\/annonce-ad-hoc-gurit-acquiert-une-part-majoritaire-dans-fiberline-composites-a-s\\\/#primaryimage\"},\"thumbnailUrl\":\"https:\\\/\\\/eqs-cockpit.com\\\/cgi-bin\\\/fncls.ssp?fn=show_t_gif&amp;application_id=1337721&amp;application_name=news&amp;site_id=news_data\",\"articleSection\":[\"EQSadhoc\"],\"inLanguage\":\"fr-FR\"},{\"@type\":\"WebPage\",\"@id\":\"https:\\\/\\\/www.gurit.com\\\/fr\\\/annonce-ad-hoc-gurit-acquiert-une-part-majoritaire-dans-fiberline-composites-a-s\\\/\",\"url\":\"https:\\\/\\\/www.gurit.com\\\/fr\\\/annonce-ad-hoc-gurit-acquiert-une-part-majoritaire-dans-fiberline-composites-a-s\\\/\",\"name\":\"Annonce ad hoc - Gurit acquiert une part majoritaire dans Fiberline Composites A\\\/S - Gurit.\",\"isPartOf\":{\"@id\":\"https:\\\/\\\/www.gurit.com\\\/fr\\\/#website\"},\"primaryImageOfPage\":{\"@id\":\"https:\\\/\\\/www.gurit.com\\\/fr\\\/annonce-ad-hoc-gurit-acquiert-une-part-majoritaire-dans-fiberline-composites-a-s\\\/#primaryimage\"},\"image\":{\"@id\":\"https:\\\/\\\/www.gurit.com\\\/fr\\\/annonce-ad-hoc-gurit-acquiert-une-part-majoritaire-dans-fiberline-composites-a-s\\\/#primaryimage\"},\"thumbnailUrl\":\"https:\\\/\\\/eqs-cockpit.com\\\/cgi-bin\\\/fncls.ssp?fn=show_t_gif&amp;application_id=1337721&amp;application_name=news&amp;site_id=news_data\",\"datePublished\":\"2022-04-28T02:50:51+00:00\",\"breadcrumb\":{\"@id\":\"https:\\\/\\\/www.gurit.com\\\/fr\\\/annonce-ad-hoc-gurit-acquiert-une-part-majoritaire-dans-fiberline-composites-a-s\\\/#breadcrumb\"},\"inLanguage\":\"fr-FR\",\"potentialAction\":[{\"@type\":\"ReadAction\",\"target\":[\"https:\\\/\\\/www.gurit.com\\\/fr\\\/annonce-ad-hoc-gurit-acquiert-une-part-majoritaire-dans-fiberline-composites-a-s\\\/\"]}]},{\"@type\":\"ImageObject\",\"inLanguage\":\"fr-FR\",\"@id\":\"https:\\\/\\\/www.gurit.com\\\/fr\\\/annonce-ad-hoc-gurit-acquiert-une-part-majoritaire-dans-fiberline-composites-a-s\\\/#primaryimage\",\"url\":\"https:\\\/\\\/eqs-cockpit.com\\\/cgi-bin\\\/fncls.ssp?fn=show_t_gif&amp;application_id=1337721&amp;application_name=news&amp;site_id=news_data\",\"contentUrl\":\"https:\\\/\\\/eqs-cockpit.com\\\/cgi-bin\\\/fncls.ssp?fn=show_t_gif&amp;application_id=1337721&amp;application_name=news&amp;site_id=news_data\"},{\"@type\":\"BreadcrumbList\",\"@id\":\"https:\\\/\\\/www.gurit.com\\\/fr\\\/annonce-ad-hoc-gurit-acquiert-une-part-majoritaire-dans-fiberline-composites-a-s\\\/#breadcrumb\",\"itemListElement\":[{\"@type\":\"ListItem\",\"position\":1,\"name\":\"Startseite\",\"item\":\"https:\\\/\\\/www.gurit.com\\\/fr\\\/marches\\\/\"},{\"@type\":\"ListItem\",\"position\":2,\"name\":\"Annonce ad hoc &#8211; Gurit acquiert une part majoritaire dans Fiberline Composites A\\\/S\"}]},{\"@type\":\"WebSite\",\"@id\":\"https:\\\/\\\/www.gurit.com\\\/fr\\\/#website\",\"url\":\"https:\\\/\\\/www.gurit.com\\\/fr\\\/\",\"name\":\"Gurit\",\"description\":\"Composites avanc\u00e9s pour l'\u00e9nergie \u00e9olienne, la marine, la construction et d'autres industries\",\"publisher\":{\"@id\":\"https:\\\/\\\/www.gurit.com\\\/fr\\\/#organization\"},\"potentialAction\":[{\"@type\":\"SearchAction\",\"target\":{\"@type\":\"EntryPoint\",\"urlTemplate\":\"https:\\\/\\\/www.gurit.com\\\/fr\\\/?s={search_term_string}\"},\"query-input\":{\"@type\":\"PropertyValueSpecification\",\"valueRequired\":true,\"valueName\":\"search_term_string\"}}],\"inLanguage\":\"fr-FR\"},{\"@type\":\"Organization\",\"@id\":\"https:\\\/\\\/www.gurit.com\\\/fr\\\/#organization\",\"name\":\"Gurit\",\"url\":\"https:\\\/\\\/www.gurit.com\\\/fr\\\/\",\"logo\":{\"@type\":\"ImageObject\",\"inLanguage\":\"fr-FR\",\"@id\":\"https:\\\/\\\/www.gurit.com\\\/fr\\\/#\\\/schema\\\/logo\\\/image\\\/\",\"url\":\"https:\\\/\\\/www.gurit.com\\\/wp-content\\\/uploads\\\/2021\\\/12\\\/gurit-logo.png\",\"contentUrl\":\"https:\\\/\\\/www.gurit.com\\\/wp-content\\\/uploads\\\/2021\\\/12\\\/gurit-logo.png\",\"width\":262,\"height\":100,\"caption\":\"Gurit\"},\"image\":{\"@id\":\"https:\\\/\\\/www.gurit.com\\\/fr\\\/#\\\/schema\\\/logo\\\/image\\\/\"},\"sameAs\":[\"https:\\\/\\\/www.facebook.com\\\/GuritGroup\",\"https:\\\/\\\/x.com\\\/guritgroup\",\"https:\\\/\\\/www.linkedin.com\\\/company\\\/gurit\\\/\"]},{\"@type\":\"Person\",\"@id\":\"https:\\\/\\\/www.gurit.com\\\/fr\\\/#\\\/schema\\\/person\\\/a65cd32243d78bacdfa692f5fd6008cc\",\"name\":\"simplicate\",\"image\":{\"@type\":\"ImageObject\",\"inLanguage\":\"fr-FR\",\"@id\":\"https:\\\/\\\/secure.gravatar.com\\\/avatar\\\/9a8f9ff1310a9be563f7bb74ad701c675616de3f72f797dc49f714eb54922b80?s=96&d=mm&r=g\",\"url\":\"https:\\\/\\\/secure.gravatar.com\\\/avatar\\\/9a8f9ff1310a9be563f7bb74ad701c675616de3f72f797dc49f714eb54922b80?s=96&d=mm&r=g\",\"contentUrl\":\"https:\\\/\\\/secure.gravatar.com\\\/avatar\\\/9a8f9ff1310a9be563f7bb74ad701c675616de3f72f797dc49f714eb54922b80?s=96&d=mm&r=g\",\"caption\":\"simplicate\"},\"sameAs\":[\"http:\\\/\\\/gurit.simplicate.de\"],\"url\":\"https:\\\/\\\/www.gurit.com\\\/fr\\\/author\\\/simplicate_gur\\\/\"}]}<\/script>\n<!-- \/ Yoast SEO plugin. -->","yoast_head_json":{"title":"Annonce ad hoc - Gurit acquiert une part majoritaire dans Fiberline Composites A\/S - Gurit.","robots":{"index":"index","follow":"follow","max-snippet":"max-snippet:-1","max-image-preview":"max-image-preview:large","max-video-preview":"max-video-preview:-1"},"canonical":"https:\/\/www.gurit.com\/fr\/annonce-ad-hoc-gurit-acquiert-une-part-majoritaire-dans-fiberline-composites-a-s\/","og_locale":"fr_FR","og_type":"article","og_title":"Annonce ad hoc - Gurit acquiert une part majoritaire dans Fiberline Composites A\/S - Gurit.","og_description":"Zurich, le 28 avril 2022 &#8211; Annonce ad hoc conform\u00e9ment \u00e0 l&rsquo;art. 53 LR Gurit (SIX Swiss Exchange : GUR) a annonc\u00e9 aujourd&rsquo;hui l&rsquo;acquisition d&rsquo;une part de 60 % de [&hellip;]","og_url":"https:\/\/www.gurit.com\/fr\/annonce-ad-hoc-gurit-acquiert-une-part-majoritaire-dans-fiberline-composites-a-s\/","og_site_name":"Gurit","article_publisher":"https:\/\/www.facebook.com\/GuritGroup","article_published_time":"2022-04-28T02:50:51+00:00","og_image":[{"url":"https:\/\/eqs-cockpit.com\/cgi-bin\/fncls.ssp?fn=show_t_gif&amp;application_id=1337721&amp;application_name=news&amp;site_id=news_data","type":"","width":"","height":""}],"author":"simplicate","twitter_card":"summary_large_image","twitter_creator":"@guritgroup","twitter_site":"@guritgroup","twitter_misc":{"\u00c9crit par":"simplicate","Dur\u00e9e de lecture estim\u00e9e":"4 minutes"},"schema":{"@context":"https:\/\/schema.org","@graph":[{"@type":"Article","@id":"https:\/\/www.gurit.com\/fr\/annonce-ad-hoc-gurit-acquiert-une-part-majoritaire-dans-fiberline-composites-a-s\/#article","isPartOf":{"@id":"https:\/\/www.gurit.com\/fr\/annonce-ad-hoc-gurit-acquiert-une-part-majoritaire-dans-fiberline-composites-a-s\/"},"author":{"name":"simplicate","@id":"https:\/\/www.gurit.com\/fr\/#\/schema\/person\/a65cd32243d78bacdfa692f5fd6008cc"},"headline":"Annonce ad hoc &#8211; Gurit acquiert une part majoritaire dans Fiberline Composites A\/S","datePublished":"2022-04-28T02:50:51+00:00","mainEntityOfPage":{"@id":"https:\/\/www.gurit.com\/fr\/annonce-ad-hoc-gurit-acquiert-une-part-majoritaire-dans-fiberline-composites-a-s\/"},"wordCount":790,"publisher":{"@id":"https:\/\/www.gurit.com\/fr\/#organization"},"image":{"@id":"https:\/\/www.gurit.com\/fr\/annonce-ad-hoc-gurit-acquiert-une-part-majoritaire-dans-fiberline-composites-a-s\/#primaryimage"},"thumbnailUrl":"https:\/\/eqs-cockpit.com\/cgi-bin\/fncls.ssp?fn=show_t_gif&amp;application_id=1337721&amp;application_name=news&amp;site_id=news_data","articleSection":["EQSadhoc"],"inLanguage":"fr-FR"},{"@type":"WebPage","@id":"https:\/\/www.gurit.com\/fr\/annonce-ad-hoc-gurit-acquiert-une-part-majoritaire-dans-fiberline-composites-a-s\/","url":"https:\/\/www.gurit.com\/fr\/annonce-ad-hoc-gurit-acquiert-une-part-majoritaire-dans-fiberline-composites-a-s\/","name":"Annonce ad hoc - Gurit acquiert une part majoritaire dans Fiberline Composites A\/S - Gurit.","isPartOf":{"@id":"https:\/\/www.gurit.com\/fr\/#website"},"primaryImageOfPage":{"@id":"https:\/\/www.gurit.com\/fr\/annonce-ad-hoc-gurit-acquiert-une-part-majoritaire-dans-fiberline-composites-a-s\/#primaryimage"},"image":{"@id":"https:\/\/www.gurit.com\/fr\/annonce-ad-hoc-gurit-acquiert-une-part-majoritaire-dans-fiberline-composites-a-s\/#primaryimage"},"thumbnailUrl":"https:\/\/eqs-cockpit.com\/cgi-bin\/fncls.ssp?fn=show_t_gif&amp;application_id=1337721&amp;application_name=news&amp;site_id=news_data","datePublished":"2022-04-28T02:50:51+00:00","breadcrumb":{"@id":"https:\/\/www.gurit.com\/fr\/annonce-ad-hoc-gurit-acquiert-une-part-majoritaire-dans-fiberline-composites-a-s\/#breadcrumb"},"inLanguage":"fr-FR","potentialAction":[{"@type":"ReadAction","target":["https:\/\/www.gurit.com\/fr\/annonce-ad-hoc-gurit-acquiert-une-part-majoritaire-dans-fiberline-composites-a-s\/"]}]},{"@type":"ImageObject","inLanguage":"fr-FR","@id":"https:\/\/www.gurit.com\/fr\/annonce-ad-hoc-gurit-acquiert-une-part-majoritaire-dans-fiberline-composites-a-s\/#primaryimage","url":"https:\/\/eqs-cockpit.com\/cgi-bin\/fncls.ssp?fn=show_t_gif&amp;application_id=1337721&amp;application_name=news&amp;site_id=news_data","contentUrl":"https:\/\/eqs-cockpit.com\/cgi-bin\/fncls.ssp?fn=show_t_gif&amp;application_id=1337721&amp;application_name=news&amp;site_id=news_data"},{"@type":"BreadcrumbList","@id":"https:\/\/www.gurit.com\/fr\/annonce-ad-hoc-gurit-acquiert-une-part-majoritaire-dans-fiberline-composites-a-s\/#breadcrumb","itemListElement":[{"@type":"ListItem","position":1,"name":"Startseite","item":"https:\/\/www.gurit.com\/fr\/marches\/"},{"@type":"ListItem","position":2,"name":"Annonce ad hoc &#8211; Gurit acquiert une part majoritaire dans Fiberline Composites A\/S"}]},{"@type":"WebSite","@id":"https:\/\/www.gurit.com\/fr\/#website","url":"https:\/\/www.gurit.com\/fr\/","name":"Gurit","description":"Composites avanc\u00e9s pour l'\u00e9nergie \u00e9olienne, la marine, la construction et d'autres industries","publisher":{"@id":"https:\/\/www.gurit.com\/fr\/#organization"},"potentialAction":[{"@type":"SearchAction","target":{"@type":"EntryPoint","urlTemplate":"https:\/\/www.gurit.com\/fr\/?s={search_term_string}"},"query-input":{"@type":"PropertyValueSpecification","valueRequired":true,"valueName":"search_term_string"}}],"inLanguage":"fr-FR"},{"@type":"Organization","@id":"https:\/\/www.gurit.com\/fr\/#organization","name":"Gurit","url":"https:\/\/www.gurit.com\/fr\/","logo":{"@type":"ImageObject","inLanguage":"fr-FR","@id":"https:\/\/www.gurit.com\/fr\/#\/schema\/logo\/image\/","url":"https:\/\/www.gurit.com\/wp-content\/uploads\/2021\/12\/gurit-logo.png","contentUrl":"https:\/\/www.gurit.com\/wp-content\/uploads\/2021\/12\/gurit-logo.png","width":262,"height":100,"caption":"Gurit"},"image":{"@id":"https:\/\/www.gurit.com\/fr\/#\/schema\/logo\/image\/"},"sameAs":["https:\/\/www.facebook.com\/GuritGroup","https:\/\/x.com\/guritgroup","https:\/\/www.linkedin.com\/company\/gurit\/"]},{"@type":"Person","@id":"https:\/\/www.gurit.com\/fr\/#\/schema\/person\/a65cd32243d78bacdfa692f5fd6008cc","name":"simplicate","image":{"@type":"ImageObject","inLanguage":"fr-FR","@id":"https:\/\/secure.gravatar.com\/avatar\/9a8f9ff1310a9be563f7bb74ad701c675616de3f72f797dc49f714eb54922b80?s=96&d=mm&r=g","url":"https:\/\/secure.gravatar.com\/avatar\/9a8f9ff1310a9be563f7bb74ad701c675616de3f72f797dc49f714eb54922b80?s=96&d=mm&r=g","contentUrl":"https:\/\/secure.gravatar.com\/avatar\/9a8f9ff1310a9be563f7bb74ad701c675616de3f72f797dc49f714eb54922b80?s=96&d=mm&r=g","caption":"simplicate"},"sameAs":["http:\/\/gurit.simplicate.de"],"url":"https:\/\/www.gurit.com\/fr\/author\/simplicate_gur\/"}]}},"_links":{"self":[{"href":"https:\/\/www.gurit.com\/fr\/wp-json\/wp\/v2\/posts\/22443","targetHints":{"allow":["GET"]}}],"collection":[{"href":"https:\/\/www.gurit.com\/fr\/wp-json\/wp\/v2\/posts"}],"about":[{"href":"https:\/\/www.gurit.com\/fr\/wp-json\/wp\/v2\/types\/post"}],"author":[{"embeddable":true,"href":"https:\/\/www.gurit.com\/fr\/wp-json\/wp\/v2\/users\/1"}],"replies":[{"embeddable":true,"href":"https:\/\/www.gurit.com\/fr\/wp-json\/wp\/v2\/comments?post=22443"}],"version-history":[{"count":0,"href":"https:\/\/www.gurit.com\/fr\/wp-json\/wp\/v2\/posts\/22443\/revisions"}],"wp:attachment":[{"href":"https:\/\/www.gurit.com\/fr\/wp-json\/wp\/v2\/media?parent=22443"}],"wp:term":[{"taxonomy":"category","embeddable":true,"href":"https:\/\/www.gurit.com\/fr\/wp-json\/wp\/v2\/categories?post=22443"},{"taxonomy":"post_tag","embeddable":true,"href":"https:\/\/www.gurit.com\/fr\/wp-json\/wp\/v2\/tags?post=22443"}],"curies":[{"name":"wp","href":"https:\/\/api.w.org\/{rel}","templated":true}]}}