{"id":22456,"date":"2023-09-21T15:50:17","date_gmt":"2023-09-21T13:50:17","guid":{"rendered":"https:\/\/www.gurit.com\/calendrier-financier-de-gurit-2024\/"},"modified":"2026-04-26T15:40:49","modified_gmt":"2026-04-26T13:40:49","slug":"calendrier-financier-de-gurit-2024","status":"publish","type":"post","link":"https:\/\/www.gurit.com\/fr\/calendrier-financier-de-gurit-2024\/","title":{"rendered":"Calendrier financier de Gurit 2024"},"content":{"rendered":"<p>[et_pb_section admin_label=\u00a0\u00bbsection\u00a0\u00bb]<br \/>\n\t\t\t[et_pb_row admin_label=\u00a0\u00bbrang\u00e9e\u00a0\u00bb]<br \/>\n\t\t\t\t[et_pb_column type=\u00a0\u00bb4_4&Prime;][et_pb_text admin_label=\u00a0\u00bbText\u00a0\u00bb]<\/p>\n<table class=\"news_layout style2015\" border=\"0\" cellpadding=\"0\" cellspacing=\"0\">\n<tr>\n<td>\n<div class=\"break-word news_main\">\n<div id=\"\" style=\"word-break : break-word ; padding : 8px ;  \" markup=\"intro\">\n<p><span style=\"font-size:12px;\"><span style=\"color:#000000;\"><span style=\"font-family:Arial,Helvetica,sans-serif;\">Zurich, le 21 septembre 2023<\/span><\/span><\/span><\/p>\n<\/div>\n<div id=\"\" style=\"word-break : break-word ; padding : 4px 8px 8px 8px ;  \" markup=\"lead\">\n<p><span style=\"font-size:11pt\"><span style=\"text-justify:inter-ideograph\"><span style=\"line-height:117%\"><span><b>Gurit (SIX Swiss Exchange : GURN) a publi\u00e9 aujourd&rsquo;hui son calendrier financier pour l&rsquo;ann\u00e9e civile 2024.  <\/b><\/span><\/span><\/span><\/span><\/p>\n<\/div>\n<div id=\"\" style=\"word-break : break-word ; padding : 8px 8px 4px 8px ;  \" markup=\"content\">\n<p class=\"MsoBodyText\" style=\"margin-right:2px; text-align:justify\"><span style=\"font-size:11pt\"><span style=\"text-justify:inter-ideograph\"><span style=\"line-height:118%\"><span style=\"punctuation-wrap:simple\"><span><b>Les r\u00e9sultats pr\u00e9liminaires et non audit\u00e9s du chiffre d&rsquo;affaires net de 2023 <\/b>seront communiqu\u00e9s le mercredi <b>31 janvier 2024 <\/b>apr\u00e8s 18h00 CET par le biais d&rsquo;un communiqu\u00e9 de presse. <\/span><\/span><\/span><\/span><\/span><\/p>\n<p class=\"MsoBodyText\" style=\"margin-top:1px; margin-right:2px; text-align:justify\"><span style=\"font-size:11pt\"><span style=\"text-justify:inter-ideograph\"><span style=\"line-height:118%\"><span style=\"punctuation-wrap:simple\"><span>Gurit pr\u00e9sentera ses <b>r\u00e9sultats annuels 2023 <\/b>le lundi <b>4 mars 2024<\/b>, en publiant un communiqu\u00e9 de presse \u00e0 07h00 CET. Le rapport annuel 2023 sera disponible sur le site web de Gurit \u00e0 l&rsquo;adresse <a href=\"https:\/\/eqs-cockpit.com\/cgi-bin\/fncls.ssp?fn=redirect&amp;url=06f11ae2eb754032460bc0f3249cda69&amp;application_id=1731959&amp;site_id=news_data&amp;application_name=news\">gurit2.3ddev.de\/financial-reports-and-presentations\/.<\/a> La direction discutera \u00e9galement des r\u00e9sultats plus en d\u00e9tail lors d&rsquo;une <b>conf\u00e9rence de presse et d&rsquo;une conf\u00e9rence d&rsquo;analystes<\/b> qui se tiendront le    <b>Le 4 mars 2024 \u00e0 09h00 CET <\/b>. La conf\u00e9rence se tiendra en anglais et sera accessible en webcast via le lien suivant : <a href=\"https:\/\/eqs-cockpit.com\/cgi-bin\/fncls.ssp?fn=redirect&amp;url=9b30740d9441f98af1a82420356f9645&amp;application_id=1731959&amp;site_id=news_data&amp;application_name=news\">gurit2.3ddev.de\/webcasts\/.<\/a><\/span><\/span><\/span><\/span><\/span><\/p>\n<p class=\"MsoBodyText\" style=\"margin-top:1px; margin-right:2px; text-align:justify\"><span style=\"font-size:11pt\"><span style=\"text-justify:inter-ideograph\"><span style=\"line-height:118%\"><span style=\"punctuation-wrap:simple\">L&rsquo;<b>assembl\u00e9e g\u00e9n\u00e9rale ordinaire annuelle des actionnaires de 2024 (AGA) <\/b>est pr\u00e9vue pour le jeudi <b>18 avril 2024, \u00e0 16h30<\/b> <b>CET<\/b>, \u00e0 l&rsquo;h\u00f4tel Seedamm Plaza, Seedammstrasse 3, <b>8808 Pf\u00e4ffikon SZ<\/b>, Suisse. La r\u00e9union se tiendra en allemand. Des informations connexes seront publi\u00e9es 20 jours avant l&rsquo;AGA en ligne sur le site gurit2.3ddev.de\/Investors\/AGM.  <\/span><\/span><\/span><\/span><\/p>\n<p class=\"MsoBodyText\" style=\"margin-top:1px; margin-right:2px; text-align:justify\"><span style=\"font-size:11pt\"><span style=\"text-justify:inter-ideograph\"><span style=\"punctuation-wrap:simple\"><span><b>Les r\u00e9sultats du chiffre d&rsquo;affaires net du premier trimestre 2024 <\/b>seront communiqu\u00e9s dans la soir\u00e9e du <b>18 avril 2024<\/b>, <\/span><\/span><\/span><\/span><span style=\"font-size:11pt\"><span style=\"text-justify:inter-ideograph\"><span style=\"punctuation-wrap:simple\"><span>par le biais d&rsquo;un communiqu\u00e9 de presse.<\/span><\/span><\/span><\/span><\/p>\n<p class=\"MsoBodyText\" style=\"margin-right:2px; text-align:justify\"><span style=\"font-size:11pt\"><span style=\"text-justify:inter-ideograph\"><span style=\"line-height:118%\"><span style=\"punctuation-wrap:simple\"><span>Gurit publiera ses <b>r\u00e9sultats semestriels 2024 <\/b>lundi, <b><span style=\"color:black\">19 ao\u00fbt 2024,<\/span><\/b> en publiant un communiqu\u00e9 de presse \u00e0 07h00 CET. Au m\u00eame moment, Gurit publiera son premier rapport semestriel 2024 en ligne sur <a href=\"https:\/\/eqs-cockpit.com\/cgi-bin\/fncls.ssp?fn=redirect&amp;url=ed941921dd12111137c883ca380ac31e&amp;application_id=1731959&amp;site_id=news_data&amp;application_name=news\">gurit2.3ddev.de\/financial-reports-and-presentations\/.<\/a> La direction discutera des r\u00e9sultats plus en d\u00e9tail lors d&rsquo;une conf\u00e9rence conjointe avec les m\u00e9dias et les analystes le    <b><span style=\"color:black\">19 ao\u00fbt 2024 <\/span>\u00e0 09h00 CET <\/b>. La conf\u00e9rence se tiendra en anglais et sera accessible en webcast.<\/span><\/span><\/span><\/span><\/span><\/p>\n<p class=\"MsoBodyText\" style=\"margin-right:2px; text-align:justify\"><span style=\"font-size:11pt\"><span style=\"text-justify:inter-ideograph\"><span style=\"line-height:118%\"><span style=\"punctuation-wrap:simple\"><span>Les<b>r\u00e9sultats des ventes nettes du troisi\u00e8me trimestre et des neuf mois 2024 <\/b>seront communiqu\u00e9s le 31 octobre<b>2024 <\/b>apr\u00e8s 17:45 CET par le biais d&rsquo;un communiqu\u00e9 de presse. <\/span><\/span><\/span><\/span><\/span><span style=\"font-size:11pt\"><span style=\"text-justify:inter-ideograph\"><span style=\"line-height:118%\"><span style=\"punctuation-wrap:simple\"><span><b><span lang=\"EN-US\" style=\"color:black\">31 octobre 2024 <\/span>apr\u00e8s 17:45 CET<\/b> par le biais d&rsquo;un communiqu\u00e9 de presse.<\/span><\/span><\/span><\/span><\/span><\/p>\n<table class=\"news_layout_data_tabel news_layout_data_table\" cellspacing=\"0\" cellpadding=\"0\" border=\"0\">\n<tbody>\n<tr>\n<td colspan=\"2\" style=\"border-bottom:1px solid black; width:626px; padding:6px 7px 6px 7px; background-color:#d9d9d9; border-top:1px solid black; border-right:1px solid black; border-left:1px solid black\" valign=\"top\">\n<p class=\"MsoBodyText\"><span style=\"font-family:Arial;\"><span style=\"font-size:11pt\"><b><span lang=\"EN-US\" style=\"font-size:12.0pt\"><span style=\"color:black\">Calendrier<\/span> financier<span style=\"color:black\">2024<\/span><\/span><\/b><\/span><\/span><\/p>\n<\/td>\n<\/tr>\n<tr>\n<td style=\"border-bottom:1px solid black; width:125px; padding:6px 7px 6px 7px; border-top:none; border-right:1px solid black; border-left:1px solid black\" valign=\"top\">\n<p class=\"MsoBodyText\" style=\"margin-top:4px; margin-bottom:4px\"><span style=\"font-family:Arial;\"><span style=\"font-size:11pt\"><b><span lang=\"EN-US\" style=\"font-size:12.0pt\">31 janvier  <\/span><\/b><\/span><\/span><\/p>\n<\/td>\n<td style=\"border-bottom:1px solid black; width:501px; padding:6px 7px 6px 7px; border-top:none; border-right:1px solid black; border-left:none\" valign=\"top\">\n<p class=\"MsoBodyText\" style=\"margin-top:4px; margin-bottom:4px\"><span style=\"font-family:Arial;\"><span style=\"font-size:11pt\"><span lang=\"EN-US\" style=\"font-size:12.0pt\">R\u00e9sultats pr\u00e9liminaires et non audit\u00e9s du chiffre d&rsquo;affaires net pour 2023 <\/span><br \/>\t\t\t<span lang=\"EN-US\" style=\"font-size:12.0pt\">communiqu\u00e9 de presse (apr\u00e8s 18:00 CET)<\/span><\/span><\/span><\/p>\n<\/td>\n<\/tr>\n<tr>\n<td style=\"border-bottom:1px solid black; width:125px; padding:6px 7px 6px 7px; border-top:none; border-right:1px solid black; border-left:1px solid black\" valign=\"top\">\n<p class=\"MsoBodyText\" style=\"margin-top:4px; margin-bottom:4px\"><span style=\"font-family:Arial;\"><span style=\"font-size:11pt\"><b><span lang=\"EN-US\" style=\"font-size:12.0pt\">4 mars<\/span><\/b><\/span><\/span><\/p>\n<\/td>\n<td style=\"border-bottom:1px solid black; width:501px; padding:6px 7px 6px 7px; border-top:none; border-right:1px solid black; border-left:none\" valign=\"top\">\n<p class=\"MsoBodyText\" style=\"margin-top:4px; margin-bottom:4px\"><span style=\"font-family:Arial;\"><span style=\"font-size:11pt\"><span lang=\"EN-US\" style=\"font-size:12.0pt\">Communiqu\u00e9 de presse sur les r\u00e9sultats de l&rsquo;exercice 2023 (07:00 CET)<\/span><br \/>\t\t\t<span lang=\"EN-US\" style=\"font-size:12.0pt\">Conf\u00e9rence pour les analystes et les m\u00e9dias (09:00 CET)<\/span><\/span><\/span><\/p>\n<\/td>\n<\/tr>\n<tr>\n<td style=\"border-bottom:1px solid black; width:125px; padding:6px 7px 6px 7px; border-top:none; border-right:1px solid black; border-left:1px solid black\" valign=\"top\">\n<p class=\"MsoBodyText\" style=\"margin-top:4px; margin-bottom:4px\"><span style=\"font-family:Arial;\"><span style=\"font-size:11pt\"><b><span lang=\"EN-US\" style=\"font-size:12.0pt\">18 avril<\/span><\/b><\/span><\/span><\/p>\n<\/td>\n<td style=\"border-bottom:1px solid black; width:501px; padding:6px 7px 6px 7px; border-top:none; border-right:1px solid black; border-left:none\" valign=\"top\">\n<p class=\"MsoBodyText\" style=\"margin-top:4px; margin-bottom:4px\"><span style=\"font-family:Arial;\"><span style=\"font-size:11pt\"><span lang=\"EN-US\" style=\"font-size:12.0pt\">AGM Assembl\u00e9e g\u00e9n\u00e9rale annuelle (16:30 CET) \u00e0 Pf\u00e4ffikon SZ.<\/span><br \/>\t\t\t<span lang=\"EN-US\" style=\"font-size:12.0pt\">Communiqu\u00e9 de presse sur les r\u00e9sultats du chiffre d&rsquo;affaires net pour le premier trimestre 2024 (apr\u00e8s 18:00 CET)<\/span><\/span><\/span><\/p>\n<\/td>\n<\/tr>\n<tr>\n<td style=\"border-bottom:1px solid black; width:125px; padding:6px 7px 6px 7px; border-top:none; border-right:1px solid black; border-left:1px solid black\" valign=\"top\">\n<p class=\"MsoBodyText\" style=\"margin-top:4px; margin-bottom:4px\"><span style=\"font-family:Arial;\"><span style=\"font-size:11pt\"><b><span lang=\"EN-US\" style=\"font-size:12.0pt\"><span style=\"color:black\">19 ao\u00fbt<\/span><\/span><\/b><\/span><\/span><\/p>\n<\/td>\n<td style=\"border-bottom:1px solid black; width:501px; padding:6px 7px 6px 7px; border-top:none; border-right:1px solid black; border-left:none\" valign=\"top\">\n<p class=\"MsoBodyText\" style=\"margin-top:4px; margin-bottom:4px\"><span style=\"font-family:Arial;\"><span style=\"font-size:11pt\"><span lang=\"EN-US\" style=\"font-size:12.0pt\">Communiqu\u00e9 de presse sur les r\u00e9sultats semestriels 2024 (07:00 CET), <\/span><br \/>\t\t\t<span lang=\"EN-US\" style=\"font-size:12.0pt\">Conf\u00e9rence t\u00e9l\u00e9phonique pour les analystes et les m\u00e9dias (09:00 CET)<\/span><\/span><\/span><\/p>\n<\/td>\n<\/tr>\n<tr>\n<td style=\"border-bottom:1px solid black; width:125px; padding:0cm 7px 0cm 7px; border-top:none; border-right:1px solid black; border-left:1px solid black\" valign=\"top\">\n<p class=\"MsoBodyText\" style=\"margin-top:8px; margin-bottom:8px\"><span style=\"font-family:Arial;\"><span style=\"font-size:11pt\"><b><span lang=\"EN-US\" style=\"font-size:12.0pt\"><span style=\"color:black\">31 octobre<\/span><\/span><\/b><\/span><\/span><\/p>\n<\/td>\n<td style=\"border-bottom:1px solid black; width:501px; padding:0cm 7px 0cm 7px; border-top:none; border-right:1px solid black; border-left:none\" valign=\"top\">\n<p class=\"MsoBodyText\" style=\"margin-top:8px; margin-bottom:8px\"><span style=\"font-family:Arial;\"><span style=\"font-size:11pt\"><span lang=\"EN-US\" style=\"font-size:12.0pt\">Communiqu\u00e9 de presse sur les r\u00e9sultats des ventes nettes pour le troisi\u00e8me trimestre et les neuf premiers mois de 2024 <\/span><br \/>\t\t\t<span lang=\"EN-US\" style=\"font-size:12.0pt\">(apr\u00e8s 17:45 CET) <\/span> <\/span><\/span>\t\t\t <\/p>\n<\/td>\n<\/tr>\n<\/tbody>\n<\/table>\n<p class=\"MsoBodyText\" style=\"margin-top:8px; margin-right:53px; text-align:justify\">\n<p class=\"MsoBodyText\" style=\"margin-top: 8px; margin-right: 53px;\"><span style=\"font-size:11pt\"><span style=\"text-justify:inter-ideograph\"><span style=\"line-height:117%\"><span>D&rsquo;autres \u00e9v\u00e9nements et tourn\u00e9es de pr\u00e9sentation sont publi\u00e9s dans le <b>calendrier en ligne des investisseurs<\/b> sur le site web de Gurit : <a href=\"https:\/\/eqs-cockpit.com\/cgi-bin\/fncls.ssp?fn=redirect&amp;url=a87da28848ad7f5bd569fdd3fb1b64db&amp;application_id=1731959&amp;site_id=news_data&amp;application_name=news\">gurit2.3ddev.de\/financial-calendar\/. <\/a> <\/span><\/span><\/span><\/span><\/p>\n<\/p>\n<\/div>\n<div id=\"\" style=\"word-break : break-word ; padding : 4px 8px 8px 8px ;  \" markup=\"footer\">\n<p><span style=\"color:#000000;\"><span style=\"font-size:11px;\"><span style=\"font-family:Arial,Helvetica,sans-serif;\"><strong>\u00c0 propos de Gurit<\/strong><\/span><\/span><\/span><br \/><span style=\"font-size:11px;\"><span style=\"font-family:Arial;\"><span lang=\"EN-GB\">Les filiales de Gurit Holding AG, Wattwil\/Suisse, (SIX Swiss Exchange : GURN) sont sp\u00e9cialis\u00e9es dans le d\u00e9veloppement et la fabrication de mat\u00e9riaux composites avanc\u00e9s, d&rsquo;\u00e9quipements d&rsquo;outillage composites et de services de kitting. La gamme de produits comprend des mat\u00e9riaux de base structuraux, des profil\u00e9s structuraux, des pr\u00e9impr\u00e9gn\u00e9s, des produits formul\u00e9s tels que des adh\u00e9sifs et des r\u00e9sines, ainsi que l&rsquo;ing\u00e9nierie des composites structuraux. Gurit approvisionne des march\u00e9s mondiaux en pleine croissance tels que l&rsquo;industrie des \u00e9oliennes, la marine, le b\u00e2timent et bien d&rsquo;autres encore. Gurit exploite des sites de production et des bureaux en Australie, au Canada, en Chine, au Danemark, en \u00c9quateur, en Inde, en Italie, au Mexique, en Nouvelle-Z\u00e9lande, en Pologne, en Espagne, en Suisse, en Turquie, au Royaume-Uni et aux \u00c9tats-Unis.<\/span><\/span><\/span><br \/><span style=\"border:none windowtext 1.0pt; font-size:7.5pt; padding:0cm\"><span style=\"font-family:\"Arial\",sans-serif\"><span style=\"color:black\"><a href=\"https:\/\/eqs-cockpit.com\/cgi-bin\/fncls.ssp?fn=redirect&amp;url=894129cf7cd5d0395d56942f73e54ba1&amp;application_id=1731959&amp;site_id=news_data&amp;application_name=news\" style=\"color:#00458a; border:1pt none windowtext; padding:0cm; text-decoration:none\">gurit2.3ddev.de\/<\/a><\/span><\/span><\/span><\/p>\n<\/div>\n<div id=\"\" style=\"word-break : break-word ; padding : 8px ;  \" markup=\"contact\">\n<p><span style=\"font-size:11px;\"><span style=\"font-family:Arial;\"><strong>Gurit Group Communications<\/strong><br \/>T\u00e9l\u00e9phone : +41 44 316 15 50<br \/>E-mail : investor (at) gurit.com<\/span><\/span><\/p>\n<\/div>\n<div id=\"\" style=\"word-break : break-word ; padding : 8px ;  \" markup=\"disclaimer\">\n<p><span style=\"font-size:8px;\"><span style=\"font-family:Arial;\"><span style=\"line-height:115%\"><span lang=\"EN-GB\"><span style=\"line-height:115%\">Toutes les marques commerciales utilis\u00e9es ou mentionn\u00e9es dans le pr\u00e9sent communiqu\u00e9 sont prot\u00e9g\u00e9es par la loi.<\/span><\/span><\/span><\/span><\/span><\/p>\n<p><span style=\"font-size:8px;\"><span style=\"font-family:Arial;\"><strong>D\u00e9clarations prospectives :<\/strong><br \/>Dans la mesure o\u00f9 cette annonce contient des d\u00e9clarations prospectives, ces d\u00e9clarations sont bas\u00e9es sur des hypoth\u00e8ses, des planifications et des pr\u00e9visions au moment de la publication de cette annonce. Les d\u00e9clarations prospectives comportent toujours des incertitudes. Les risques et d\u00e9veloppements \u00e9conomiques et commerciaux, la conduite des concurrents, les d\u00e9cisions politiques et d&rsquo;autres facteurs peuvent faire en sorte que les r\u00e9sultats r\u00e9els soient mat\u00e9riellement diff\u00e9rents des hypoth\u00e8ses, planifications et pr\u00e9visions au moment de la publication de cette annonce. Par cons\u00e9quent, Gurit Holding AG n&rsquo;assume aucune responsabilit\u00e9 concernant les d\u00e9clarations prospectives contenues dans cette annonce.   <\/span><\/span><\/p>\n<\/div>\n<\/div>\n<p class=\"\">\n<p><img loading=\"lazy\" decoding=\"async\" src=\"https:\/\/eqs-cockpit.com\/cgi-bin\/fncls.ssp?fn=show_t_gif&amp;application_id=1731959&amp;application_name=news&amp;site_id=news_data\" alt=\"montrer ceci\" width=\"0\" height=\"0\" border=\"0\">[\/et_pb_text][\/et_pb_column]<br \/>\n\t\t\t[\/et_pb_row]<br \/>\n\t\t[\/et_pb_section]<\/p>\n","protected":false},"excerpt":{"rendered":"<p>Zurich, le 21 septembre 2023Gurit (SIX Swiss Exchange : GURN) a publi\u00e9 aujourd&rsquo;hui son calendrier financier pour l&rsquo;ann\u00e9e civile 2024. Les r\u00e9sultats pr\u00e9liminaires et non audit\u00e9s du chiffre d&rsquo;affaires net [&hellip;]<\/p>\n","protected":false},"author":1,"featured_media":0,"comment_status":"closed","ping_status":"closed","sticky":false,"template":"","format":"standard","meta":{"_et_pb_use_builder":"on","_et_pb_old_content":"","_et_gb_content_width":"","footnotes":""},"categories":[83],"tags":[],"class_list":["post-22456","post","type-post","status-publish","format-standard","hentry","category-eqsmedia"],"yoast_head":"<!-- This site is optimized with the Yoast SEO Premium plugin v27.4 (Yoast SEO v27.4) - https:\/\/yoast.com\/product\/yoast-seo-premium-wordpress\/ -->\n<title>Calendrier financier de Gurit 2024 - Gurit.<\/title>\n<meta name=\"robots\" content=\"index, follow, max-snippet:-1, max-image-preview:large, max-video-preview:-1\" \/>\n<link rel=\"canonical\" href=\"https:\/\/www.gurit.com\/fr\/calendrier-financier-de-gurit-2024\/\" \/>\n<meta property=\"og:locale\" content=\"fr_FR\" \/>\n<meta property=\"og:type\" content=\"article\" \/>\n<meta property=\"og:title\" content=\"Calendrier financier de Gurit 2024\" \/>\n<meta property=\"og:description\" content=\"Zurich, le 21 septembre 2023Gurit (SIX Swiss Exchange : GURN) a publi\u00e9 aujourd&#039;hui son calendrier financier pour l&#039;ann\u00e9e civile 2024. Les r\u00e9sultats pr\u00e9liminaires et non audit\u00e9s du chiffre d&#039;affaires net [&hellip;]\" \/>\n<meta property=\"og:url\" content=\"https:\/\/www.gurit.com\/fr\/calendrier-financier-de-gurit-2024\/\" \/>\n<meta property=\"og:site_name\" content=\"Gurit\" \/>\n<meta property=\"article:publisher\" content=\"https:\/\/www.facebook.com\/GuritGroup\" \/>\n<meta property=\"article:published_time\" content=\"2023-09-21T13:50:17+00:00\" \/>\n<meta property=\"article:modified_time\" content=\"2026-04-26T13:40:49+00:00\" \/>\n<meta property=\"og:image\" content=\"https:\/\/eqs-cockpit.com\/cgi-bin\/fncls.ssp?fn=show_t_gif&amp;application_id=1731959&amp;application_name=news&amp;site_id=news_data\" \/>\n<meta name=\"author\" content=\"simplicate\" \/>\n<meta name=\"twitter:card\" content=\"summary_large_image\" \/>\n<meta name=\"twitter:creator\" content=\"@guritgroup\" \/>\n<meta name=\"twitter:site\" content=\"@guritgroup\" \/>\n<meta name=\"twitter:label1\" content=\"\u00c9crit par\" \/>\n\t<meta name=\"twitter:data1\" content=\"simplicate\" \/>\n\t<meta name=\"twitter:label2\" content=\"Dur\u00e9e de lecture estim\u00e9e\" \/>\n\t<meta name=\"twitter:data2\" content=\"4 minutes\" \/>\n<script type=\"application\/ld+json\" class=\"yoast-schema-graph\">{\"@context\":\"https:\\\/\\\/schema.org\",\"@graph\":[{\"@type\":\"Article\",\"@id\":\"https:\\\/\\\/www.gurit.com\\\/fr\\\/calendrier-financier-de-gurit-2024\\\/#article\",\"isPartOf\":{\"@id\":\"https:\\\/\\\/www.gurit.com\\\/fr\\\/calendrier-financier-de-gurit-2024\\\/\"},\"author\":{\"name\":\"simplicate\",\"@id\":\"https:\\\/\\\/www.gurit.com\\\/fr\\\/#\\\/schema\\\/person\\\/a65cd32243d78bacdfa692f5fd6008cc\"},\"headline\":\"Calendrier financier de Gurit 2024\",\"datePublished\":\"2023-09-21T13:50:17+00:00\",\"dateModified\":\"2026-04-26T13:40:49+00:00\",\"mainEntityOfPage\":{\"@id\":\"https:\\\/\\\/www.gurit.com\\\/fr\\\/calendrier-financier-de-gurit-2024\\\/\"},\"wordCount\":835,\"publisher\":{\"@id\":\"https:\\\/\\\/www.gurit.com\\\/fr\\\/#organization\"},\"image\":{\"@id\":\"https:\\\/\\\/www.gurit.com\\\/fr\\\/calendrier-financier-de-gurit-2024\\\/#primaryimage\"},\"thumbnailUrl\":\"https:\\\/\\\/eqs-cockpit.com\\\/cgi-bin\\\/fncls.ssp?fn=show_t_gif&amp;application_id=1731959&amp;application_name=news&amp;site_id=news_data\",\"articleSection\":[\"EQSmedia\"],\"inLanguage\":\"fr-FR\"},{\"@type\":\"WebPage\",\"@id\":\"https:\\\/\\\/www.gurit.com\\\/fr\\\/calendrier-financier-de-gurit-2024\\\/\",\"url\":\"https:\\\/\\\/www.gurit.com\\\/fr\\\/calendrier-financier-de-gurit-2024\\\/\",\"name\":\"Calendrier financier de Gurit 2024 - Gurit.\",\"isPartOf\":{\"@id\":\"https:\\\/\\\/www.gurit.com\\\/fr\\\/#website\"},\"primaryImageOfPage\":{\"@id\":\"https:\\\/\\\/www.gurit.com\\\/fr\\\/calendrier-financier-de-gurit-2024\\\/#primaryimage\"},\"image\":{\"@id\":\"https:\\\/\\\/www.gurit.com\\\/fr\\\/calendrier-financier-de-gurit-2024\\\/#primaryimage\"},\"thumbnailUrl\":\"https:\\\/\\\/eqs-cockpit.com\\\/cgi-bin\\\/fncls.ssp?fn=show_t_gif&amp;application_id=1731959&amp;application_name=news&amp;site_id=news_data\",\"datePublished\":\"2023-09-21T13:50:17+00:00\",\"dateModified\":\"2026-04-26T13:40:49+00:00\",\"breadcrumb\":{\"@id\":\"https:\\\/\\\/www.gurit.com\\\/fr\\\/calendrier-financier-de-gurit-2024\\\/#breadcrumb\"},\"inLanguage\":\"fr-FR\",\"potentialAction\":[{\"@type\":\"ReadAction\",\"target\":[\"https:\\\/\\\/www.gurit.com\\\/fr\\\/calendrier-financier-de-gurit-2024\\\/\"]}]},{\"@type\":\"ImageObject\",\"inLanguage\":\"fr-FR\",\"@id\":\"https:\\\/\\\/www.gurit.com\\\/fr\\\/calendrier-financier-de-gurit-2024\\\/#primaryimage\",\"url\":\"https:\\\/\\\/eqs-cockpit.com\\\/cgi-bin\\\/fncls.ssp?fn=show_t_gif&amp;application_id=1731959&amp;application_name=news&amp;site_id=news_data\",\"contentUrl\":\"https:\\\/\\\/eqs-cockpit.com\\\/cgi-bin\\\/fncls.ssp?fn=show_t_gif&amp;application_id=1731959&amp;application_name=news&amp;site_id=news_data\"},{\"@type\":\"BreadcrumbList\",\"@id\":\"https:\\\/\\\/www.gurit.com\\\/fr\\\/calendrier-financier-de-gurit-2024\\\/#breadcrumb\",\"itemListElement\":[{\"@type\":\"ListItem\",\"position\":1,\"name\":\"Startseite\",\"item\":\"https:\\\/\\\/www.gurit.com\\\/fr\\\/marches\\\/\"},{\"@type\":\"ListItem\",\"position\":2,\"name\":\"Calendrier financier de Gurit 2024\"}]},{\"@type\":\"WebSite\",\"@id\":\"https:\\\/\\\/www.gurit.com\\\/fr\\\/#website\",\"url\":\"https:\\\/\\\/www.gurit.com\\\/fr\\\/\",\"name\":\"Gurit\",\"description\":\"Composites avanc\u00e9s pour l'\u00e9nergie \u00e9olienne, la marine, la construction et d'autres industries\",\"publisher\":{\"@id\":\"https:\\\/\\\/www.gurit.com\\\/fr\\\/#organization\"},\"potentialAction\":[{\"@type\":\"SearchAction\",\"target\":{\"@type\":\"EntryPoint\",\"urlTemplate\":\"https:\\\/\\\/www.gurit.com\\\/fr\\\/?s={search_term_string}\"},\"query-input\":{\"@type\":\"PropertyValueSpecification\",\"valueRequired\":true,\"valueName\":\"search_term_string\"}}],\"inLanguage\":\"fr-FR\"},{\"@type\":\"Organization\",\"@id\":\"https:\\\/\\\/www.gurit.com\\\/fr\\\/#organization\",\"name\":\"Gurit\",\"url\":\"https:\\\/\\\/www.gurit.com\\\/fr\\\/\",\"logo\":{\"@type\":\"ImageObject\",\"inLanguage\":\"fr-FR\",\"@id\":\"https:\\\/\\\/www.gurit.com\\\/fr\\\/#\\\/schema\\\/logo\\\/image\\\/\",\"url\":\"https:\\\/\\\/www.gurit.com\\\/wp-content\\\/uploads\\\/2021\\\/12\\\/gurit-logo.png\",\"contentUrl\":\"https:\\\/\\\/www.gurit.com\\\/wp-content\\\/uploads\\\/2021\\\/12\\\/gurit-logo.png\",\"width\":262,\"height\":100,\"caption\":\"Gurit\"},\"image\":{\"@id\":\"https:\\\/\\\/www.gurit.com\\\/fr\\\/#\\\/schema\\\/logo\\\/image\\\/\"},\"sameAs\":[\"https:\\\/\\\/www.facebook.com\\\/GuritGroup\",\"https:\\\/\\\/x.com\\\/guritgroup\",\"https:\\\/\\\/www.linkedin.com\\\/company\\\/gurit\\\/\"]},{\"@type\":\"Person\",\"@id\":\"https:\\\/\\\/www.gurit.com\\\/fr\\\/#\\\/schema\\\/person\\\/a65cd32243d78bacdfa692f5fd6008cc\",\"name\":\"simplicate\",\"image\":{\"@type\":\"ImageObject\",\"inLanguage\":\"fr-FR\",\"@id\":\"https:\\\/\\\/secure.gravatar.com\\\/avatar\\\/9a8f9ff1310a9be563f7bb74ad701c675616de3f72f797dc49f714eb54922b80?s=96&d=mm&r=g\",\"url\":\"https:\\\/\\\/secure.gravatar.com\\\/avatar\\\/9a8f9ff1310a9be563f7bb74ad701c675616de3f72f797dc49f714eb54922b80?s=96&d=mm&r=g\",\"contentUrl\":\"https:\\\/\\\/secure.gravatar.com\\\/avatar\\\/9a8f9ff1310a9be563f7bb74ad701c675616de3f72f797dc49f714eb54922b80?s=96&d=mm&r=g\",\"caption\":\"simplicate\"},\"sameAs\":[\"http:\\\/\\\/gurit.simplicate.de\"],\"url\":\"https:\\\/\\\/www.gurit.com\\\/fr\\\/author\\\/simplicate_gur\\\/\"}]}<\/script>\n<!-- \/ Yoast SEO Premium plugin. -->","yoast_head_json":{"title":"Calendrier financier de Gurit 2024 - Gurit.","robots":{"index":"index","follow":"follow","max-snippet":"max-snippet:-1","max-image-preview":"max-image-preview:large","max-video-preview":"max-video-preview:-1"},"canonical":"https:\/\/www.gurit.com\/fr\/calendrier-financier-de-gurit-2024\/","og_locale":"fr_FR","og_type":"article","og_title":"Calendrier financier de Gurit 2024","og_description":"Zurich, le 21 septembre 2023Gurit (SIX Swiss Exchange : GURN) a publi\u00e9 aujourd'hui son calendrier financier pour l'ann\u00e9e civile 2024. Les r\u00e9sultats pr\u00e9liminaires et non audit\u00e9s du chiffre d'affaires net [&hellip;]","og_url":"https:\/\/www.gurit.com\/fr\/calendrier-financier-de-gurit-2024\/","og_site_name":"Gurit","article_publisher":"https:\/\/www.facebook.com\/GuritGroup","article_published_time":"2023-09-21T13:50:17+00:00","article_modified_time":"2026-04-26T13:40:49+00:00","og_image":[{"url":"https:\/\/eqs-cockpit.com\/cgi-bin\/fncls.ssp?fn=show_t_gif&amp;application_id=1731959&amp;application_name=news&amp;site_id=news_data","type":"","width":"","height":""}],"author":"simplicate","twitter_card":"summary_large_image","twitter_creator":"@guritgroup","twitter_site":"@guritgroup","twitter_misc":{"\u00c9crit par":"simplicate","Dur\u00e9e de lecture estim\u00e9e":"4 minutes"},"schema":{"@context":"https:\/\/schema.org","@graph":[{"@type":"Article","@id":"https:\/\/www.gurit.com\/fr\/calendrier-financier-de-gurit-2024\/#article","isPartOf":{"@id":"https:\/\/www.gurit.com\/fr\/calendrier-financier-de-gurit-2024\/"},"author":{"name":"simplicate","@id":"https:\/\/www.gurit.com\/fr\/#\/schema\/person\/a65cd32243d78bacdfa692f5fd6008cc"},"headline":"Calendrier financier de Gurit 2024","datePublished":"2023-09-21T13:50:17+00:00","dateModified":"2026-04-26T13:40:49+00:00","mainEntityOfPage":{"@id":"https:\/\/www.gurit.com\/fr\/calendrier-financier-de-gurit-2024\/"},"wordCount":835,"publisher":{"@id":"https:\/\/www.gurit.com\/fr\/#organization"},"image":{"@id":"https:\/\/www.gurit.com\/fr\/calendrier-financier-de-gurit-2024\/#primaryimage"},"thumbnailUrl":"https:\/\/eqs-cockpit.com\/cgi-bin\/fncls.ssp?fn=show_t_gif&amp;application_id=1731959&amp;application_name=news&amp;site_id=news_data","articleSection":["EQSmedia"],"inLanguage":"fr-FR"},{"@type":"WebPage","@id":"https:\/\/www.gurit.com\/fr\/calendrier-financier-de-gurit-2024\/","url":"https:\/\/www.gurit.com\/fr\/calendrier-financier-de-gurit-2024\/","name":"Calendrier financier de Gurit 2024 - Gurit.","isPartOf":{"@id":"https:\/\/www.gurit.com\/fr\/#website"},"primaryImageOfPage":{"@id":"https:\/\/www.gurit.com\/fr\/calendrier-financier-de-gurit-2024\/#primaryimage"},"image":{"@id":"https:\/\/www.gurit.com\/fr\/calendrier-financier-de-gurit-2024\/#primaryimage"},"thumbnailUrl":"https:\/\/eqs-cockpit.com\/cgi-bin\/fncls.ssp?fn=show_t_gif&amp;application_id=1731959&amp;application_name=news&amp;site_id=news_data","datePublished":"2023-09-21T13:50:17+00:00","dateModified":"2026-04-26T13:40:49+00:00","breadcrumb":{"@id":"https:\/\/www.gurit.com\/fr\/calendrier-financier-de-gurit-2024\/#breadcrumb"},"inLanguage":"fr-FR","potentialAction":[{"@type":"ReadAction","target":["https:\/\/www.gurit.com\/fr\/calendrier-financier-de-gurit-2024\/"]}]},{"@type":"ImageObject","inLanguage":"fr-FR","@id":"https:\/\/www.gurit.com\/fr\/calendrier-financier-de-gurit-2024\/#primaryimage","url":"https:\/\/eqs-cockpit.com\/cgi-bin\/fncls.ssp?fn=show_t_gif&amp;application_id=1731959&amp;application_name=news&amp;site_id=news_data","contentUrl":"https:\/\/eqs-cockpit.com\/cgi-bin\/fncls.ssp?fn=show_t_gif&amp;application_id=1731959&amp;application_name=news&amp;site_id=news_data"},{"@type":"BreadcrumbList","@id":"https:\/\/www.gurit.com\/fr\/calendrier-financier-de-gurit-2024\/#breadcrumb","itemListElement":[{"@type":"ListItem","position":1,"name":"Startseite","item":"https:\/\/www.gurit.com\/fr\/marches\/"},{"@type":"ListItem","position":2,"name":"Calendrier financier de Gurit 2024"}]},{"@type":"WebSite","@id":"https:\/\/www.gurit.com\/fr\/#website","url":"https:\/\/www.gurit.com\/fr\/","name":"Gurit","description":"Composites avanc\u00e9s pour l'\u00e9nergie \u00e9olienne, la marine, la construction et d'autres industries","publisher":{"@id":"https:\/\/www.gurit.com\/fr\/#organization"},"potentialAction":[{"@type":"SearchAction","target":{"@type":"EntryPoint","urlTemplate":"https:\/\/www.gurit.com\/fr\/?s={search_term_string}"},"query-input":{"@type":"PropertyValueSpecification","valueRequired":true,"valueName":"search_term_string"}}],"inLanguage":"fr-FR"},{"@type":"Organization","@id":"https:\/\/www.gurit.com\/fr\/#organization","name":"Gurit","url":"https:\/\/www.gurit.com\/fr\/","logo":{"@type":"ImageObject","inLanguage":"fr-FR","@id":"https:\/\/www.gurit.com\/fr\/#\/schema\/logo\/image\/","url":"https:\/\/www.gurit.com\/wp-content\/uploads\/2021\/12\/gurit-logo.png","contentUrl":"https:\/\/www.gurit.com\/wp-content\/uploads\/2021\/12\/gurit-logo.png","width":262,"height":100,"caption":"Gurit"},"image":{"@id":"https:\/\/www.gurit.com\/fr\/#\/schema\/logo\/image\/"},"sameAs":["https:\/\/www.facebook.com\/GuritGroup","https:\/\/x.com\/guritgroup","https:\/\/www.linkedin.com\/company\/gurit\/"]},{"@type":"Person","@id":"https:\/\/www.gurit.com\/fr\/#\/schema\/person\/a65cd32243d78bacdfa692f5fd6008cc","name":"simplicate","image":{"@type":"ImageObject","inLanguage":"fr-FR","@id":"https:\/\/secure.gravatar.com\/avatar\/9a8f9ff1310a9be563f7bb74ad701c675616de3f72f797dc49f714eb54922b80?s=96&d=mm&r=g","url":"https:\/\/secure.gravatar.com\/avatar\/9a8f9ff1310a9be563f7bb74ad701c675616de3f72f797dc49f714eb54922b80?s=96&d=mm&r=g","contentUrl":"https:\/\/secure.gravatar.com\/avatar\/9a8f9ff1310a9be563f7bb74ad701c675616de3f72f797dc49f714eb54922b80?s=96&d=mm&r=g","caption":"simplicate"},"sameAs":["http:\/\/gurit.simplicate.de"],"url":"https:\/\/www.gurit.com\/fr\/author\/simplicate_gur\/"}]}},"_links":{"self":[{"href":"https:\/\/www.gurit.com\/fr\/wp-json\/wp\/v2\/posts\/22456","targetHints":{"allow":["GET"]}}],"collection":[{"href":"https:\/\/www.gurit.com\/fr\/wp-json\/wp\/v2\/posts"}],"about":[{"href":"https:\/\/www.gurit.com\/fr\/wp-json\/wp\/v2\/types\/post"}],"author":[{"embeddable":true,"href":"https:\/\/www.gurit.com\/fr\/wp-json\/wp\/v2\/users\/1"}],"replies":[{"embeddable":true,"href":"https:\/\/www.gurit.com\/fr\/wp-json\/wp\/v2\/comments?post=22456"}],"version-history":[{"count":4,"href":"https:\/\/www.gurit.com\/fr\/wp-json\/wp\/v2\/posts\/22456\/revisions"}],"predecessor-version":[{"id":22465,"href":"https:\/\/www.gurit.com\/fr\/wp-json\/wp\/v2\/posts\/22456\/revisions\/22465"}],"wp:attachment":[{"href":"https:\/\/www.gurit.com\/fr\/wp-json\/wp\/v2\/media?parent=22456"}],"wp:term":[{"taxonomy":"category","embeddable":true,"href":"https:\/\/www.gurit.com\/fr\/wp-json\/wp\/v2\/categories?post=22456"},{"taxonomy":"post_tag","embeddable":true,"href":"https:\/\/www.gurit.com\/fr\/wp-json\/wp\/v2\/tags?post=22456"}],"curies":[{"name":"wp","href":"https:\/\/api.w.org\/{rel}","templated":true}]}}