{"id":22492,"date":"2024-02-13T05:45:10","date_gmt":"2024-02-13T04:45:10","guid":{"rendered":"https:\/\/www.gurit.com\/gurit-annonce-la-nomination-de-javier-perez-freije-au-poste-de-directeur-financier-et-de-karen-glauser-au-poste-de-directrice-des-ressources-humaines-du-groupe\/"},"modified":"2024-02-13T05:45:10","modified_gmt":"2024-02-13T04:45:10","slug":"gurit-annonce-la-nomination-de-javier-perez-freije-au-poste-de-directeur-financier-et-de-karen-glauser-au-poste-de-directrice-des-ressources-humaines-du-groupe","status":"publish","type":"post","link":"https:\/\/www.gurit.com\/fr\/gurit-annonce-la-nomination-de-javier-perez-freije-au-poste-de-directeur-financier-et-de-karen-glauser-au-poste-de-directrice-des-ressources-humaines-du-groupe\/","title":{"rendered":"Gurit annonce la nomination de Javier Perez Freije au poste de directeur financier et de Karen Glauser au poste de directrice des ressources humaines du groupe."},"content":{"rendered":"<table class=\"news_layout style2015\" border=\"0\" cellpadding=\"0\" cellspacing=\"0\">\n<tr>\n<td>\n<div class=\"break-word news_main\">\n<div id=\"\" markup=\"intro\">\n<p><span><span><span>Zurich, le 13 f\u00e9vrier 2024<\/span><\/span><\/span><\/p>\n<\/div>\n<div id=\"\" markup=\"lead\">\n<p><span><span><span><strong>Gurit (SIX Swiss Exchange : GURN) &#8211; Le conseil d&rsquo;administration de Gurit Holding AG a nomm\u00e9 le Dr. Javier Perez Freije au poste de directeur financier (CFO) et Karen Glauser au poste de directrice des ressources humaines du groupe.<\/strong><\/span><\/span><\/span><\/p>\n<\/div>\n<div id=\"\" markup=\"content\">\n<p><span><span><span>Javier rejoint Gurit Holding AG en provenance du groupe Mikron \u00e0 compter du 1er mai 2024. Il apporte son exp\u00e9rience de Netstal Maschinen AG et d&rsquo;Autoneum. Javier est de nationalit\u00e9 espagnole et est titulaire d&rsquo;un master en administration des affaires et en ing\u00e9nierie de l&rsquo;universit\u00e9 de Siegen (Allemagne) et d&rsquo;un doctorat de l&rsquo;universit\u00e9 de Saint-Gall.    <\/span><\/span><\/span><\/p>\n<p><span><span><span>Javier poss\u00e8de des qualifications exceptionnelles pour le poste de directeur financier, gr\u00e2ce \u00e0 sa grande expertise dans le domaine de la finance et \u00e0 son exp\u00e9rience diversifi\u00e9e dans de multiples secteurs d&rsquo;activit\u00e9. Javier reprendra la fonction de CFO de Gurit Holding AG en remplacement de Philippe Wirth qui quittera Gurit fin mars 2024. <\/span><\/span><\/span><\/p>\n<p><span><span><span>Karen a rejoint Gurit Holding AG en provenance d&rsquo;UPL Ltd le 1er f\u00e9vrier 2024. Elle a acquis son exp\u00e9rience chez Thermo Fisher Scientific Inc. et F. Hofmann La Roche AG. Karen est citoyenne suisse et n\u00e9o-z\u00e9landaise et est titulaire d&rsquo;un Master of Science de HEC (Paris).  <\/span><\/span><\/span><\/p>\n<p><span><span><span>Karen apporte des connaissances et des comp\u00e9tences consid\u00e9rables dans divers secteurs d&rsquo;activit\u00e9. Elle succ\u00e8de \u00e0 Hannes Haueis, qui a quitt\u00e9 Gurit fin novembre 2023, en tant que responsable des ressources humaines du groupe Gurit Holding AG. <\/span><\/span><\/span><\/p>\n<\/div>\n<div id=\"\" markup=\"footer\">\n<p><span><span><span><strong>\u00c0 propos de Gurit<\/strong><\/span><\/span><\/span><br \/><span><span><span lang=\"EN-GB\">Les filiales de Gurit Holding AG, Wattwil\/Suisse, (SIX Swiss Exchange : GURN) sont sp\u00e9cialis\u00e9es dans le d\u00e9veloppement et la fabrication de mat\u00e9riaux composites avanc\u00e9s, d&rsquo;\u00e9quipements d&rsquo;outillage composites et de services de kitting. La gamme de produits comprend des mat\u00e9riaux de base structuraux, des profil\u00e9s structuraux, des pr\u00e9impr\u00e9gn\u00e9s, des produits formul\u00e9s tels que des adh\u00e9sifs et des r\u00e9sines, ainsi que l&rsquo;ing\u00e9nierie des composites structuraux. Gurit approvisionne des march\u00e9s mondiaux en pleine croissance tels que l&rsquo;industrie des \u00e9oliennes, la marine, le b\u00e2timent et bien d&rsquo;autres encore. Gurit exploite des sites de production et des bureaux en Australie, au Canada, en Chine, au Danemark, en \u00c9quateur, en Inde, en Italie, au Mexique, en Nouvelle-Z\u00e9lande, en Pologne, en Espagne, en Suisse, en Turquie, au Royaume-Uni et aux \u00c9tats-Unis.  <\/span><\/span><\/span><br \/><span><span><span><a href=\"https:\/\/eqs-cockpit.com\/cgi-bin\/fncls.ssp?fn=redirect&amp;url=894129cf7cd5d0395d56942f73e54ba1&amp;application_id=1835699&amp;site_id=news_data&amp;application_name=news\" style=\"text-decoration: none;\">gurit2.3ddev.de\/<\/a><\/span><\/span><\/span><\/p>\n<\/div>\n<div id=\"\" markup=\"contact\">\n<p><span><span><strong>Communications du groupe Gurit  <\/strong><\/span><\/span><\/p>\n<p><span><span>T\u00e9l\u00e9phone : +41 44 316 15 50, e-mail : investisseur (at) gurit.com +41 44 316 15 50, e-mail : investor (at) gurit.com  <\/span><\/span><\/p>\n<p><span><span>Toutes les marques commerciales utilis\u00e9es ou mentionn\u00e9es dans le pr\u00e9sent communiqu\u00e9 sont prot\u00e9g\u00e9es par la loi.  <\/span><\/span><\/p>\n<\/div>\n<div id=\"\" markup=\"disclaimer\">\n<p><span><span><strong>D\u00e9clarations prospectives :<\/strong><br \/>Dans la mesure o\u00f9 cette annonce contient des d\u00e9clarations prospectives, ces d\u00e9clarations sont bas\u00e9es sur des hypoth\u00e8ses, des planifications et des pr\u00e9visions au moment de la publication de cette annonce. Les d\u00e9clarations prospectives comportent toujours des incertitudes. Les risques et d\u00e9veloppements \u00e9conomiques et commerciaux, la conduite des concurrents, les d\u00e9cisions politiques et d&rsquo;autres facteurs peuvent faire en sorte que les r\u00e9sultats r\u00e9els soient mat\u00e9riellement diff\u00e9rents des hypoth\u00e8ses, planifications et pr\u00e9visions au moment de la publication de cette annonce. Par cons\u00e9quent, Gurit Holding AG n&rsquo;assume aucune responsabilit\u00e9 concernant les d\u00e9clarations prospectives contenues dans cette annonce.   <\/span><\/span><\/p>\n<\/div>\n<\/div>\n<p class=\"\">\n<p><img loading=\"lazy\" decoding=\"async\" src=\"https:\/\/eqs-cockpit.com\/cgi-bin\/fncls.ssp?fn=show_t_gif&amp;application_id=1835699&amp;application_name=news&amp;site_id=news_data\" alt=\"montrer ceci\" width=\"0\" height=\"0\" border=\"0\"><\/p>\n<!-- WP Attachments -->\r\n        <div style=\"width:100%;margin:10px 0 10px 0;\">\r\n            <h3>Attachments<\/h3>\r\n        <ul class=\"post-attachments\"><li class=\"post-attachment mime-application-pdf\"><a target=\"_blank\" rel=\"noopener noreferrer\" href=\"https:\/\/www.gurit.com\/wp-content\/uploads\/2024\/02\/Gurit_EC-member-changes_announcement.pdf\">Gurit EC member changes announcement<\/a> <small>(96 kB)<\/small><\/li><\/ul><\/div>","protected":false},"excerpt":{"rendered":"<p>Zurich, le 13 f\u00e9vrier 2024 Gurit (SIX Swiss Exchange : GURN) &#8211; Le conseil d&rsquo;administration de Gurit Holding AG a nomm\u00e9 le Dr. Javier Perez Freije au poste de directeur [&hellip;]<\/p>\n","protected":false},"author":1,"featured_media":0,"comment_status":"closed","ping_status":"closed","sticky":false,"template":"","format":"standard","meta":{"_et_pb_use_builder":"","_et_pb_old_content":"","_et_gb_content_width":"","footnotes":""},"categories":[83],"tags":[],"class_list":["post-22492","post","type-post","status-publish","format-standard","hentry","category-eqsmedia"],"yoast_head":"<!-- This site is optimized with the Yoast SEO plugin v27.5 - https:\/\/yoast.com\/product\/yoast-seo-wordpress\/ -->\n<title>Gurit annonce la nomination de Javier Perez Freije au poste de directeur financier et de Karen Glauser au poste de directrice des ressources humaines du groupe. - Gurit.<\/title>\n<meta name=\"robots\" content=\"index, follow, max-snippet:-1, max-image-preview:large, max-video-preview:-1\" \/>\n<link rel=\"canonical\" href=\"https:\/\/www.gurit.com\/fr\/gurit-annonce-la-nomination-de-javier-perez-freije-au-poste-de-directeur-financier-et-de-karen-glauser-au-poste-de-directrice-des-ressources-humaines-du-groupe\/\" \/>\n<meta property=\"og:locale\" content=\"fr_FR\" \/>\n<meta property=\"og:type\" content=\"article\" \/>\n<meta property=\"og:title\" content=\"Gurit annonce la nomination de Javier Perez Freije au poste de directeur financier et de Karen Glauser au poste de directrice des ressources humaines du groupe. - Gurit.\" \/>\n<meta property=\"og:description\" content=\"Zurich, le 13 f\u00e9vrier 2024 Gurit (SIX Swiss Exchange : GURN) &#8211; Le conseil d&rsquo;administration de Gurit Holding AG a nomm\u00e9 le Dr. Javier Perez Freije au poste de directeur [&hellip;]\" \/>\n<meta property=\"og:url\" content=\"https:\/\/www.gurit.com\/fr\/gurit-annonce-la-nomination-de-javier-perez-freije-au-poste-de-directeur-financier-et-de-karen-glauser-au-poste-de-directrice-des-ressources-humaines-du-groupe\/\" \/>\n<meta property=\"og:site_name\" content=\"Gurit\" \/>\n<meta property=\"article:publisher\" content=\"https:\/\/www.facebook.com\/GuritGroup\" \/>\n<meta property=\"article:published_time\" content=\"2024-02-13T04:45:10+00:00\" \/>\n<meta property=\"og:image\" content=\"https:\/\/eqs-cockpit.com\/cgi-bin\/fncls.ssp?fn=show_t_gif&amp;application_id=1835699&amp;application_name=news&amp;site_id=news_data\" \/>\n<meta name=\"author\" content=\"simplicate\" \/>\n<meta name=\"twitter:card\" content=\"summary_large_image\" \/>\n<meta name=\"twitter:creator\" content=\"@guritgroup\" \/>\n<meta name=\"twitter:site\" content=\"@guritgroup\" \/>\n<meta name=\"twitter:label1\" content=\"\u00c9crit par\" \/>\n\t<meta name=\"twitter:data1\" content=\"simplicate\" \/>\n\t<meta name=\"twitter:label2\" content=\"Dur\u00e9e de lecture estim\u00e9e\" \/>\n\t<meta name=\"twitter:data2\" content=\"3 minutes\" \/>\n<script type=\"application\/ld+json\" class=\"yoast-schema-graph\">{\"@context\":\"https:\\\/\\\/schema.org\",\"@graph\":[{\"@type\":\"Article\",\"@id\":\"https:\\\/\\\/www.gurit.com\\\/fr\\\/gurit-annonce-la-nomination-de-javier-perez-freije-au-poste-de-directeur-financier-et-de-karen-glauser-au-poste-de-directrice-des-ressources-humaines-du-groupe\\\/#article\",\"isPartOf\":{\"@id\":\"https:\\\/\\\/www.gurit.com\\\/fr\\\/gurit-annonce-la-nomination-de-javier-perez-freije-au-poste-de-directeur-financier-et-de-karen-glauser-au-poste-de-directrice-des-ressources-humaines-du-groupe\\\/\"},\"author\":{\"name\":\"simplicate\",\"@id\":\"https:\\\/\\\/www.gurit.com\\\/fr\\\/#\\\/schema\\\/person\\\/b119121c55c6dcf772cd743cf20ea81b\"},\"headline\":\"Gurit annonce la nomination de Javier Perez Freije au poste de directeur financier et de Karen Glauser au poste de directrice des ressources humaines du groupe.\",\"datePublished\":\"2024-02-13T04:45:10+00:00\",\"mainEntityOfPage\":{\"@id\":\"https:\\\/\\\/www.gurit.com\\\/fr\\\/gurit-annonce-la-nomination-de-javier-perez-freije-au-poste-de-directeur-financier-et-de-karen-glauser-au-poste-de-directrice-des-ressources-humaines-du-groupe\\\/\"},\"wordCount\":578,\"publisher\":{\"@id\":\"https:\\\/\\\/www.gurit.com\\\/fr\\\/#organization\"},\"image\":{\"@id\":\"https:\\\/\\\/www.gurit.com\\\/fr\\\/gurit-annonce-la-nomination-de-javier-perez-freije-au-poste-de-directeur-financier-et-de-karen-glauser-au-poste-de-directrice-des-ressources-humaines-du-groupe\\\/#primaryimage\"},\"thumbnailUrl\":\"https:\\\/\\\/eqs-cockpit.com\\\/cgi-bin\\\/fncls.ssp?fn=show_t_gif&amp;application_id=1835699&amp;application_name=news&amp;site_id=news_data\",\"articleSection\":[\"EQSmedia\"],\"inLanguage\":\"fr-FR\"},{\"@type\":\"WebPage\",\"@id\":\"https:\\\/\\\/www.gurit.com\\\/fr\\\/gurit-annonce-la-nomination-de-javier-perez-freije-au-poste-de-directeur-financier-et-de-karen-glauser-au-poste-de-directrice-des-ressources-humaines-du-groupe\\\/\",\"url\":\"https:\\\/\\\/www.gurit.com\\\/fr\\\/gurit-annonce-la-nomination-de-javier-perez-freije-au-poste-de-directeur-financier-et-de-karen-glauser-au-poste-de-directrice-des-ressources-humaines-du-groupe\\\/\",\"name\":\"Gurit annonce la nomination de Javier Perez Freije au poste de directeur financier et de Karen Glauser au poste de directrice des ressources humaines du groupe. - Gurit.\",\"isPartOf\":{\"@id\":\"https:\\\/\\\/www.gurit.com\\\/fr\\\/#website\"},\"primaryImageOfPage\":{\"@id\":\"https:\\\/\\\/www.gurit.com\\\/fr\\\/gurit-annonce-la-nomination-de-javier-perez-freije-au-poste-de-directeur-financier-et-de-karen-glauser-au-poste-de-directrice-des-ressources-humaines-du-groupe\\\/#primaryimage\"},\"image\":{\"@id\":\"https:\\\/\\\/www.gurit.com\\\/fr\\\/gurit-annonce-la-nomination-de-javier-perez-freije-au-poste-de-directeur-financier-et-de-karen-glauser-au-poste-de-directrice-des-ressources-humaines-du-groupe\\\/#primaryimage\"},\"thumbnailUrl\":\"https:\\\/\\\/eqs-cockpit.com\\\/cgi-bin\\\/fncls.ssp?fn=show_t_gif&amp;application_id=1835699&amp;application_name=news&amp;site_id=news_data\",\"datePublished\":\"2024-02-13T04:45:10+00:00\",\"breadcrumb\":{\"@id\":\"https:\\\/\\\/www.gurit.com\\\/fr\\\/gurit-annonce-la-nomination-de-javier-perez-freije-au-poste-de-directeur-financier-et-de-karen-glauser-au-poste-de-directrice-des-ressources-humaines-du-groupe\\\/#breadcrumb\"},\"inLanguage\":\"fr-FR\",\"potentialAction\":[{\"@type\":\"ReadAction\",\"target\":[\"https:\\\/\\\/www.gurit.com\\\/fr\\\/gurit-annonce-la-nomination-de-javier-perez-freije-au-poste-de-directeur-financier-et-de-karen-glauser-au-poste-de-directrice-des-ressources-humaines-du-groupe\\\/\"]}]},{\"@type\":\"ImageObject\",\"inLanguage\":\"fr-FR\",\"@id\":\"https:\\\/\\\/www.gurit.com\\\/fr\\\/gurit-annonce-la-nomination-de-javier-perez-freije-au-poste-de-directeur-financier-et-de-karen-glauser-au-poste-de-directrice-des-ressources-humaines-du-groupe\\\/#primaryimage\",\"url\":\"https:\\\/\\\/eqs-cockpit.com\\\/cgi-bin\\\/fncls.ssp?fn=show_t_gif&amp;application_id=1835699&amp;application_name=news&amp;site_id=news_data\",\"contentUrl\":\"https:\\\/\\\/eqs-cockpit.com\\\/cgi-bin\\\/fncls.ssp?fn=show_t_gif&amp;application_id=1835699&amp;application_name=news&amp;site_id=news_data\"},{\"@type\":\"BreadcrumbList\",\"@id\":\"https:\\\/\\\/www.gurit.com\\\/fr\\\/gurit-annonce-la-nomination-de-javier-perez-freije-au-poste-de-directeur-financier-et-de-karen-glauser-au-poste-de-directrice-des-ressources-humaines-du-groupe\\\/#breadcrumb\",\"itemListElement\":[{\"@type\":\"ListItem\",\"position\":1,\"name\":\"Startseite\",\"item\":\"https:\\\/\\\/www.gurit.com\\\/fr\\\/marches\\\/\"},{\"@type\":\"ListItem\",\"position\":2,\"name\":\"Gurit annonce la nomination de Javier Perez Freije au poste de directeur financier et de Karen Glauser au poste de directrice des ressources humaines du groupe.\"}]},{\"@type\":\"WebSite\",\"@id\":\"https:\\\/\\\/www.gurit.com\\\/fr\\\/#website\",\"url\":\"https:\\\/\\\/www.gurit.com\\\/fr\\\/\",\"name\":\"Gurit\",\"description\":\"Composites avanc\u00e9s pour l'\u00e9nergie \u00e9olienne, la marine, la construction et d'autres industries\",\"publisher\":{\"@id\":\"https:\\\/\\\/www.gurit.com\\\/fr\\\/#organization\"},\"potentialAction\":[{\"@type\":\"SearchAction\",\"target\":{\"@type\":\"EntryPoint\",\"urlTemplate\":\"https:\\\/\\\/www.gurit.com\\\/fr\\\/?s={search_term_string}\"},\"query-input\":{\"@type\":\"PropertyValueSpecification\",\"valueRequired\":true,\"valueName\":\"search_term_string\"}}],\"inLanguage\":\"fr-FR\"},{\"@type\":\"Organization\",\"@id\":\"https:\\\/\\\/www.gurit.com\\\/fr\\\/#organization\",\"name\":\"Gurit\",\"url\":\"https:\\\/\\\/www.gurit.com\\\/fr\\\/\",\"logo\":{\"@type\":\"ImageObject\",\"inLanguage\":\"fr-FR\",\"@id\":\"https:\\\/\\\/www.gurit.com\\\/fr\\\/#\\\/schema\\\/logo\\\/image\\\/\",\"url\":\"https:\\\/\\\/www.gurit.com\\\/wp-content\\\/uploads\\\/2021\\\/12\\\/gurit-logo.png\",\"contentUrl\":\"https:\\\/\\\/www.gurit.com\\\/wp-content\\\/uploads\\\/2021\\\/12\\\/gurit-logo.png\",\"width\":262,\"height\":100,\"caption\":\"Gurit\"},\"image\":{\"@id\":\"https:\\\/\\\/www.gurit.com\\\/fr\\\/#\\\/schema\\\/logo\\\/image\\\/\"},\"sameAs\":[\"https:\\\/\\\/www.facebook.com\\\/GuritGroup\",\"https:\\\/\\\/x.com\\\/guritgroup\",\"https:\\\/\\\/www.linkedin.com\\\/company\\\/gurit\\\/\"]},{\"@type\":\"Person\",\"@id\":\"https:\\\/\\\/www.gurit.com\\\/fr\\\/#\\\/schema\\\/person\\\/b119121c55c6dcf772cd743cf20ea81b\",\"name\":\"simplicate\",\"image\":{\"@type\":\"ImageObject\",\"inLanguage\":\"fr-FR\",\"@id\":\"https:\\\/\\\/secure.gravatar.com\\\/avatar\\\/9a8f9ff1310a9be563f7bb74ad701c675616de3f72f797dc49f714eb54922b80?s=96&d=mm&r=g\",\"url\":\"https:\\\/\\\/secure.gravatar.com\\\/avatar\\\/9a8f9ff1310a9be563f7bb74ad701c675616de3f72f797dc49f714eb54922b80?s=96&d=mm&r=g\",\"contentUrl\":\"https:\\\/\\\/secure.gravatar.com\\\/avatar\\\/9a8f9ff1310a9be563f7bb74ad701c675616de3f72f797dc49f714eb54922b80?s=96&d=mm&r=g\",\"caption\":\"simplicate\"},\"sameAs\":[\"http:\\\/\\\/gurit.simplicate.de\"],\"url\":\"https:\\\/\\\/www.gurit.com\\\/fr\\\/author\\\/simplicate_gur\\\/\"}]}<\/script>\n<!-- \/ Yoast SEO plugin. -->","yoast_head_json":{"title":"Gurit annonce la nomination de Javier Perez Freije au poste de directeur financier et de Karen Glauser au poste de directrice des ressources humaines du groupe. - Gurit.","robots":{"index":"index","follow":"follow","max-snippet":"max-snippet:-1","max-image-preview":"max-image-preview:large","max-video-preview":"max-video-preview:-1"},"canonical":"https:\/\/www.gurit.com\/fr\/gurit-annonce-la-nomination-de-javier-perez-freije-au-poste-de-directeur-financier-et-de-karen-glauser-au-poste-de-directrice-des-ressources-humaines-du-groupe\/","og_locale":"fr_FR","og_type":"article","og_title":"Gurit annonce la nomination de Javier Perez Freije au poste de directeur financier et de Karen Glauser au poste de directrice des ressources humaines du groupe. - Gurit.","og_description":"Zurich, le 13 f\u00e9vrier 2024 Gurit (SIX Swiss Exchange : GURN) &#8211; Le conseil d&rsquo;administration de Gurit Holding AG a nomm\u00e9 le Dr. Javier Perez Freije au poste de directeur [&hellip;]","og_url":"https:\/\/www.gurit.com\/fr\/gurit-annonce-la-nomination-de-javier-perez-freije-au-poste-de-directeur-financier-et-de-karen-glauser-au-poste-de-directrice-des-ressources-humaines-du-groupe\/","og_site_name":"Gurit","article_publisher":"https:\/\/www.facebook.com\/GuritGroup","article_published_time":"2024-02-13T04:45:10+00:00","og_image":[{"url":"https:\/\/eqs-cockpit.com\/cgi-bin\/fncls.ssp?fn=show_t_gif&amp;application_id=1835699&amp;application_name=news&amp;site_id=news_data","type":"","width":"","height":""}],"author":"simplicate","twitter_card":"summary_large_image","twitter_creator":"@guritgroup","twitter_site":"@guritgroup","twitter_misc":{"\u00c9crit par":"simplicate","Dur\u00e9e de lecture estim\u00e9e":"3 minutes"},"schema":{"@context":"https:\/\/schema.org","@graph":[{"@type":"Article","@id":"https:\/\/www.gurit.com\/fr\/gurit-annonce-la-nomination-de-javier-perez-freije-au-poste-de-directeur-financier-et-de-karen-glauser-au-poste-de-directrice-des-ressources-humaines-du-groupe\/#article","isPartOf":{"@id":"https:\/\/www.gurit.com\/fr\/gurit-annonce-la-nomination-de-javier-perez-freije-au-poste-de-directeur-financier-et-de-karen-glauser-au-poste-de-directrice-des-ressources-humaines-du-groupe\/"},"author":{"name":"simplicate","@id":"https:\/\/www.gurit.com\/fr\/#\/schema\/person\/b119121c55c6dcf772cd743cf20ea81b"},"headline":"Gurit annonce la nomination de Javier Perez Freije au poste de directeur financier et de Karen Glauser au poste de directrice des ressources humaines du groupe.","datePublished":"2024-02-13T04:45:10+00:00","mainEntityOfPage":{"@id":"https:\/\/www.gurit.com\/fr\/gurit-annonce-la-nomination-de-javier-perez-freije-au-poste-de-directeur-financier-et-de-karen-glauser-au-poste-de-directrice-des-ressources-humaines-du-groupe\/"},"wordCount":578,"publisher":{"@id":"https:\/\/www.gurit.com\/fr\/#organization"},"image":{"@id":"https:\/\/www.gurit.com\/fr\/gurit-annonce-la-nomination-de-javier-perez-freije-au-poste-de-directeur-financier-et-de-karen-glauser-au-poste-de-directrice-des-ressources-humaines-du-groupe\/#primaryimage"},"thumbnailUrl":"https:\/\/eqs-cockpit.com\/cgi-bin\/fncls.ssp?fn=show_t_gif&amp;application_id=1835699&amp;application_name=news&amp;site_id=news_data","articleSection":["EQSmedia"],"inLanguage":"fr-FR"},{"@type":"WebPage","@id":"https:\/\/www.gurit.com\/fr\/gurit-annonce-la-nomination-de-javier-perez-freije-au-poste-de-directeur-financier-et-de-karen-glauser-au-poste-de-directrice-des-ressources-humaines-du-groupe\/","url":"https:\/\/www.gurit.com\/fr\/gurit-annonce-la-nomination-de-javier-perez-freije-au-poste-de-directeur-financier-et-de-karen-glauser-au-poste-de-directrice-des-ressources-humaines-du-groupe\/","name":"Gurit annonce la nomination de Javier Perez Freije au poste de directeur financier et de Karen Glauser au poste de directrice des ressources humaines du groupe. - Gurit.","isPartOf":{"@id":"https:\/\/www.gurit.com\/fr\/#website"},"primaryImageOfPage":{"@id":"https:\/\/www.gurit.com\/fr\/gurit-annonce-la-nomination-de-javier-perez-freije-au-poste-de-directeur-financier-et-de-karen-glauser-au-poste-de-directrice-des-ressources-humaines-du-groupe\/#primaryimage"},"image":{"@id":"https:\/\/www.gurit.com\/fr\/gurit-annonce-la-nomination-de-javier-perez-freije-au-poste-de-directeur-financier-et-de-karen-glauser-au-poste-de-directrice-des-ressources-humaines-du-groupe\/#primaryimage"},"thumbnailUrl":"https:\/\/eqs-cockpit.com\/cgi-bin\/fncls.ssp?fn=show_t_gif&amp;application_id=1835699&amp;application_name=news&amp;site_id=news_data","datePublished":"2024-02-13T04:45:10+00:00","breadcrumb":{"@id":"https:\/\/www.gurit.com\/fr\/gurit-annonce-la-nomination-de-javier-perez-freije-au-poste-de-directeur-financier-et-de-karen-glauser-au-poste-de-directrice-des-ressources-humaines-du-groupe\/#breadcrumb"},"inLanguage":"fr-FR","potentialAction":[{"@type":"ReadAction","target":["https:\/\/www.gurit.com\/fr\/gurit-annonce-la-nomination-de-javier-perez-freije-au-poste-de-directeur-financier-et-de-karen-glauser-au-poste-de-directrice-des-ressources-humaines-du-groupe\/"]}]},{"@type":"ImageObject","inLanguage":"fr-FR","@id":"https:\/\/www.gurit.com\/fr\/gurit-annonce-la-nomination-de-javier-perez-freije-au-poste-de-directeur-financier-et-de-karen-glauser-au-poste-de-directrice-des-ressources-humaines-du-groupe\/#primaryimage","url":"https:\/\/eqs-cockpit.com\/cgi-bin\/fncls.ssp?fn=show_t_gif&amp;application_id=1835699&amp;application_name=news&amp;site_id=news_data","contentUrl":"https:\/\/eqs-cockpit.com\/cgi-bin\/fncls.ssp?fn=show_t_gif&amp;application_id=1835699&amp;application_name=news&amp;site_id=news_data"},{"@type":"BreadcrumbList","@id":"https:\/\/www.gurit.com\/fr\/gurit-annonce-la-nomination-de-javier-perez-freije-au-poste-de-directeur-financier-et-de-karen-glauser-au-poste-de-directrice-des-ressources-humaines-du-groupe\/#breadcrumb","itemListElement":[{"@type":"ListItem","position":1,"name":"Startseite","item":"https:\/\/www.gurit.com\/fr\/marches\/"},{"@type":"ListItem","position":2,"name":"Gurit annonce la nomination de Javier Perez Freije au poste de directeur financier et de Karen Glauser au poste de directrice des ressources humaines du groupe."}]},{"@type":"WebSite","@id":"https:\/\/www.gurit.com\/fr\/#website","url":"https:\/\/www.gurit.com\/fr\/","name":"Gurit","description":"Composites avanc\u00e9s pour l'\u00e9nergie \u00e9olienne, la marine, la construction et d'autres industries","publisher":{"@id":"https:\/\/www.gurit.com\/fr\/#organization"},"potentialAction":[{"@type":"SearchAction","target":{"@type":"EntryPoint","urlTemplate":"https:\/\/www.gurit.com\/fr\/?s={search_term_string}"},"query-input":{"@type":"PropertyValueSpecification","valueRequired":true,"valueName":"search_term_string"}}],"inLanguage":"fr-FR"},{"@type":"Organization","@id":"https:\/\/www.gurit.com\/fr\/#organization","name":"Gurit","url":"https:\/\/www.gurit.com\/fr\/","logo":{"@type":"ImageObject","inLanguage":"fr-FR","@id":"https:\/\/www.gurit.com\/fr\/#\/schema\/logo\/image\/","url":"https:\/\/www.gurit.com\/wp-content\/uploads\/2021\/12\/gurit-logo.png","contentUrl":"https:\/\/www.gurit.com\/wp-content\/uploads\/2021\/12\/gurit-logo.png","width":262,"height":100,"caption":"Gurit"},"image":{"@id":"https:\/\/www.gurit.com\/fr\/#\/schema\/logo\/image\/"},"sameAs":["https:\/\/www.facebook.com\/GuritGroup","https:\/\/x.com\/guritgroup","https:\/\/www.linkedin.com\/company\/gurit\/"]},{"@type":"Person","@id":"https:\/\/www.gurit.com\/fr\/#\/schema\/person\/b119121c55c6dcf772cd743cf20ea81b","name":"simplicate","image":{"@type":"ImageObject","inLanguage":"fr-FR","@id":"https:\/\/secure.gravatar.com\/avatar\/9a8f9ff1310a9be563f7bb74ad701c675616de3f72f797dc49f714eb54922b80?s=96&d=mm&r=g","url":"https:\/\/secure.gravatar.com\/avatar\/9a8f9ff1310a9be563f7bb74ad701c675616de3f72f797dc49f714eb54922b80?s=96&d=mm&r=g","contentUrl":"https:\/\/secure.gravatar.com\/avatar\/9a8f9ff1310a9be563f7bb74ad701c675616de3f72f797dc49f714eb54922b80?s=96&d=mm&r=g","caption":"simplicate"},"sameAs":["http:\/\/gurit.simplicate.de"],"url":"https:\/\/www.gurit.com\/fr\/author\/simplicate_gur\/"}]}},"_links":{"self":[{"href":"https:\/\/www.gurit.com\/fr\/wp-json\/wp\/v2\/posts\/22492","targetHints":{"allow":["GET"]}}],"collection":[{"href":"https:\/\/www.gurit.com\/fr\/wp-json\/wp\/v2\/posts"}],"about":[{"href":"https:\/\/www.gurit.com\/fr\/wp-json\/wp\/v2\/types\/post"}],"author":[{"embeddable":true,"href":"https:\/\/www.gurit.com\/fr\/wp-json\/wp\/v2\/users\/1"}],"replies":[{"embeddable":true,"href":"https:\/\/www.gurit.com\/fr\/wp-json\/wp\/v2\/comments?post=22492"}],"version-history":[{"count":0,"href":"https:\/\/www.gurit.com\/fr\/wp-json\/wp\/v2\/posts\/22492\/revisions"}],"wp:attachment":[{"href":"https:\/\/www.gurit.com\/fr\/wp-json\/wp\/v2\/media?parent=22492"}],"wp:term":[{"taxonomy":"category","embeddable":true,"href":"https:\/\/www.gurit.com\/fr\/wp-json\/wp\/v2\/categories?post=22492"},{"taxonomy":"post_tag","embeddable":true,"href":"https:\/\/www.gurit.com\/fr\/wp-json\/wp\/v2\/tags?post=22492"}],"curies":[{"name":"wp","href":"https:\/\/api.w.org\/{rel}","templated":true}]}}