{"id":22531,"date":"2025-06-10T05:56:15","date_gmt":"2025-06-10T03:56:15","guid":{"rendered":"https:\/\/www.gurit.com\/la-guerre-des-etirements-lascension-la-chute-et-lheritage-dhelanca\/"},"modified":"2026-04-26T15:41:20","modified_gmt":"2026-04-26T13:41:20","slug":"la-guerre-des-etirements-lascension-la-chute-et-lheritage-dhelanca","status":"publish","type":"post","link":"https:\/\/www.gurit.com\/fr\/la-guerre-des-etirements-lascension-la-chute-et-lheritage-dhelanca\/","title":{"rendered":"La guerre des \u00e9tirements : l&rsquo;ascension, la chute et l&rsquo;h\u00e9ritage d&rsquo;Helanca"},"content":{"rendered":"<p>[et_pb_section fb_built=\u00a0\u00bb1&Prime; _builder_version=\u00a0\u00bb4.27.4&Prime; _module_preset=\u00a0\u00bbdefault\u00a0\u00bb background_enable_image=\u00a0\u00bboff\u00a0\u00bb background_size=\u00a0\u00bbcontain\u00a0\u00bb da_disable_devices=\u00a0\u00bboff|off|off\u00a0\u00bb locked=\u00a0\u00bboff\u00a0\u00bb global_colors_info=\u00a0\u00bb{}\u00a0\u00bb theme_builder_area=\u00a0\u00bbpost_content\u00a0\u00bb da_is_popup=\u00a0\u00bboff\u00a0\u00bb da_exit_intent=\u00a0\u00bboff\u00a0\u00bb da_has_close=\u00a0\u00bbon\u00a0\u00bb da_alt_close=\u00a0\u00bboff\u00a0\u00bb da_dark_close=\u00a0\u00bboff\u00a0\u00bb da_not_modal=\u00a0\u00bbon\u00a0\u00bb da_is_singular=\u00a0\u00bboff\u00a0\u00bb da_with_loader=\u00a0\u00bboff\u00a0\u00bb da_has_shadow=\u00a0\u00bbon\u00a0\u00bb][et_pb_row _builder_version=\u00a0\u00bb4.27.4&Prime; _module_preset=\u00a0\u00bbdefault\u00a0\u00bb global_colors_info=\u00a0\u00bb{}\u00a0\u00bb theme_builder_area=\u00a0\u00bbpost_content\u00a0\u00bb][et_pb_column type=\u00a0\u00bb4_4&Prime; _builder_version=\u00a0\u00bb4.27.4&Prime; _module_preset=\u00a0\u00bbdefault\u00a0\u00bb global_colors_info=\u00a0\u00bb{}\u00a0\u00bb theme_builder_area=\u00a0\u00bbpost_content\u00a0\u00bb][et_pb_text _builder_version=\u00a0\u00bb4.27.4&Prime; _module_preset=\u00a0\u00bbdefault\u00a0\u00bb global_colors_info=\u00a0\u00bb{}\u00a0\u00bb theme_builder_area=\u00a0\u00bbpost_content\u00a0\u00bb]<\/p>\n<h1><span data-contrast=\"none\" xml:lang=\"EN-US\" lang=\"EN-US\" class=\"TextRun SCXW223734973 BCX8\"><span class=\"NormalTextRun SCXW223734973 BCX8\"><span data-contrast=\"auto\" lang=\"EN-US\" class=\"TextRun SCXW147002534 BCX8\"><span class=\"NormalTextRun SCXW147002534 BCX8\">Guerres d&rsquo;\u00e9tirement<\/span><\/span>: <span class=\"NormalTextRun SCXW147002534 BCX8\">L&rsquo;ascension, la chute et l&rsquo;h\u00e9ritage d&rsquo;<\/span><span class=\"NormalTextRun SpellingErrorV2Themed SCXW147002534 BCX8\">Helanca<\/span><\/span><\/span><\/h1>\n<p>[\/et_pb_text][\/et_pb_column][\/et_pb_row][et_pb_row column_structure=\u00a0\u00bb3_5,2_5&Prime; _builder_version=\u00a0\u00bb4.18.0&Prime; _module_preset=\u00a0\u00bbdefault\u00a0\u00bb global_colors_info=\u00a0\u00bb{}\u00a0\u00bb theme_builder_area=\u00a0\u00bbpost_content\u00a0\u00bb][et_pb_column type=\u00a0\u00bb3_5&Prime; _builder_version=\u00a0\u00bb4.18.0&Prime; _module_preset=\u00a0\u00bbdefault\u00a0\u00bb global_colors_info=\u00a0\u00bb{}\u00a0\u00bb theme_builder_area=\u00a0\u00bbpost_content\u00a0\u00bb][et_pb_text _builder_version=\u00a0\u00bb4.27.4&Prime; _module_preset=\u00a0\u00bbdefault\u00a0\u00bb custom_padding=\u00a0\u00bb||0px|||\u00a0\u00bb global_colors_info=\u00a0\u00bb{}\u00a0\u00bb theme_builder_area=\u00a0\u00bbpost_content\u00a0\u00bb]<\/p>\n<p style=\"text-align: justify;\">L&rsquo;innovation est au c\u0153ur de Gurit et de sa soci\u00e9t\u00e9 m\u00e8re d&rsquo;origine, Heberlein, depuis le d\u00e9but. Le premier brevet du groupe, Helanca, est devenu un succ\u00e8s mondial et a ouvert la voie \u00e0 un avenir dans les mat\u00e9riaux de performance. <\/p>\n<p>[\/et_pb_text][\/et_pb_column][et_pb_column type=\u00a0\u00bb2_5&Prime; _builder_version=\u00a0\u00bb4.18.0&Prime; _module_preset=\u00a0\u00bbdefault\u00a0\u00bb global_colors_info=\u00a0\u00bb{}\u00a0\u00bb theme_builder_area=\u00a0\u00bbpost_content\u00a0\u00bb][et_pb_image src=\u00a0\u00bbhttps:\/\/www.gurit.com\/wp-content\/uploads\/2025\/06\/News-item-thumbnail-5.jpg\u00a0\u00bb title_text=\u00a0\u00bbMiniature de l&#039;article (5)\u00a0\u00bb _builder_version=\u00a0\u00bb4.27.4&Prime; _module_preset=\u00a0\u00bbdefault\u00a0\u00bb width=\u00a0\u00bb66%\u00a0\u00bb global_colors_info=\u00a0\u00bb{}\u00a0\u00bb theme_builder_area=\u00a0\u00bbpost_content\u00a0\u00bb][\/et_pb_image][\/et_pb_column][\/et_pb_row][et_pb_row _builder_version=\u00a0\u00bb4.27.4&Prime; _module_preset=\u00a0\u00bbdefault\u00a0\u00bb global_colors_info=\u00a0\u00bb{}\u00a0\u00bb theme_builder_area=\u00a0\u00bbpost_content\u00a0\u00bb][et_pb_column type=\u00a0\u00bb4_4&Prime; _builder_version=\u00a0\u00bb4.27.4&Prime; _module_preset=\u00a0\u00bbdefault\u00a0\u00bb global_colors_info=\u00a0\u00bb{}\u00a0\u00bb theme_builder_area=\u00a0\u00bbpost_content\u00a0\u00bb][et_pb_divider _builder_version=\u00a0\u00bb4.27.4&Prime; _module_preset=\u00a0\u00bbdefault\u00a0\u00bb global_colors_info=\u00a0\u00bb{}\u00a0\u00bb theme_builder_area=\u00a0\u00bbpost_content\u00a0\u00bb][\/et_pb_divider][\/et_pb_column][\/et_pb_row][et_pb_row _builder_version=\u00a0\u00bb4.27.4&Prime; _module_preset=\u00a0\u00bbdefault\u00a0\u00bb global_colors_info=\u00a0\u00bb{}\u00a0\u00bb theme_builder_area=\u00a0\u00bbpost_content\u00a0\u00bb][et_pb_column type=\u00a0\u00bb4_4&Prime; _builder_version=\u00a0\u00bb4.27.4&Prime; _module_preset=\u00a0\u00bbdefault\u00a0\u00bb global_colors_info=\u00a0\u00bb{}\u00a0\u00bb theme_builder_area=\u00a0\u00bbpost_content\u00a0\u00bb][et_pb_text _builder_version=\u00a0\u00bb4.27.4&Prime; _module_preset=\u00a0\u00bbdefault\u00a0\u00bb global_colors_info=\u00a0\u00bb{}\u00a0\u00bb theme_builder_area=\u00a0\u00bbpost_content\u00a0\u00bb]<\/p>\n<p style=\"text-align: justify;\"><span data-contrast=\"auto\">Avant la Seconde Guerre mondiale, le caoutchouc \u00e9tait le principal mat\u00e9riau utilis\u00e9 pour les gaines et les v\u00eatements de base des femmes. Mais l&rsquo;effort de guerre exigeant de grandes quantit\u00e9s de caoutchouc \u00e0 des fins militaires, son r\u00f4le dans la mode a fortement diminu\u00e9. Les scientifiques et les innovateurs du secteur textile savaient qu&rsquo;il fallait trouver une solution de remplacement &#8211; quelque chose de plus moderne, de plus polyvalent et de moins d\u00e9pendant des ressources naturelles limit\u00e9es.  <\/span><span data-ccp-props=\"{}\"> <\/span><\/p>\n<p style=\"text-align: justify;\"><span data-contrast=\"auto\">Le Nylon, introduit par DuPont en 1938, est une merveille synth\u00e9tique qui a marqu\u00e9 une nouvelle \u00e8re dans la technologie des tissus. Mais avant m\u00eame cette \u00e9tape, une autre innovation prenait forme de l&rsquo;autre c\u00f4t\u00e9 de l&rsquo;Atlantique. <\/span><span data-ccp-props=\"{}\"> <\/span><\/p>\n<p>[\/et_pb_text][\/et_pb_column][\/et_pb_row][et_pb_row column_structure=\u00a0\u00bb1_2,1_2&Prime; _builder_version=\u00a0\u00bb4.27.4&Prime; _module_preset=\u00a0\u00bbdefault\u00a0\u00bb global_colors_info=\u00a0\u00bb{}\u00a0\u00bb theme_builder_area=\u00a0\u00bbpost_content\u00a0\u00bb][et_pb_column type=\u00a0\u00bb1_2&Prime; _builder_version=\u00a0\u00bb4.27.4&Prime; _module_preset=\u00a0\u00bbdefault\u00a0\u00bb global_colors_info=\u00a0\u00bb{}\u00a0\u00bb theme_builder_area=\u00a0\u00bbpost_content\u00a0\u00bb][et_pb_text _builder_version=\u00a0\u00bb4.27.4&Prime; _module_preset=\u00a0\u00bbdefault\u00a0\u00bb global_colors_info=\u00a0\u00bb{}\u00a0\u00bb theme_builder_area=\u00a0\u00bbpost_content\u00a0\u00bb]<\/p>\n<p style=\"text-align: justify;\"><b><span data-contrast=\"auto\">La naissance d&rsquo;Helanca<\/span><\/b><span data-ccp-props=\"{}\"> <\/span><\/p>\n<p style=\"text-align: justify;\"><span data-contrast=\"auto\">En 1931, Rudolph H. K\u00e4gi invente ce qui deviendra le proc\u00e9d\u00e9 Helanca, initialement appliqu\u00e9 aux fibres de viscose. Quelques ann\u00e9es plus tard, il vend les droits de fabrication \u00e0 Heberlein &amp; Co, qui contribue au d\u00e9veloppement et \u00e0 la commercialisation du produit \u00e0 l&rsquo;\u00e9chelle mondiale. <\/span><span data-ccp-props=\"{}\"> <\/span><\/p>\n<p style=\"text-align: justify;\"><span data-contrast=\"auto\">Apr\u00e8s d&rsquo;intenses travaux de recherche et de d\u00e9veloppement, Heberlein (devenu Gurit-Heberlein puis Gurit) a brevet\u00e9 un proc\u00e9d\u00e9 de texturation en trois \u00e9tapes, dans lequel la fibre est torsad\u00e9e, thermofix\u00e9e puis d\u00e9torsad\u00e9e en refroidissant, qui conf\u00e8re aux fils synth\u00e9tiques un toucher naturel et \u00e9lastique.<\/span><span data-ccp-props=\"{}\"> <\/span><\/p>\n<p style=\"text-align: justify;\"><span data-contrast=\"auto\">Le r\u00e9sultat ? Un fil ondul\u00e9 et \u00e9lastique qui peut \u00eatre tiss\u00e9 seul ou m\u00e9lang\u00e9 \u00e0 d&rsquo;autres fibres pour produire des tissus plus extensibles et plus confortables. <\/span><span data-ccp-props=\"{}\"> <\/span><\/p>\n<p style=\"text-align: justify;\"><span data-contrast=\"auto\">En 1937, Heberlein a commenc\u00e9 \u00e0 fabriquer le nylon et la laine extensibles Helanca, d&rsquo;abord utilis\u00e9s pour les pantalons de ski, qui r\u00e9pondaient parfaitement aux exigences des v\u00eatements de sport par temps froid. Apr\u00e8s la Seconde Guerre mondiale, l&rsquo;int\u00e9r\u00eat pour les tissus extensibles s&rsquo;est accru et Helanca est devenu un succ\u00e8s mondial. <\/span><span data-ccp-props=\"{}\"> <\/span><\/p>\n<p style=\"text-align: justify;\"><span data-contrast=\"auto\">\u00c0 son apog\u00e9e, le groupe Heberlein employait plus de 5 000 personnes, d\u00e9tenait des droits de licence exclusifs au niveau mondial et poss\u00e9dait ses propres machines sur mesure et sa propre division de recherche &#8211; une raret\u00e9 dans l&rsquo;industrie textile \u00e0 l&rsquo;\u00e9poque.<\/span><span data-ccp-props=\"{}\"> <\/span><\/p>\n<p>[\/et_pb_text][\/et_pb_column][et_pb_column type=\u00a0\u00bb1_2&Prime; _builder_version=\u00a0\u00bb4.27.4&Prime; _module_preset=\u00a0\u00bbdefault\u00a0\u00bb global_colors_info=\u00a0\u00bb{}\u00a0\u00bb theme_builder_area=\u00a0\u00bbpost_content\u00a0\u00bb][et_pb_image src=\u00a0\u00bbhttps:\/\/www.gurit.com\/wp-content\/uploads\/2025\/09\/2S12WEH-scaled-1.jpg\u00a0\u00bb title_text=\u00a0\u00bbPublicit\u00e9 pour les collants en nylon Helanca Le Bourget 1959&Prime; _builder_version=\u00a0\u00bb4.27.4&Prime; _module_preset=\u00a0\u00bbdefault\u00a0\u00bb width=\u00a0\u00bb63%\u00a0\u00bb max_width=\u00a0\u00bb64%\u00a0\u00bb module_alignment=\u00a0\u00bbcenter\u00a0\u00bb global_colors_info=\u00a0\u00bb{}\u00a0\u00bb theme_builder_area=\u00a0\u00bbpost_content\u00a0\u00bb][\/et_pb_image][\/et_pb_column][\/et_pb_row][et_pb_row _builder_version=\u00a0\u00bb4.27.4&Prime; _module_preset=\u00a0\u00bbdefault\u00a0\u00bb global_colors_info=\u00a0\u00bb{}\u00a0\u00bb theme_builder_area=\u00a0\u00bbpost_content\u00a0\u00bb][et_pb_column type=\u00a0\u00bb4_4&Prime; _builder_version=\u00a0\u00bb4.27.4&Prime; _module_preset=\u00a0\u00bbdefault\u00a0\u00bb global_colors_info=\u00a0\u00bb{}\u00a0\u00bb theme_builder_area=\u00a0\u00bbpost_content\u00a0\u00bb][et_pb_text _builder_version=\u00a0\u00bb4.27.4&Prime; _module_preset=\u00a0\u00bbdefault\u00a0\u00bb custom_padding=\u00a0\u00bb||0px|||\u00a0\u00bb global_colors_info=\u00a0\u00bb{}\u00a0\u00bb theme_builder_area=\u00a0\u00bbpost_content\u00a0\u00bb]<\/p>\n<p style=\"text-align: justify;\"><b><span data-contrast=\"auto\">La bulle des fibres synth\u00e9tiques \u00e9clate<\/span><\/b><\/p>\n<p style=\"text-align: justify;\"><span data-contrast=\"auto\">Toutefois, \u00e0 la fin des ann\u00e9es 1960, le march\u00e9 des fibres synth\u00e9tiques \u00e9tait au bord de l&rsquo;effondrement. Une crise mondiale des fibres synth\u00e9tiques s&rsquo;est install\u00e9e, sous l&rsquo;effet d&rsquo;un ensemble de forces \u00e9conomiques, industrielles et commerciales, impliquant principalement une surproduction de fibres synth\u00e9tiques, une chute des prix et une concurrence accrue. <\/span><span data-ccp-props=\"{}\"> <\/span><\/p>\n<p style=\"text-align: justify;\"><span data-contrast=\"auto\">La crise a d\u00e9clench\u00e9 une restructuration massive du secteur, avec des fusions, des r\u00e9ductions d&rsquo;effectifs ou des fermetures compl\u00e8tes d&rsquo;entreprises. Pour Heberlein, cela s&rsquo;est traduit par une r\u00e9duction des activit\u00e9s et une perte progressive de la visibilit\u00e9 mondiale du nom Helanca. Bien qu&rsquo;il ait surv\u00e9cu sur des march\u00e9s de niche, notamment au Br\u00e9sil o\u00f9 \u00ab\u00a0helanca\u00a0\u00bb est encore un terme g\u00e9n\u00e9rique pour les tissus extensibles, sa notori\u00e9t\u00e9 s&rsquo;est estomp\u00e9e. Finalement, Heberlein a vendu la majeure partie de ses activit\u00e9s li\u00e9es \u00e0 Helanca \u00e0 Saurer en 2005, cl\u00f4turant ainsi un chapitre historique de l&rsquo;innovation textile.   <\/span><span data-ccp-props=\"{}\"> <\/span><\/p>\n<p style=\"text-align: justify;\">[\/et_pb_text][\/et_pb_column][\/et_pb_row][et_pb_row column_structure=\u00a0\u00bb1_2,1_2&Prime; _builder_version=\u00a0\u00bb4.27.4&Prime; _module_preset=\u00a0\u00bbdefault\u00a0\u00bb global_colors_info=\u00a0\u00bb{}\u00a0\u00bb theme_builder_area=\u00a0\u00bbpost_content\u00a0\u00bb][et_pb_column type=\u00a0\u00bb1_2&Prime; _builder_version=\u00a0\u00bb4.27.4&Prime; _module_preset=\u00a0\u00bbdefault\u00a0\u00bb global_colors_info=\u00a0\u00bb{}\u00a0\u00bb theme_builder_area=\u00a0\u00bbpost_content\u00a0\u00bb][et_pb_image src=\u00a0\u00bbhttps:\/\/www.gurit.com\/wp-content\/uploads\/2025\/09\/Helanca_cropped.jpg\u00a0\u00bb title_text=\u00a0\u00bbHelanca_cropped\u00a0\u00bb align=\u00a0\u00bbcenter\u00a0\u00bb _builder_version=\u00a0\u00bb4.27.4&Prime; _module_preset=\u00a0\u00bbdefault\u00a0\u00bb width=\u00a0\u00bb74.9%\u00a0\u00bb max_width=\u00a0\u00bb100%\u00a0\u00bb module_alignment=\u00a0\u00bbcenter\u00a0\u00bb min_height=\u00a0\u00bb507px\u00a0\u00bb height=\u00a0\u00bb514px\u00a0\u00bb max_height=\u00a0\u00bb599px\u00a0\u00bb custom_margin=\u00a0\u00bb||-15px|||\u00a0\u00bb custom_padding=\u00a0\u00bb|36px|0px|||\u00a0\u00bb global_colors_info=\u00a0\u00bb{}\u00a0\u00bb theme_builder_area=\u00a0\u00bbpost_content\u00a0\u00bb][\/et_pb_image][\/et_pb_column][et_pb_column type=\u00a0\u00bb1_2&Prime; _builder_version=\u00a0\u00bb4.27.4&Prime; _module_preset=\u00a0\u00bbdefault\u00a0\u00bb global_colors_info=\u00a0\u00bb{}\u00a0\u00bb theme_builder_area=\u00a0\u00bbpost_content\u00a0\u00bb][et_pb_text _builder_version=\u00a0\u00bb4.27.4&Prime; _module_preset=\u00a0\u00bbdefault\u00a0\u00bb global_colors_info=\u00a0\u00bb{}\u00a0\u00bb theme_builder_area=\u00a0\u00bbpost_content\u00a0\u00bb]<\/p>\n<p style=\"text-align: justify;\"><b><span data-contrast=\"none\"><\/span><\/b><\/p>\n<p style=\"text-align: justify;\"><b><span data-contrast=\"none\"><\/span><\/b><\/p>\n<p style=\"text-align: justify;\"><b><i><span data-contrast=\"auto\">Qu&rsquo;est-ce que Helanca ?<\/span><\/i><\/b><span data-ccp-props=\"{}\"> <\/span><\/p>\n<p style=\"text-align: justify;\"><i><span data-contrast=\"auto\">Bien qu&rsquo;elle soit souvent confondue avec une fibre, l&rsquo;Helanca est techniquement un proc\u00e9d\u00e9 et un nom de marque pour un type de fil. Le proc\u00e9d\u00e9 original de l&rsquo;Helanca consiste \u00e0 texturer des fibres synth\u00e9tiques comme le nylon (polyamide) ou le polyester en les sertissant ou en les enroulant pour leur donner de l&rsquo;\u00e9lasticit\u00e9. Le r\u00e9sultat est un fil extensible et \u00e9lastique, mais il d\u00e9pend d&rsquo;une fibre de base existante &#8211; l&rsquo;Helanca elle-m\u00eame n&rsquo;est pas une fibre.  <\/span><\/i><span data-ccp-props=\"{}\"> <\/span><\/p>\n<p style=\"text-align: justify;\"><i><span data-contrast=\"auto\">En revanche, le Lycra, mis au point par DuPont en 1958, est une fibre synth\u00e9tique. \u00c9galement connu sous le nom d&rsquo;\u00e9lasthanne (ou spandex aux \u00c9tats-Unis et au Canada), le Lycra a \u00e9t\u00e9 cr\u00e9\u00e9 sp\u00e9cifiquement pour remplacer le caoutchouc dans les v\u00eatements. Il est fabriqu\u00e9 \u00e0 partir de polyur\u00e9thane, un type d&rsquo;\u00e9lastom\u00e8re, et poss\u00e8de une \u00e9lasticit\u00e9 et une capacit\u00e9 de r\u00e9cup\u00e9ration exceptionnelles, capable de s&rsquo;allonger de 5 \u00e0 8 fois sa longueur d&rsquo;origine et de revenir \u00e0 sa forme initiale sans dommage.  <\/span><\/i><span data-ccp-props=\"{}\"> <\/span><\/p>\n<p style=\"text-align: justify;\"><i><span data-contrast=\"auto\">Alors que l&rsquo;Helanca est un fil obtenu par un processus, le Lycra est une fibre performante en soi.<\/span><\/i><span data-ccp-props=\"{}\"> <\/span><\/p>\n<p style=\"text-align: justify;\"><span data-ccp-props=\"{}\"><\/span><\/p>\n<p>[\/et_pb_text][\/et_pb_column][\/et_pb_row][\/et_pb_section][et_pb_section fb_built=\u00a0\u00bb1&Prime; _builder_version=\u00a0\u00bb4.27.4&Prime; _module_preset=\u00a0\u00bbdefault\u00a0\u00bb da_disable_devices=\u00a0\u00bboff|off|off\u00a0\u00bb global_module=\u00a0\u00bb14535&Prime; saved_tabs=\u00a0\u00bball\u00a0\u00bb locked=\u00a0\u00bboff\u00a0\u00bb global_colors_info=\u00a0\u00bb{}\u00a0\u00bb da_is_popup=\u00a0\u00bboff\u00a0\u00bb da_exit_intent=\u00a0\u00bboff\u00a0\u00bb da_has_close=\u00a0\u00bbon\u00a0\u00bb da_alt_close=\u00a0\u00bboff\u00a0\u00bb da_dark_close=\u00a0\u00bboff\u00a0\u00bb da_not_modal=\u00a0\u00bbon\u00a0\u00bb da_is_singular=\u00a0\u00bboff\u00a0\u00bb da_with_loader=\u00a0\u00bboff\u00a0\u00bb da_has_shadow=\u00a0\u00bbon\u00a0\u00bb][et_pb_row _builder_version=\u00a0\u00bb4.27.4&Prime; _module_preset=\u00a0\u00bbdefault\u00a0\u00bb custom_margin=\u00a0\u00bb-100px||||false|false\u00a0\u00bb global_colors_info=\u00a0\u00bb{}\u00a0\u00bb][et_pb_column type=\u00a0\u00bb4_4&Prime; _builder_version=\u00a0\u00bb4.27.4&Prime; _module_preset=\u00a0\u00bbdefault\u00a0\u00bb global_colors_info=\u00a0\u00bb{}\u00a0\u00bb][et_pb_divider _builder_version=\u00a0\u00bb4.27.4&Prime; _module_preset=\u00a0\u00bbdefault\u00a0\u00bb global_colors_info=\u00a0\u00bb{}\u00a0\u00bb][\/et_pb_divider][et_pb_button button_url=\u00a0\u00bb@ET-DC@eyJkeW5hbWljIjp0cnVlLCJjb250ZW50IjoicG9zdF9saW5rX3VybF9wYWdlIiwic2V0dGluZ3MiOnsicG9zdF9pZCI6IjE2NDE5In19@\u00a0\u00bb button_text=\u00a0\u00bbAper\u00e7u des actualit\u00e9s\u00a0\u00bb button_alignment=\u00a0\u00bbcenter\u00a0\u00bb _builder_version=\u00a0\u00bb4.27.4&Prime; _dynamic_attributes=\u00a0\u00bbbutton_url\u00a0\u00bb _module_preset=\u00a0\u00bbdefault\u00a0\u00bb global_colors_info=\u00a0\u00bb{}\u00a0\u00bb][\/et_pb_button][\/et_pb_column][\/et_pb_row][\/et_pb_section]<\/p>\n","protected":false},"excerpt":{"rendered":"<p>L&rsquo;innovation est au c\u0153ur de Gurit et de sa soci\u00e9t\u00e9 m\u00e8re d&rsquo;origine, Heberlein, depuis le d\u00e9but. Le premier brevet du groupe, Helanca, est devenu un succ\u00e8s mondial et a ouvert la voie \u00e0 un avenir dans les mat\u00e9riaux de performance.   <\/p>\n","protected":false},"author":1,"featured_media":22532,"comment_status":"open","ping_status":"open","sticky":false,"template":"","format":"standard","meta":{"_et_pb_use_builder":"on","_et_pb_old_content":"","_et_gb_content_width":"","footnotes":""},"categories":[84],"tags":[],"class_list":["post-22531","post","type-post","status-publish","format-standard","has-post-thumbnail","hentry","category-nouvelles"],"yoast_head":"<!-- This site is optimized with the Yoast SEO plugin v27.5 - https:\/\/yoast.com\/product\/yoast-seo-wordpress\/ -->\n<title>La guerre des \u00e9tirements : l&#039;ascension, la chute et l&#039;h\u00e9ritage d&#039;Helanca - Gurit.<\/title>\n<meta name=\"robots\" content=\"index, follow, max-snippet:-1, max-image-preview:large, max-video-preview:-1\" \/>\n<link rel=\"canonical\" href=\"https:\/\/www.gurit.com\/fr\/la-guerre-des-etirements-lascension-la-chute-et-lheritage-dhelanca\/\" \/>\n<meta property=\"og:locale\" content=\"fr_FR\" \/>\n<meta property=\"og:type\" content=\"article\" \/>\n<meta property=\"og:title\" content=\"La guerre des \u00e9tirements : l&#039;ascension, la chute et l&#039;h\u00e9ritage d&#039;Helanca - Gurit.\" \/>\n<meta property=\"og:description\" content=\"L&#039;innovation est au c\u0153ur de Gurit et de sa soci\u00e9t\u00e9 m\u00e8re d&#039;origine, Heberlein, depuis le d\u00e9but. Le premier brevet du groupe, Helanca, est devenu un succ\u00e8s mondial et a ouvert la voie \u00e0 un avenir dans les mat\u00e9riaux de performance.\" \/>\n<meta property=\"og:url\" content=\"https:\/\/www.gurit.com\/fr\/la-guerre-des-etirements-lascension-la-chute-et-lheritage-dhelanca\/\" \/>\n<meta property=\"og:site_name\" content=\"Gurit\" \/>\n<meta property=\"article:publisher\" content=\"https:\/\/www.facebook.com\/GuritGroup\" \/>\n<meta property=\"article:published_time\" content=\"2025-06-10T03:56:15+00:00\" \/>\n<meta property=\"article:modified_time\" content=\"2026-04-26T13:41:20+00:00\" \/>\n<meta property=\"og:image\" content=\"https:\/\/www.gurit.com\/wp-content\/uploads\/2025\/06\/News-item-thumbnail-5.jpg\" \/>\n\t<meta property=\"og:image:width\" content=\"1500\" \/>\n\t<meta property=\"og:image:height\" content=\"1000\" \/>\n\t<meta property=\"og:image:type\" content=\"image\/jpeg\" \/>\n<meta name=\"author\" content=\"simplicate\" \/>\n<meta name=\"twitter:card\" content=\"summary_large_image\" \/>\n<meta name=\"twitter:creator\" content=\"@guritgroup\" \/>\n<meta name=\"twitter:site\" content=\"@guritgroup\" \/>\n<meta name=\"twitter:label1\" content=\"\u00c9crit par\" \/>\n\t<meta name=\"twitter:data1\" content=\"simplicate\" \/>\n\t<meta name=\"twitter:label2\" content=\"Dur\u00e9e de lecture estim\u00e9e\" \/>\n\t<meta name=\"twitter:data2\" content=\"8 minutes\" \/>\n<script type=\"application\/ld+json\" class=\"yoast-schema-graph\">{\"@context\":\"https:\\\/\\\/schema.org\",\"@graph\":[{\"@type\":\"Article\",\"@id\":\"https:\\\/\\\/www.gurit.com\\\/fr\\\/la-guerre-des-etirements-lascension-la-chute-et-lheritage-dhelanca\\\/#article\",\"isPartOf\":{\"@id\":\"https:\\\/\\\/www.gurit.com\\\/fr\\\/la-guerre-des-etirements-lascension-la-chute-et-lheritage-dhelanca\\\/\"},\"author\":{\"name\":\"simplicate\",\"@id\":\"https:\\\/\\\/www.gurit.com\\\/fr\\\/#\\\/schema\\\/person\\\/b119121c55c6dcf772cd743cf20ea81b\"},\"headline\":\"La guerre des \u00e9tirements : l&rsquo;ascension, la chute et l&rsquo;h\u00e9ritage d&rsquo;Helanca\",\"datePublished\":\"2025-06-10T03:56:15+00:00\",\"dateModified\":\"2026-04-26T13:41:20+00:00\",\"mainEntityOfPage\":{\"@id\":\"https:\\\/\\\/www.gurit.com\\\/fr\\\/la-guerre-des-etirements-lascension-la-chute-et-lheritage-dhelanca\\\/\"},\"wordCount\":1657,\"commentCount\":0,\"publisher\":{\"@id\":\"https:\\\/\\\/www.gurit.com\\\/fr\\\/#organization\"},\"image\":{\"@id\":\"https:\\\/\\\/www.gurit.com\\\/fr\\\/la-guerre-des-etirements-lascension-la-chute-et-lheritage-dhelanca\\\/#primaryimage\"},\"thumbnailUrl\":\"https:\\\/\\\/www.gurit.com\\\/wp-content\\\/uploads\\\/2025\\\/06\\\/News-item-thumbnail-5.jpg\",\"articleSection\":[\"nouvelles\"],\"inLanguage\":\"fr-FR\",\"potentialAction\":[{\"@type\":\"CommentAction\",\"name\":\"Comment\",\"target\":[\"https:\\\/\\\/www.gurit.com\\\/fr\\\/la-guerre-des-etirements-lascension-la-chute-et-lheritage-dhelanca\\\/#respond\"]}]},{\"@type\":\"WebPage\",\"@id\":\"https:\\\/\\\/www.gurit.com\\\/fr\\\/la-guerre-des-etirements-lascension-la-chute-et-lheritage-dhelanca\\\/\",\"url\":\"https:\\\/\\\/www.gurit.com\\\/fr\\\/la-guerre-des-etirements-lascension-la-chute-et-lheritage-dhelanca\\\/\",\"name\":\"La guerre des \u00e9tirements : l'ascension, la chute et l'h\u00e9ritage d'Helanca - Gurit.\",\"isPartOf\":{\"@id\":\"https:\\\/\\\/www.gurit.com\\\/fr\\\/#website\"},\"primaryImageOfPage\":{\"@id\":\"https:\\\/\\\/www.gurit.com\\\/fr\\\/la-guerre-des-etirements-lascension-la-chute-et-lheritage-dhelanca\\\/#primaryimage\"},\"image\":{\"@id\":\"https:\\\/\\\/www.gurit.com\\\/fr\\\/la-guerre-des-etirements-lascension-la-chute-et-lheritage-dhelanca\\\/#primaryimage\"},\"thumbnailUrl\":\"https:\\\/\\\/www.gurit.com\\\/wp-content\\\/uploads\\\/2025\\\/06\\\/News-item-thumbnail-5.jpg\",\"datePublished\":\"2025-06-10T03:56:15+00:00\",\"dateModified\":\"2026-04-26T13:41:20+00:00\",\"breadcrumb\":{\"@id\":\"https:\\\/\\\/www.gurit.com\\\/fr\\\/la-guerre-des-etirements-lascension-la-chute-et-lheritage-dhelanca\\\/#breadcrumb\"},\"inLanguage\":\"fr-FR\",\"potentialAction\":[{\"@type\":\"ReadAction\",\"target\":[\"https:\\\/\\\/www.gurit.com\\\/fr\\\/la-guerre-des-etirements-lascension-la-chute-et-lheritage-dhelanca\\\/\"]}]},{\"@type\":\"ImageObject\",\"inLanguage\":\"fr-FR\",\"@id\":\"https:\\\/\\\/www.gurit.com\\\/fr\\\/la-guerre-des-etirements-lascension-la-chute-et-lheritage-dhelanca\\\/#primaryimage\",\"url\":\"https:\\\/\\\/www.gurit.com\\\/wp-content\\\/uploads\\\/2025\\\/06\\\/News-item-thumbnail-5.jpg\",\"contentUrl\":\"https:\\\/\\\/www.gurit.com\\\/wp-content\\\/uploads\\\/2025\\\/06\\\/News-item-thumbnail-5.jpg\",\"width\":1500,\"height\":1000},{\"@type\":\"BreadcrumbList\",\"@id\":\"https:\\\/\\\/www.gurit.com\\\/fr\\\/la-guerre-des-etirements-lascension-la-chute-et-lheritage-dhelanca\\\/#breadcrumb\",\"itemListElement\":[{\"@type\":\"ListItem\",\"position\":1,\"name\":\"Startseite\",\"item\":\"https:\\\/\\\/www.gurit.com\\\/fr\\\/marches\\\/\"},{\"@type\":\"ListItem\",\"position\":2,\"name\":\"La guerre des \u00e9tirements : l&rsquo;ascension, la chute et l&rsquo;h\u00e9ritage d&rsquo;Helanca\"}]},{\"@type\":\"WebSite\",\"@id\":\"https:\\\/\\\/www.gurit.com\\\/fr\\\/#website\",\"url\":\"https:\\\/\\\/www.gurit.com\\\/fr\\\/\",\"name\":\"Gurit\",\"description\":\"Composites avanc\u00e9s pour l'\u00e9nergie \u00e9olienne, la marine, la construction et d'autres industries\",\"publisher\":{\"@id\":\"https:\\\/\\\/www.gurit.com\\\/fr\\\/#organization\"},\"potentialAction\":[{\"@type\":\"SearchAction\",\"target\":{\"@type\":\"EntryPoint\",\"urlTemplate\":\"https:\\\/\\\/www.gurit.com\\\/fr\\\/?s={search_term_string}\"},\"query-input\":{\"@type\":\"PropertyValueSpecification\",\"valueRequired\":true,\"valueName\":\"search_term_string\"}}],\"inLanguage\":\"fr-FR\"},{\"@type\":\"Organization\",\"@id\":\"https:\\\/\\\/www.gurit.com\\\/fr\\\/#organization\",\"name\":\"Gurit\",\"url\":\"https:\\\/\\\/www.gurit.com\\\/fr\\\/\",\"logo\":{\"@type\":\"ImageObject\",\"inLanguage\":\"fr-FR\",\"@id\":\"https:\\\/\\\/www.gurit.com\\\/fr\\\/#\\\/schema\\\/logo\\\/image\\\/\",\"url\":\"https:\\\/\\\/www.gurit.com\\\/wp-content\\\/uploads\\\/2021\\\/12\\\/gurit-logo.png\",\"contentUrl\":\"https:\\\/\\\/www.gurit.com\\\/wp-content\\\/uploads\\\/2021\\\/12\\\/gurit-logo.png\",\"width\":262,\"height\":100,\"caption\":\"Gurit\"},\"image\":{\"@id\":\"https:\\\/\\\/www.gurit.com\\\/fr\\\/#\\\/schema\\\/logo\\\/image\\\/\"},\"sameAs\":[\"https:\\\/\\\/www.facebook.com\\\/GuritGroup\",\"https:\\\/\\\/x.com\\\/guritgroup\",\"https:\\\/\\\/www.linkedin.com\\\/company\\\/gurit\\\/\"]},{\"@type\":\"Person\",\"@id\":\"https:\\\/\\\/www.gurit.com\\\/fr\\\/#\\\/schema\\\/person\\\/b119121c55c6dcf772cd743cf20ea81b\",\"name\":\"simplicate\",\"image\":{\"@type\":\"ImageObject\",\"inLanguage\":\"fr-FR\",\"@id\":\"https:\\\/\\\/secure.gravatar.com\\\/avatar\\\/9a8f9ff1310a9be563f7bb74ad701c675616de3f72f797dc49f714eb54922b80?s=96&d=mm&r=g\",\"url\":\"https:\\\/\\\/secure.gravatar.com\\\/avatar\\\/9a8f9ff1310a9be563f7bb74ad701c675616de3f72f797dc49f714eb54922b80?s=96&d=mm&r=g\",\"contentUrl\":\"https:\\\/\\\/secure.gravatar.com\\\/avatar\\\/9a8f9ff1310a9be563f7bb74ad701c675616de3f72f797dc49f714eb54922b80?s=96&d=mm&r=g\",\"caption\":\"simplicate\"},\"sameAs\":[\"http:\\\/\\\/gurit.simplicate.de\"],\"url\":\"https:\\\/\\\/www.gurit.com\\\/fr\\\/author\\\/simplicate_gur\\\/\"}]}<\/script>\n<!-- \/ Yoast SEO plugin. -->","yoast_head_json":{"title":"La guerre des \u00e9tirements : l'ascension, la chute et l'h\u00e9ritage d'Helanca - Gurit.","robots":{"index":"index","follow":"follow","max-snippet":"max-snippet:-1","max-image-preview":"max-image-preview:large","max-video-preview":"max-video-preview:-1"},"canonical":"https:\/\/www.gurit.com\/fr\/la-guerre-des-etirements-lascension-la-chute-et-lheritage-dhelanca\/","og_locale":"fr_FR","og_type":"article","og_title":"La guerre des \u00e9tirements : l'ascension, la chute et l'h\u00e9ritage d'Helanca - Gurit.","og_description":"L'innovation est au c\u0153ur de Gurit et de sa soci\u00e9t\u00e9 m\u00e8re d'origine, Heberlein, depuis le d\u00e9but. Le premier brevet du groupe, Helanca, est devenu un succ\u00e8s mondial et a ouvert la voie \u00e0 un avenir dans les mat\u00e9riaux de performance.","og_url":"https:\/\/www.gurit.com\/fr\/la-guerre-des-etirements-lascension-la-chute-et-lheritage-dhelanca\/","og_site_name":"Gurit","article_publisher":"https:\/\/www.facebook.com\/GuritGroup","article_published_time":"2025-06-10T03:56:15+00:00","article_modified_time":"2026-04-26T13:41:20+00:00","og_image":[{"width":1500,"height":1000,"url":"https:\/\/www.gurit.com\/wp-content\/uploads\/2025\/06\/News-item-thumbnail-5.jpg","type":"image\/jpeg"}],"author":"simplicate","twitter_card":"summary_large_image","twitter_creator":"@guritgroup","twitter_site":"@guritgroup","twitter_misc":{"\u00c9crit par":"simplicate","Dur\u00e9e de lecture estim\u00e9e":"8 minutes"},"schema":{"@context":"https:\/\/schema.org","@graph":[{"@type":"Article","@id":"https:\/\/www.gurit.com\/fr\/la-guerre-des-etirements-lascension-la-chute-et-lheritage-dhelanca\/#article","isPartOf":{"@id":"https:\/\/www.gurit.com\/fr\/la-guerre-des-etirements-lascension-la-chute-et-lheritage-dhelanca\/"},"author":{"name":"simplicate","@id":"https:\/\/www.gurit.com\/fr\/#\/schema\/person\/b119121c55c6dcf772cd743cf20ea81b"},"headline":"La guerre des \u00e9tirements : l&rsquo;ascension, la chute et l&rsquo;h\u00e9ritage d&rsquo;Helanca","datePublished":"2025-06-10T03:56:15+00:00","dateModified":"2026-04-26T13:41:20+00:00","mainEntityOfPage":{"@id":"https:\/\/www.gurit.com\/fr\/la-guerre-des-etirements-lascension-la-chute-et-lheritage-dhelanca\/"},"wordCount":1657,"commentCount":0,"publisher":{"@id":"https:\/\/www.gurit.com\/fr\/#organization"},"image":{"@id":"https:\/\/www.gurit.com\/fr\/la-guerre-des-etirements-lascension-la-chute-et-lheritage-dhelanca\/#primaryimage"},"thumbnailUrl":"https:\/\/www.gurit.com\/wp-content\/uploads\/2025\/06\/News-item-thumbnail-5.jpg","articleSection":["nouvelles"],"inLanguage":"fr-FR","potentialAction":[{"@type":"CommentAction","name":"Comment","target":["https:\/\/www.gurit.com\/fr\/la-guerre-des-etirements-lascension-la-chute-et-lheritage-dhelanca\/#respond"]}]},{"@type":"WebPage","@id":"https:\/\/www.gurit.com\/fr\/la-guerre-des-etirements-lascension-la-chute-et-lheritage-dhelanca\/","url":"https:\/\/www.gurit.com\/fr\/la-guerre-des-etirements-lascension-la-chute-et-lheritage-dhelanca\/","name":"La guerre des \u00e9tirements : l'ascension, la chute et l'h\u00e9ritage d'Helanca - Gurit.","isPartOf":{"@id":"https:\/\/www.gurit.com\/fr\/#website"},"primaryImageOfPage":{"@id":"https:\/\/www.gurit.com\/fr\/la-guerre-des-etirements-lascension-la-chute-et-lheritage-dhelanca\/#primaryimage"},"image":{"@id":"https:\/\/www.gurit.com\/fr\/la-guerre-des-etirements-lascension-la-chute-et-lheritage-dhelanca\/#primaryimage"},"thumbnailUrl":"https:\/\/www.gurit.com\/wp-content\/uploads\/2025\/06\/News-item-thumbnail-5.jpg","datePublished":"2025-06-10T03:56:15+00:00","dateModified":"2026-04-26T13:41:20+00:00","breadcrumb":{"@id":"https:\/\/www.gurit.com\/fr\/la-guerre-des-etirements-lascension-la-chute-et-lheritage-dhelanca\/#breadcrumb"},"inLanguage":"fr-FR","potentialAction":[{"@type":"ReadAction","target":["https:\/\/www.gurit.com\/fr\/la-guerre-des-etirements-lascension-la-chute-et-lheritage-dhelanca\/"]}]},{"@type":"ImageObject","inLanguage":"fr-FR","@id":"https:\/\/www.gurit.com\/fr\/la-guerre-des-etirements-lascension-la-chute-et-lheritage-dhelanca\/#primaryimage","url":"https:\/\/www.gurit.com\/wp-content\/uploads\/2025\/06\/News-item-thumbnail-5.jpg","contentUrl":"https:\/\/www.gurit.com\/wp-content\/uploads\/2025\/06\/News-item-thumbnail-5.jpg","width":1500,"height":1000},{"@type":"BreadcrumbList","@id":"https:\/\/www.gurit.com\/fr\/la-guerre-des-etirements-lascension-la-chute-et-lheritage-dhelanca\/#breadcrumb","itemListElement":[{"@type":"ListItem","position":1,"name":"Startseite","item":"https:\/\/www.gurit.com\/fr\/marches\/"},{"@type":"ListItem","position":2,"name":"La guerre des \u00e9tirements : l&rsquo;ascension, la chute et l&rsquo;h\u00e9ritage d&rsquo;Helanca"}]},{"@type":"WebSite","@id":"https:\/\/www.gurit.com\/fr\/#website","url":"https:\/\/www.gurit.com\/fr\/","name":"Gurit","description":"Composites avanc\u00e9s pour l'\u00e9nergie \u00e9olienne, la marine, la construction et d'autres industries","publisher":{"@id":"https:\/\/www.gurit.com\/fr\/#organization"},"potentialAction":[{"@type":"SearchAction","target":{"@type":"EntryPoint","urlTemplate":"https:\/\/www.gurit.com\/fr\/?s={search_term_string}"},"query-input":{"@type":"PropertyValueSpecification","valueRequired":true,"valueName":"search_term_string"}}],"inLanguage":"fr-FR"},{"@type":"Organization","@id":"https:\/\/www.gurit.com\/fr\/#organization","name":"Gurit","url":"https:\/\/www.gurit.com\/fr\/","logo":{"@type":"ImageObject","inLanguage":"fr-FR","@id":"https:\/\/www.gurit.com\/fr\/#\/schema\/logo\/image\/","url":"https:\/\/www.gurit.com\/wp-content\/uploads\/2021\/12\/gurit-logo.png","contentUrl":"https:\/\/www.gurit.com\/wp-content\/uploads\/2021\/12\/gurit-logo.png","width":262,"height":100,"caption":"Gurit"},"image":{"@id":"https:\/\/www.gurit.com\/fr\/#\/schema\/logo\/image\/"},"sameAs":["https:\/\/www.facebook.com\/GuritGroup","https:\/\/x.com\/guritgroup","https:\/\/www.linkedin.com\/company\/gurit\/"]},{"@type":"Person","@id":"https:\/\/www.gurit.com\/fr\/#\/schema\/person\/b119121c55c6dcf772cd743cf20ea81b","name":"simplicate","image":{"@type":"ImageObject","inLanguage":"fr-FR","@id":"https:\/\/secure.gravatar.com\/avatar\/9a8f9ff1310a9be563f7bb74ad701c675616de3f72f797dc49f714eb54922b80?s=96&d=mm&r=g","url":"https:\/\/secure.gravatar.com\/avatar\/9a8f9ff1310a9be563f7bb74ad701c675616de3f72f797dc49f714eb54922b80?s=96&d=mm&r=g","contentUrl":"https:\/\/secure.gravatar.com\/avatar\/9a8f9ff1310a9be563f7bb74ad701c675616de3f72f797dc49f714eb54922b80?s=96&d=mm&r=g","caption":"simplicate"},"sameAs":["http:\/\/gurit.simplicate.de"],"url":"https:\/\/www.gurit.com\/fr\/author\/simplicate_gur\/"}]}},"_links":{"self":[{"href":"https:\/\/www.gurit.com\/fr\/wp-json\/wp\/v2\/posts\/22531","targetHints":{"allow":["GET"]}}],"collection":[{"href":"https:\/\/www.gurit.com\/fr\/wp-json\/wp\/v2\/posts"}],"about":[{"href":"https:\/\/www.gurit.com\/fr\/wp-json\/wp\/v2\/types\/post"}],"author":[{"embeddable":true,"href":"https:\/\/www.gurit.com\/fr\/wp-json\/wp\/v2\/users\/1"}],"replies":[{"embeddable":true,"href":"https:\/\/www.gurit.com\/fr\/wp-json\/wp\/v2\/comments?post=22531"}],"version-history":[{"count":1,"href":"https:\/\/www.gurit.com\/fr\/wp-json\/wp\/v2\/posts\/22531\/revisions"}],"predecessor-version":[{"id":22538,"href":"https:\/\/www.gurit.com\/fr\/wp-json\/wp\/v2\/posts\/22531\/revisions\/22538"}],"wp:featuredmedia":[{"embeddable":true,"href":"https:\/\/www.gurit.com\/fr\/wp-json\/wp\/v2\/media\/22532"}],"wp:attachment":[{"href":"https:\/\/www.gurit.com\/fr\/wp-json\/wp\/v2\/media?parent=22531"}],"wp:term":[{"taxonomy":"category","embeddable":true,"href":"https:\/\/www.gurit.com\/fr\/wp-json\/wp\/v2\/categories?post=22531"},{"taxonomy":"post_tag","embeddable":true,"href":"https:\/\/www.gurit.com\/fr\/wp-json\/wp\/v2\/tags?post=22531"}],"curies":[{"name":"wp","href":"https:\/\/api.w.org\/{rel}","templated":true}]}}