{"id":22533,"date":"2025-04-04T10:30:00","date_gmt":"2025-04-04T08:30:00","guid":{"rendered":"https:\/\/www.gurit.com\/celebration-de-190-ans\/"},"modified":"2026-04-26T15:41:19","modified_gmt":"2026-04-26T13:41:19","slug":"celebration-de-190-ans","status":"publish","type":"post","link":"https:\/\/www.gurit.com\/fr\/celebration-de-190-ans\/","title":{"rendered":"C\u00e9l\u00e9bration de 190 ans"},"content":{"rendered":"<p>[et_pb_section fb_built=\u00a0\u00bb1&Prime; _builder_version=\u00a0\u00bb4.27.4&Prime; _module_preset=\u00a0\u00bbdefault\u00a0\u00bb background_enable_image=\u00a0\u00bboff\u00a0\u00bb background_size=\u00a0\u00bbcontain\u00a0\u00bb da_disable_devices=\u00a0\u00bboff|off|off\u00a0\u00bb locked=\u00a0\u00bboff\u00a0\u00bb global_colors_info=\u00a0\u00bb{}\u00a0\u00bb theme_builder_area=\u00a0\u00bbpost_content\u00a0\u00bb da_is_popup=\u00a0\u00bboff\u00a0\u00bb da_exit_intent=\u00a0\u00bboff\u00a0\u00bb da_has_close=\u00a0\u00bbon\u00a0\u00bb da_alt_close=\u00a0\u00bboff\u00a0\u00bb da_dark_close=\u00a0\u00bboff\u00a0\u00bb da_not_modal=\u00a0\u00bbon\u00a0\u00bb da_is_singular=\u00a0\u00bboff\u00a0\u00bb da_with_loader=\u00a0\u00bboff\u00a0\u00bb da_has_shadow=\u00a0\u00bbon\u00a0\u00bb][et_pb_row _builder_version=\u00a0\u00bb4.27.4&Prime; _module_preset=\u00a0\u00bbdefault\u00a0\u00bb global_colors_info=\u00a0\u00bb{}\u00a0\u00bb theme_builder_area=\u00a0\u00bbpost_content\u00a0\u00bb][et_pb_column type=\u00a0\u00bb4_4&Prime; _builder_version=\u00a0\u00bb4.27.4&Prime; _module_preset=\u00a0\u00bbdefault\u00a0\u00bb global_colors_info=\u00a0\u00bb{}\u00a0\u00bb theme_builder_area=\u00a0\u00bbpost_content\u00a0\u00bb][et_pb_text _builder_version=\u00a0\u00bb4.27.4&Prime; _module_preset=\u00a0\u00bbdefault\u00a0\u00bb global_colors_info=\u00a0\u00bb{}\u00a0\u00bb theme_builder_area=\u00a0\u00bbpost_content\u00a0\u00bb]<\/p>\n<h1>190 ANS D&rsquo;EXISTENCE<\/h1>\n<p>[\/et_pb_text][\/et_pb_column][\/et_pb_row][et_pb_row column_structure=\u00a0\u00bb3_5,2_5&Prime; _builder_version=\u00a0\u00bb4.18.0&Prime; _module_preset=\u00a0\u00bbdefault\u00a0\u00bb global_colors_info=\u00a0\u00bb{}\u00a0\u00bb theme_builder_area=\u00a0\u00bbpost_content\u00a0\u00bb][et_pb_column type=\u00a0\u00bb3_5&Prime; _builder_version=\u00a0\u00bb4.18.0&Prime; _module_preset=\u00a0\u00bbdefault\u00a0\u00bb global_colors_info=\u00a0\u00bb{}\u00a0\u00bb theme_builder_area=\u00a0\u00bbpost_content\u00a0\u00bb][et_pb_text _builder_version=\u00a0\u00bb4.27.4&Prime; _module_preset=\u00a0\u00bbdefault\u00a0\u00bb global_colors_info=\u00a0\u00bb{}\u00a0\u00bb theme_builder_area=\u00a0\u00bbpost_content\u00a0\u00bb]<\/p>\n<p><span>190 ans d&rsquo;excellence &#8211; Un h\u00e9ritage qui m\u00e9rite d&rsquo;\u00eatre c\u00e9l\u00e9br\u00e9 ! \ud83c\udf89 Rejoignez-nous pour honorer pr\u00e8s de deux si\u00e8cles d&rsquo;innovation, de d\u00e9vouement et de confiance. Restez \u00e0 l&rsquo;\u00e9coute pour une ann\u00e9e de moments sp\u00e9ciaux et de c\u00e9l\u00e9brations !  <\/span><\/p>\n<p>[\/et_pb_text][et_pb_image src=\u00a0\u00bbhttps:\/\/www.gurit.com\/wp-content\/uploads\/2025\/03\/gurit-190years-blue-rgb.png\u00a0\u00bb title_text=\u00a0\u00bbgurit-190ans-bleu-rgb\u00a0\u00bb _builder_version=\u00a0\u00bb4.27.4&Prime; _module_preset=\u00a0\u00bbdefault\u00a0\u00bb width=\u00a0\u00bb42%\u00a0\u00bb global_colors_info=\u00a0\u00bb{}\u00a0\u00bb theme_builder_area=\u00a0\u00bbpost_content\u00a0\u00bb][\/et_pb_image][\/et_pb_column][et_pb_column type=\u00a0\u00bb2_5&Prime; _builder_version=\u00a0\u00bb4.18.0&Prime; _module_preset=\u00a0\u00bbdefault\u00a0\u00bb global_colors_info=\u00a0\u00bb{}\u00a0\u00bb theme_builder_area=\u00a0\u00bbpost_content\u00a0\u00bb][et_pb_image src=\u00a0\u00bbhttps:\/\/www.gurit.com\/wp-content\/uploads\/2025\/09\/News-item-thumbnail-2.jpg\u00a0\u00bb title_text=\u00a0\u00bbB\u00e2timent Gurit_archive\u00a0\u00bb align=\u00a0\u00bbright\u00a0\u00bb _builder_version=\u00a0\u00bb4.27.4&Prime; _module_preset=\u00a0\u00bbdefault\u00a0\u00bb height=\u00a0\u00bb192px\u00a0\u00bb global_colors_info=\u00a0\u00bb{}\u00a0\u00bb theme_builder_area=\u00a0\u00bbpost_content\u00a0\u00bb][\/et_pb_image][\/et_pb_column][\/et_pb_row][et_pb_row _builder_version=\u00a0\u00bb4.27.4&Prime; _module_preset=\u00a0\u00bbdefault\u00a0\u00bb global_colors_info=\u00a0\u00bb{}\u00a0\u00bb theme_builder_area=\u00a0\u00bbpost_content\u00a0\u00bb][et_pb_column type=\u00a0\u00bb4_4&Prime; _builder_version=\u00a0\u00bb4.27.4&Prime; _module_preset=\u00a0\u00bbdefault\u00a0\u00bb global_colors_info=\u00a0\u00bb{}\u00a0\u00bb theme_builder_area=\u00a0\u00bbpost_content\u00a0\u00bb][et_pb_divider _builder_version=\u00a0\u00bb4.27.4&Prime; _module_preset=\u00a0\u00bbdefault\u00a0\u00bb global_colors_info=\u00a0\u00bb{}\u00a0\u00bb theme_builder_area=\u00a0\u00bbpost_content\u00a0\u00bb][\/et_pb_divider][\/et_pb_column][\/et_pb_row][et_pb_row _builder_version=\u00a0\u00bb4.27.4&Prime; _module_preset=\u00a0\u00bbdefault\u00a0\u00bb global_colors_info=\u00a0\u00bb{}\u00a0\u00bb theme_builder_area=\u00a0\u00bbpost_content\u00a0\u00bb][et_pb_column type=\u00a0\u00bb4_4&Prime; _builder_version=\u00a0\u00bb4.27.4&Prime; _module_preset=\u00a0\u00bbdefault\u00a0\u00bb global_colors_info=\u00a0\u00bb{}\u00a0\u00bb theme_builder_area=\u00a0\u00bbpost_content\u00a0\u00bb][et_pb_text _builder_version=\u00a0\u00bb4.27.4&Prime; _module_preset=\u00a0\u00bbdefault\u00a0\u00bb global_colors_info=\u00a0\u00bb{}\u00a0\u00bb theme_builder_area=\u00a0\u00bbpost_content\u00a0\u00bb]<\/p>\n<h1>Un h\u00e9ritage d&rsquo;innovation<\/h1>\n<p>[\/et_pb_text][\/et_pb_column][\/et_pb_row][et_pb_row column_structure=\u00a0\u00bb3_5,2_5&Prime; _builder_version=\u00a0\u00bb4.27.4&Prime; _module_preset=\u00a0\u00bbdefault\u00a0\u00bb global_colors_info=\u00a0\u00bb{}\u00a0\u00bb theme_builder_area=\u00a0\u00bbpost_content\u00a0\u00bb][et_pb_column type=\u00a0\u00bb3_5&Prime; _builder_version=\u00a0\u00bb4.27.4&Prime; _module_preset=\u00a0\u00bbdefault\u00a0\u00bb global_colors_info=\u00a0\u00bb{}\u00a0\u00bb theme_builder_area=\u00a0\u00bbpost_content\u00a0\u00bb][et_pb_text _builder_version=\u00a0\u00bb4.27.4&Prime; _module_preset=\u00a0\u00bbdefault\u00a0\u00bb global_colors_info=\u00a0\u00bb{}\u00a0\u00bb theme_builder_area=\u00a0\u00bbpost_content\u00a0\u00bb]<\/p>\n<p class=\"p1\" style=\"text-align: justify;\">Notre voyage des textiles aux composites avanc\u00e9s<\/p>\n<p>L&rsquo;histoire de Gurit commence en 1835, lorsque Georg Philipp Heberlein fonde une petite entreprise d&rsquo;ennoblissement textile \u00e0 Wattwil, en Suisse. D\u00e8s le d\u00e9but, l&rsquo;innovation est au c\u0153ur de l&rsquo;entreprise. Ce qui \u00e9tait \u00e0 l&rsquo;origine une entreprise artisanale s&rsquo;est transform\u00e9 en entreprise industrielle, en commen\u00e7ant par l&rsquo;utilisation de colorants synth\u00e9tiques, puis d&rsquo;une teinturerie de v\u00eatements en 1897, suivie d&rsquo;une imprimerie en 1916. Au fil des ans, des g\u00e9n\u00e9rations de la famille Heberlein ont \u00e9t\u00e9 \u00e0 l&rsquo;origine de progr\u00e8s dans le domaine des fibres synth\u00e9tiques et des machines textiles, \u00e9tablissant une solide r\u00e9putation dans une industrie en plein essor en Suisse orientale.   <\/p>\n<p class=\"p1\" style=\"text-align: justify;\">.<\/p>\n<p>[\/et_pb_text][\/et_pb_column][et_pb_column type=\u00a0\u00bb2_5&Prime; _builder_version=\u00a0\u00bb4.27.4&Prime; _module_preset=\u00a0\u00bbdefault\u00a0\u00bb global_colors_info=\u00a0\u00bb{}\u00a0\u00bb theme_builder_area=\u00a0\u00bbpost_content\u00a0\u00bb][et_pb_image src=\u00a0\u00bbhttps:\/\/www.gurit.com\/wp-content\/uploads\/2025\/09\/Finishing-machine_cropped.jpg\u00a0\u00bb title_text=\u00a0\u00bbMachine de finition_cropped\u00a0\u00bb _builder_version=\u00a0\u00bb4.27.4&Prime; _module_preset=\u00a0\u00bbdefault\u00a0\u00bb width=\u00a0\u00bb57%\u00a0\u00bb global_colors_info=\u00a0\u00bb{}\u00a0\u00bb theme_builder_area=\u00a0\u00bbpost_content\u00a0\u00bb][\/et_pb_image][\/et_pb_column][\/et_pb_row][et_pb_row column_structure=\u00a0\u00bb2_5,3_5&Prime; _builder_version=\u00a0\u00bb4.27.4&Prime; _module_preset=\u00a0\u00bbdefault\u00a0\u00bb global_colors_info=\u00a0\u00bb{}\u00a0\u00bb theme_builder_area=\u00a0\u00bbpost_content\u00a0\u00bb][et_pb_column type=\u00a0\u00bb2_5&Prime; _builder_version=\u00a0\u00bb4.27.4&Prime; _module_preset=\u00a0\u00bbdefault\u00a0\u00bb global_colors_info=\u00a0\u00bb{}\u00a0\u00bb theme_builder_area=\u00a0\u00bbpost_content\u00a0\u00bb][et_pb_image src=\u00a0\u00bbhttps:\/\/www.gurit.com\/wp-content\/uploads\/2025\/09\/Gurit_advertising-circa-1968_crop.jpg\u00a0\u00bb title_text=\u00a0\u00bbGurit_publicit\u00e9 circa 1968_crop\u00a0\u00bb _builder_version=\u00a0\u00bb4.27.4&Prime; _module_preset=\u00a0\u00bbdefault\u00a0\u00bb width=\u00a0\u00bb78%\u00a0\u00bb custom_padding=\u00a0\u00bb|0px||||\u00a0\u00bb global_colors_info=\u00a0\u00bb{}\u00a0\u00bb theme_builder_area=\u00a0\u00bbpost_content\u00a0\u00bb][\/et_pb_image][\/et_pb_column][et_pb_column type=\u00a0\u00bb3_5&Prime; _builder_version=\u00a0\u00bb4.27.4&Prime; _module_preset=\u00a0\u00bbdefault\u00a0\u00bb global_colors_info=\u00a0\u00bb{}\u00a0\u00bb theme_builder_area=\u00a0\u00bbpost_content\u00a0\u00bb][et_pb_text _builder_version=\u00a0\u00bb4.27.4&Prime; _module_preset=\u00a0\u00bbdefault\u00a0\u00bb custom_padding=\u00a0\u00bb||0px|||\u00a0\u00bb global_colors_info=\u00a0\u00bb{}\u00a0\u00bb theme_builder_area=\u00a0\u00bbpost_content\u00a0\u00bb]<\/p>\n<p>En 1929, la soci\u00e9t\u00e9 s&rsquo;est \u00e9tendue \u00e0 la fabrication de caoutchouc et de mousse synth\u00e9tique avec la cr\u00e9ation de Gurit, une soci\u00e9t\u00e9 appartenant \u00e0 Heberlein, \u00e0 Richterswil, en Suisse. Gurit porte le nom de \u00ab\u00a0Gummiwerk Richterswil\u00a0\u00bb (usine de caoutchouc de Richterswil). Cette nouvelle soci\u00e9t\u00e9 a jet\u00e9 les bases de ce qui allait devenir une transformation importante pour l&rsquo;entreprise.  <\/p>\n<p>Les divisions textiles et plastiques se sont d\u00e9velopp\u00e9es ind\u00e9pendamment jusqu&rsquo;au milieu des ann\u00e9es 1960, toutes deux \u00e9tant toutefois guid\u00e9es par l&rsquo;innovation en mati\u00e8re de mat\u00e9riaux.<\/p>\n<p>Apr\u00e8s la Seconde Guerre mondiale, la p\u00e9nurie de fibres naturelles a fait exploser la demande d&rsquo;alternatives artificielles. Heberlein modernise et agrandit ses installations de teinture, mais c&rsquo;est l&rsquo;invention et le brevetage de l&rsquo;Helanca &#8211; une m\u00e9thode permettant d&rsquo;ajouter de l&rsquo;\u00e9lasticit\u00e9 aux fibres synth\u00e9tiques &#8211; qui stimule la croissance. \u00c0 la fin des ann\u00e9es 1960, l&rsquo;usine de Wattwil emploie plus de 2 500 personnes, et <span class=\"NormalTextRun SCXW73837240 BCX8\">l&rsquo;ensemble du groupe Heberlein plus de 5 000<\/span>. Cependant, une crise mondiale des fibres synth\u00e9tiques dans les ann\u00e9es 1970 a entra\u00een\u00e9 l&rsquo;effondrement de la division textile. Une restructuration majeure s&rsquo;ensuit, la marque Helanca est finalement vendue \u00e0 Saurer et l&rsquo;activit\u00e9 textile est progressivement liquid\u00e9e.    <\/p>\n<p class=\"p1\" style=\"text-align: justify;\">Gurit, la division plastique, a connu un d\u00e9marrage lent dans les ann\u00e9es 1930, mais a prosp\u00e9r\u00e9 apr\u00e8s la Seconde Guerre mondiale. En 1960, elle employait quelque 700 personnes, produisant des articles en plastique de toutes sortes, des imperm\u00e9ables aux rev\u00eatements de sol en vinyle <\/p>\n<p>[\/et_pb_text][\/et_pb_column][\/et_pb_row][et_pb_row _builder_version=\u00a0\u00bb4.27.4&Prime; _module_preset=\u00a0\u00bbdefault\u00a0\u00bb global_colors_info=\u00a0\u00bb{}\u00a0\u00bb theme_builder_area=\u00a0\u00bbpost_content\u00a0\u00bb][et_pb_column type=\u00a0\u00bb4_4&Prime; _builder_version=\u00a0\u00bb4.27.4&Prime; _module_preset=\u00a0\u00bbdefault\u00a0\u00bb global_colors_info=\u00a0\u00bb{}\u00a0\u00bb theme_builder_area=\u00a0\u00bbpost_content\u00a0\u00bb][et_pb_text _builder_version=\u00a0\u00bb4.27.4&Prime; _module_preset=\u00a0\u00bbdefault\u00a0\u00bb global_colors_info=\u00a0\u00bb{}\u00a0\u00bb theme_builder_area=\u00a0\u00bbpost_content\u00a0\u00bb]<\/p>\n<p>Au milieu des ann\u00e9es 60, la division Gurit Essex a \u00e9t\u00e9 ajout\u00e9e (une coentreprise entre Gurit et Essex Chemical, puis Dow Chemical), suivie par l&rsquo;acquisition de Coltane (sp\u00e9cialis\u00e9e dans les produits dentaires), la <span class=\"NormalTextRun SCXW222449652 BCX8\">fondation de Gurit <\/span><span class=\"NormalTextRun SpellingErrorV2Themed SCXW222449652 BCX8\">Schaumstoff<\/span><span class=\"NormalTextRun SCXW222449652 BCX8\"> <\/span><span class=\"NormalTextRun SCXW222449652 BCX8\">et l<\/span><span class=\"NormalTextRun SCXW222449652 BCX8\"> &lsquo;<\/span><span class=\"NormalTextRun SCXW222449652 BCX8\"> acquisition du<\/span><span class=\"NormalTextRun SCXW222449652 BCX8\">fabricant de films<\/span><span class=\"NormalTextRun SCXW222449652 BCX8\"> <\/span><span class=\"NormalTextRun SCXW222449652 BCX8\"><span class=\"NormalTextRun SCXW222449652 BCX8\">, <\/span><span class=\"NormalTextRun SpellingErrorV2Themed SCXW222449652 BCX8\">Worbla<\/span><span class=\"NormalTextRun SCXW222449652 BCX8\">.<\/span><span class=\"NormalTextRun SCXW222449652 BCX8\"> <\/span>\u00c0 la fin des ann\u00e9es 60, Gurit avait d\u00e9pass\u00e9 son site d&rsquo;origine \u00e0 Richterswil et s&rsquo;\u00e9tait agrandie \u00e0 Freienbach.<\/span><\/p>\n<p>En 1984, suite \u00e0 la croissance de la division Gurit et \u00e0 son avenir prometteur, une mesure inhabituelle a \u00e9t\u00e9 prise : la cr\u00e9ation de la soci\u00e9t\u00e9 Gurit-Heberlein, la filiale devenant la soci\u00e9t\u00e9 m\u00e8re, ce qui a ouvert la voie \u00e0 de nouveaux investissements et \u00e0 une nouvelle voie vers le succ\u00e8s.<\/p>\n<p>En partenariat avec Essex Chemical, Gurit a contribu\u00e9 \u00e0 transformer l&rsquo;industrie automobile et est devenu le plus grand fournisseur europ\u00e9en d&rsquo;adh\u00e9sifs, de produits d&rsquo;\u00e9tanch\u00e9it\u00e9 et de syst\u00e8mes de carrosserie pour les \u00e9quipementiers et le march\u00e9 des pi\u00e8ces d\u00e9tach\u00e9es. Avec l&rsquo;\u00e9volution du march\u00e9 mondial de l&rsquo;automobile, Gurit a vendu sa participation \u00e0 Dow Chemical en 2000. Cela nous a permis de nous concentrer sur les soins de sant\u00e9 et les mat\u00e9riaux composites. L&rsquo;injection de liquidit\u00e9s a permis la fermeture bien ex\u00e9cut\u00e9e de l&rsquo;entreprise textile en difficult\u00e9, avec un d\u00e9lai suppl\u00e9mentaire de 13 ans pour achever la d\u00e9molition compl\u00e8te, le nettoyage et la vente du terrain.   <\/p>\n<p>[\/et_pb_text][\/et_pb_column][\/et_pb_row][et_pb_row column_structure=\u00a0\u00bb3_5,2_5&Prime; _builder_version=\u00a0\u00bb4.27.4&Prime; _module_preset=\u00a0\u00bbdefault\u00a0\u00bb global_colors_info=\u00a0\u00bb{}\u00a0\u00bb theme_builder_area=\u00a0\u00bbpost_content\u00a0\u00bb][et_pb_column type=\u00a0\u00bb3_5&Prime; _builder_version=\u00a0\u00bb4.27.4&Prime; _module_preset=\u00a0\u00bbdefault\u00a0\u00bb global_colors_info=\u00a0\u00bb{}\u00a0\u00bb theme_builder_area=\u00a0\u00bbpost_content\u00a0\u00bb][et_pb_text _builder_version=\u00a0\u00bb4.27.4&Prime; _module_preset=\u00a0\u00bbdefault\u00a0\u00bb global_colors_info=\u00a0\u00bb{}\u00a0\u00bb theme_builder_area=\u00a0\u00bbpost_content\u00a0\u00bb]<\/p>\n<p>Les ann\u00e9es 2000 ont marqu\u00e9 une p\u00e9riode de croissance strat\u00e9gique. Gurit a acquis des fabricants de mat\u00e9riaux sp\u00e9cialis\u00e9s dans l&rsquo;a\u00e9rospatiale, la marine, l&rsquo;\u00e9nergie \u00e9olienne et d&rsquo;autres secteurs \u00e0 haute performance, apportant une expertise approfondie et une vaste exp\u00e9rience dans des mat\u00e9riaux tels que les pr\u00e9impr\u00e9gn\u00e9s, les \u00e9poxydes, les mat\u00e9riaux de base, les services d&rsquo;ing\u00e9nierie, l&rsquo;outillage et le kitting. Ces acquisitions ont renforc\u00e9 la position de l&rsquo;entreprise en tant que leader mondial des mat\u00e9riaux de performance. En 2006, Gurit a introduit la division des soins de sant\u00e9, Medisize, en tant qu&rsquo;entreprise ind\u00e9pendante \u00e0 la SIX Swiss Exchange, Gurit Holding AG se concentrant d\u00e9sormais exclusivement sur les mat\u00e9riaux composites avanc\u00e9s.   <\/p>\n<p>En 2024, Gurit a recentr\u00e9 ses activit\u00e9s, r\u00e9agissant aux conditions difficiles du march\u00e9 en redimensionnant ses activit\u00e9s et en c\u00e9dant certaines lignes de produits.  <\/p>\n<p>Aujourd&rsquo;hui, alors que nous c\u00e9l\u00e9brons pr\u00e8s de deux d\u00e9cennies de mat\u00e9riaux performants, nous continuons \u00e0 repousser les limites de l&rsquo;innovation dans le domaine des composites avanc\u00e9s. Nos mat\u00e9riaux permettent aux industries d&rsquo;am\u00e9liorer leur efficacit\u00e9 \u00e9nerg\u00e9tique et leurs performances. Engag\u00e9s dans le d\u00e9veloppement durable et les solutions d&rsquo;avant-garde, nous travaillons en partenariat avec nos clients des secteurs \u00e9olien, maritime, des transports, de la construction et d&rsquo;autres secteurs pour fa\u00e7onner un avenir plus intelligent et plus durable.  <strong><\/strong><\/p>\n<p>[\/et_pb_text][\/et_pb_column][et_pb_column type=\u00a0\u00bb2_5&Prime; _builder_version=\u00a0\u00bb4.27.4&Prime; _module_preset=\u00a0\u00bbdefault\u00a0\u00bb global_colors_info=\u00a0\u00bb{}\u00a0\u00bb theme_builder_area=\u00a0\u00bbpost_content\u00a0\u00bb][et_pb_image src=\u00a0\u00bbhttps:\/\/www.gurit.com\/wp-content\/uploads\/2025\/09\/Misc-2-1.jpg\u00a0\u00bb title_text=\u00a0\u00bbDivers &#8211; 3&Prime; _builder_version=\u00a0\u00bb4.27.4&Prime; _module_preset=\u00a0\u00bbdefault\u00a0\u00bb global_colors_info=\u00a0\u00bb{}\u00a0\u00bb theme_builder_area=\u00a0\u00bbpost_content\u00a0\u00bb][\/et_pb_image][\/et_pb_column][\/et_pb_row][\/et_pb_section][et_pb_section fb_built=\u00a0\u00bb1&Prime; _builder_version=\u00a0\u00bb4.27.4&Prime; _module_preset=\u00a0\u00bbdefault\u00a0\u00bb da_disable_devices=\u00a0\u00bboff|off|off\u00a0\u00bb global_module=\u00a0\u00bb14535&Prime; saved_tabs=\u00a0\u00bball\u00a0\u00bb locked=\u00a0\u00bboff\u00a0\u00bb global_colors_info=\u00a0\u00bb{}\u00a0\u00bb da_is_popup=\u00a0\u00bboff\u00a0\u00bb da_exit_intent=\u00a0\u00bboff\u00a0\u00bb da_has_close=\u00a0\u00bbon\u00a0\u00bb da_alt_close=\u00a0\u00bboff\u00a0\u00bb da_dark_close=\u00a0\u00bboff\u00a0\u00bb da_not_modal=\u00a0\u00bbon\u00a0\u00bb da_is_singular=\u00a0\u00bboff\u00a0\u00bb da_with_loader=\u00a0\u00bboff\u00a0\u00bb da_has_shadow=\u00a0\u00bbon\u00a0\u00bb][et_pb_row _builder_version=\u00a0\u00bb4.27.4&Prime; _module_preset=\u00a0\u00bbdefault\u00a0\u00bb custom_margin=\u00a0\u00bb-100px||||false|false\u00a0\u00bb global_colors_info=\u00a0\u00bb{}\u00a0\u00bb][et_pb_column type=\u00a0\u00bb4_4&Prime; _builder_version=\u00a0\u00bb4.27.4&Prime; _module_preset=\u00a0\u00bbdefault\u00a0\u00bb global_colors_info=\u00a0\u00bb{}\u00a0\u00bb][et_pb_divider _builder_version=\u00a0\u00bb4.27.4&Prime; _module_preset=\u00a0\u00bbdefault\u00a0\u00bb global_colors_info=\u00a0\u00bb{}\u00a0\u00bb][\/et_pb_divider][et_pb_button button_url=\u00a0\u00bb@ET-DC@eyJkeW5hbWljIjp0cnVlLCJjb250ZW50IjoicG9zdF9saW5rX3VybF9wYWdlIiwic2V0dGluZ3MiOnsicG9zdF9pZCI6IjE2NDE5In19@\u00a0\u00bb button_text=\u00a0\u00bbAper\u00e7u des actualit\u00e9s\u00a0\u00bb button_alignment=\u00a0\u00bbcenter\u00a0\u00bb _builder_version=\u00a0\u00bb4.27.4&Prime; _dynamic_attributes=\u00a0\u00bbbutton_url\u00a0\u00bb _module_preset=\u00a0\u00bbdefault\u00a0\u00bb hover_enabled=\u00a0\u00bb0&Prime; global_colors_info=\u00a0\u00bb{}\u00a0\u00bb sticky_enabled=\u00a0\u00bb0&Prime;][\/et_pb_button][\/et_pb_column][\/et_pb_row][\/et_pb_section]<\/p>\n","protected":false},"excerpt":{"rendered":"<p>Un h\u00e9ritage d&rsquo;innovation et un patrimoine qui m\u00e9rite d&rsquo;\u00eatre c\u00e9l\u00e9br\u00e9. Nous lan\u00e7ons les c\u00e9l\u00e9brations de notre anniversaire en revenant sur l&rsquo;histoire de Gurit et sur le parcours de l&rsquo;entreprise, des textiles aux composites avanc\u00e9s.   <\/p>\n","protected":false},"author":1,"featured_media":22536,"comment_status":"open","ping_status":"open","sticky":false,"template":"","format":"standard","meta":{"_et_pb_use_builder":"on","_et_pb_old_content":"","_et_gb_content_width":"","footnotes":""},"categories":[84],"tags":[],"class_list":["post-22533","post","type-post","status-publish","format-standard","has-post-thumbnail","hentry","category-nouvelles"],"yoast_head":"<!-- This site is optimized with the Yoast SEO plugin v27.5 - https:\/\/yoast.com\/product\/yoast-seo-wordpress\/ -->\n<title>C\u00e9l\u00e9bration de 190 ans - Gurit.<\/title>\n<meta name=\"robots\" content=\"index, follow, max-snippet:-1, max-image-preview:large, max-video-preview:-1\" \/>\n<link rel=\"canonical\" href=\"https:\/\/www.gurit.com\/fr\/celebration-de-190-ans\/\" \/>\n<meta property=\"og:locale\" content=\"fr_FR\" \/>\n<meta property=\"og:type\" content=\"article\" \/>\n<meta property=\"og:title\" content=\"C\u00e9l\u00e9bration de 190 ans - Gurit.\" \/>\n<meta property=\"og:description\" content=\"Un h\u00e9ritage d&#039;innovation et un patrimoine qui m\u00e9rite d&#039;\u00eatre c\u00e9l\u00e9br\u00e9. Nous lan\u00e7ons les c\u00e9l\u00e9brations de notre anniversaire en revenant sur l&#039;histoire de Gurit et sur le parcours de l&#039;entreprise, des textiles aux composites avanc\u00e9s.\" \/>\n<meta property=\"og:url\" content=\"https:\/\/www.gurit.com\/fr\/celebration-de-190-ans\/\" \/>\n<meta property=\"og:site_name\" content=\"Gurit\" \/>\n<meta property=\"article:publisher\" content=\"https:\/\/www.facebook.com\/GuritGroup\" \/>\n<meta property=\"article:published_time\" content=\"2025-04-04T08:30:00+00:00\" \/>\n<meta property=\"article:modified_time\" content=\"2026-04-26T13:41:19+00:00\" \/>\n<meta property=\"og:image\" content=\"https:\/\/www.gurit.com\/wp-content\/uploads\/2025\/05\/News-item-thumbnail-2-1024x683.jpg\" \/>\n<meta name=\"author\" content=\"simplicate\" \/>\n<meta name=\"twitter:card\" content=\"summary_large_image\" \/>\n<meta name=\"twitter:creator\" content=\"@guritgroup\" \/>\n<meta name=\"twitter:site\" content=\"@guritgroup\" \/>\n<meta name=\"twitter:label1\" content=\"\u00c9crit par\" \/>\n\t<meta name=\"twitter:data1\" content=\"simplicate\" \/>\n\t<meta name=\"twitter:label2\" content=\"Dur\u00e9e de lecture estim\u00e9e\" \/>\n\t<meta name=\"twitter:data2\" content=\"9 minutes\" \/>\n<script type=\"application\/ld+json\" class=\"yoast-schema-graph\">{\"@context\":\"https:\\\/\\\/schema.org\",\"@graph\":[{\"@type\":\"Article\",\"@id\":\"https:\\\/\\\/www.gurit.com\\\/fr\\\/celebration-de-190-ans\\\/#article\",\"isPartOf\":{\"@id\":\"https:\\\/\\\/www.gurit.com\\\/fr\\\/celebration-de-190-ans\\\/\"},\"author\":{\"name\":\"simplicate\",\"@id\":\"https:\\\/\\\/www.gurit.com\\\/fr\\\/#\\\/schema\\\/person\\\/a65cd32243d78bacdfa692f5fd6008cc\"},\"headline\":\"C\u00e9l\u00e9bration de 190 ans\",\"datePublished\":\"2025-04-04T08:30:00+00:00\",\"dateModified\":\"2026-04-26T13:41:19+00:00\",\"mainEntityOfPage\":{\"@id\":\"https:\\\/\\\/www.gurit.com\\\/fr\\\/celebration-de-190-ans\\\/\"},\"wordCount\":1909,\"commentCount\":0,\"publisher\":{\"@id\":\"https:\\\/\\\/www.gurit.com\\\/fr\\\/#organization\"},\"image\":{\"@id\":\"https:\\\/\\\/www.gurit.com\\\/fr\\\/celebration-de-190-ans\\\/#primaryimage\"},\"thumbnailUrl\":\"https:\\\/\\\/www.gurit.com\\\/wp-content\\\/uploads\\\/2025\\\/03\\\/gurit-190years-blue-rgb.png\",\"articleSection\":[\"nouvelles\"],\"inLanguage\":\"fr-FR\",\"potentialAction\":[{\"@type\":\"CommentAction\",\"name\":\"Comment\",\"target\":[\"https:\\\/\\\/www.gurit.com\\\/fr\\\/celebration-de-190-ans\\\/#respond\"]}]},{\"@type\":\"WebPage\",\"@id\":\"https:\\\/\\\/www.gurit.com\\\/fr\\\/celebration-de-190-ans\\\/\",\"url\":\"https:\\\/\\\/www.gurit.com\\\/fr\\\/celebration-de-190-ans\\\/\",\"name\":\"C\u00e9l\u00e9bration de 190 ans - Gurit.\",\"isPartOf\":{\"@id\":\"https:\\\/\\\/www.gurit.com\\\/fr\\\/#website\"},\"primaryImageOfPage\":{\"@id\":\"https:\\\/\\\/www.gurit.com\\\/fr\\\/celebration-de-190-ans\\\/#primaryimage\"},\"image\":{\"@id\":\"https:\\\/\\\/www.gurit.com\\\/fr\\\/celebration-de-190-ans\\\/#primaryimage\"},\"thumbnailUrl\":\"https:\\\/\\\/www.gurit.com\\\/wp-content\\\/uploads\\\/2025\\\/03\\\/gurit-190years-blue-rgb.png\",\"datePublished\":\"2025-04-04T08:30:00+00:00\",\"dateModified\":\"2026-04-26T13:41:19+00:00\",\"breadcrumb\":{\"@id\":\"https:\\\/\\\/www.gurit.com\\\/fr\\\/celebration-de-190-ans\\\/#breadcrumb\"},\"inLanguage\":\"fr-FR\",\"potentialAction\":[{\"@type\":\"ReadAction\",\"target\":[\"https:\\\/\\\/www.gurit.com\\\/fr\\\/celebration-de-190-ans\\\/\"]}]},{\"@type\":\"ImageObject\",\"inLanguage\":\"fr-FR\",\"@id\":\"https:\\\/\\\/www.gurit.com\\\/fr\\\/celebration-de-190-ans\\\/#primaryimage\",\"url\":\"https:\\\/\\\/www.gurit.com\\\/wp-content\\\/uploads\\\/2025\\\/03\\\/gurit-190years-blue-rgb.png\",\"contentUrl\":\"https:\\\/\\\/www.gurit.com\\\/wp-content\\\/uploads\\\/2025\\\/03\\\/gurit-190years-blue-rgb.png\",\"width\":933,\"height\":500},{\"@type\":\"BreadcrumbList\",\"@id\":\"https:\\\/\\\/www.gurit.com\\\/fr\\\/celebration-de-190-ans\\\/#breadcrumb\",\"itemListElement\":[{\"@type\":\"ListItem\",\"position\":1,\"name\":\"Startseite\",\"item\":\"https:\\\/\\\/www.gurit.com\\\/fr\\\/marches\\\/\"},{\"@type\":\"ListItem\",\"position\":2,\"name\":\"C\u00e9l\u00e9bration de 190 ans\"}]},{\"@type\":\"WebSite\",\"@id\":\"https:\\\/\\\/www.gurit.com\\\/fr\\\/#website\",\"url\":\"https:\\\/\\\/www.gurit.com\\\/fr\\\/\",\"name\":\"Gurit\",\"description\":\"Composites avanc\u00e9s pour l'\u00e9nergie \u00e9olienne, la marine, la construction et d'autres industries\",\"publisher\":{\"@id\":\"https:\\\/\\\/www.gurit.com\\\/fr\\\/#organization\"},\"potentialAction\":[{\"@type\":\"SearchAction\",\"target\":{\"@type\":\"EntryPoint\",\"urlTemplate\":\"https:\\\/\\\/www.gurit.com\\\/fr\\\/?s={search_term_string}\"},\"query-input\":{\"@type\":\"PropertyValueSpecification\",\"valueRequired\":true,\"valueName\":\"search_term_string\"}}],\"inLanguage\":\"fr-FR\"},{\"@type\":\"Organization\",\"@id\":\"https:\\\/\\\/www.gurit.com\\\/fr\\\/#organization\",\"name\":\"Gurit\",\"url\":\"https:\\\/\\\/www.gurit.com\\\/fr\\\/\",\"logo\":{\"@type\":\"ImageObject\",\"inLanguage\":\"fr-FR\",\"@id\":\"https:\\\/\\\/www.gurit.com\\\/fr\\\/#\\\/schema\\\/logo\\\/image\\\/\",\"url\":\"https:\\\/\\\/www.gurit.com\\\/wp-content\\\/uploads\\\/2021\\\/12\\\/gurit-logo.png\",\"contentUrl\":\"https:\\\/\\\/www.gurit.com\\\/wp-content\\\/uploads\\\/2021\\\/12\\\/gurit-logo.png\",\"width\":262,\"height\":100,\"caption\":\"Gurit\"},\"image\":{\"@id\":\"https:\\\/\\\/www.gurit.com\\\/fr\\\/#\\\/schema\\\/logo\\\/image\\\/\"},\"sameAs\":[\"https:\\\/\\\/www.facebook.com\\\/GuritGroup\",\"https:\\\/\\\/x.com\\\/guritgroup\",\"https:\\\/\\\/www.linkedin.com\\\/company\\\/gurit\\\/\"]},{\"@type\":\"Person\",\"@id\":\"https:\\\/\\\/www.gurit.com\\\/fr\\\/#\\\/schema\\\/person\\\/a65cd32243d78bacdfa692f5fd6008cc\",\"name\":\"simplicate\",\"image\":{\"@type\":\"ImageObject\",\"inLanguage\":\"fr-FR\",\"@id\":\"https:\\\/\\\/secure.gravatar.com\\\/avatar\\\/9a8f9ff1310a9be563f7bb74ad701c675616de3f72f797dc49f714eb54922b80?s=96&d=mm&r=g\",\"url\":\"https:\\\/\\\/secure.gravatar.com\\\/avatar\\\/9a8f9ff1310a9be563f7bb74ad701c675616de3f72f797dc49f714eb54922b80?s=96&d=mm&r=g\",\"contentUrl\":\"https:\\\/\\\/secure.gravatar.com\\\/avatar\\\/9a8f9ff1310a9be563f7bb74ad701c675616de3f72f797dc49f714eb54922b80?s=96&d=mm&r=g\",\"caption\":\"simplicate\"},\"sameAs\":[\"http:\\\/\\\/gurit.simplicate.de\"],\"url\":\"https:\\\/\\\/www.gurit.com\\\/fr\\\/author\\\/simplicate_gur\\\/\"}]}<\/script>\n<!-- \/ Yoast SEO plugin. -->","yoast_head_json":{"title":"C\u00e9l\u00e9bration de 190 ans - Gurit.","robots":{"index":"index","follow":"follow","max-snippet":"max-snippet:-1","max-image-preview":"max-image-preview:large","max-video-preview":"max-video-preview:-1"},"canonical":"https:\/\/www.gurit.com\/fr\/celebration-de-190-ans\/","og_locale":"fr_FR","og_type":"article","og_title":"C\u00e9l\u00e9bration de 190 ans - Gurit.","og_description":"Un h\u00e9ritage d'innovation et un patrimoine qui m\u00e9rite d'\u00eatre c\u00e9l\u00e9br\u00e9. Nous lan\u00e7ons les c\u00e9l\u00e9brations de notre anniversaire en revenant sur l'histoire de Gurit et sur le parcours de l'entreprise, des textiles aux composites avanc\u00e9s.","og_url":"https:\/\/www.gurit.com\/fr\/celebration-de-190-ans\/","og_site_name":"Gurit","article_publisher":"https:\/\/www.facebook.com\/GuritGroup","article_published_time":"2025-04-04T08:30:00+00:00","article_modified_time":"2026-04-26T13:41:19+00:00","og_image":[{"url":"https:\/\/www.gurit.com\/wp-content\/uploads\/2025\/05\/News-item-thumbnail-2-1024x683.jpg","type":"","width":"","height":""}],"author":"simplicate","twitter_card":"summary_large_image","twitter_creator":"@guritgroup","twitter_site":"@guritgroup","twitter_misc":{"\u00c9crit par":"simplicate","Dur\u00e9e de lecture estim\u00e9e":"9 minutes"},"schema":{"@context":"https:\/\/schema.org","@graph":[{"@type":"Article","@id":"https:\/\/www.gurit.com\/fr\/celebration-de-190-ans\/#article","isPartOf":{"@id":"https:\/\/www.gurit.com\/fr\/celebration-de-190-ans\/"},"author":{"name":"simplicate","@id":"https:\/\/www.gurit.com\/fr\/#\/schema\/person\/a65cd32243d78bacdfa692f5fd6008cc"},"headline":"C\u00e9l\u00e9bration de 190 ans","datePublished":"2025-04-04T08:30:00+00:00","dateModified":"2026-04-26T13:41:19+00:00","mainEntityOfPage":{"@id":"https:\/\/www.gurit.com\/fr\/celebration-de-190-ans\/"},"wordCount":1909,"commentCount":0,"publisher":{"@id":"https:\/\/www.gurit.com\/fr\/#organization"},"image":{"@id":"https:\/\/www.gurit.com\/fr\/celebration-de-190-ans\/#primaryimage"},"thumbnailUrl":"https:\/\/www.gurit.com\/wp-content\/uploads\/2025\/03\/gurit-190years-blue-rgb.png","articleSection":["nouvelles"],"inLanguage":"fr-FR","potentialAction":[{"@type":"CommentAction","name":"Comment","target":["https:\/\/www.gurit.com\/fr\/celebration-de-190-ans\/#respond"]}]},{"@type":"WebPage","@id":"https:\/\/www.gurit.com\/fr\/celebration-de-190-ans\/","url":"https:\/\/www.gurit.com\/fr\/celebration-de-190-ans\/","name":"C\u00e9l\u00e9bration de 190 ans - Gurit.","isPartOf":{"@id":"https:\/\/www.gurit.com\/fr\/#website"},"primaryImageOfPage":{"@id":"https:\/\/www.gurit.com\/fr\/celebration-de-190-ans\/#primaryimage"},"image":{"@id":"https:\/\/www.gurit.com\/fr\/celebration-de-190-ans\/#primaryimage"},"thumbnailUrl":"https:\/\/www.gurit.com\/wp-content\/uploads\/2025\/03\/gurit-190years-blue-rgb.png","datePublished":"2025-04-04T08:30:00+00:00","dateModified":"2026-04-26T13:41:19+00:00","breadcrumb":{"@id":"https:\/\/www.gurit.com\/fr\/celebration-de-190-ans\/#breadcrumb"},"inLanguage":"fr-FR","potentialAction":[{"@type":"ReadAction","target":["https:\/\/www.gurit.com\/fr\/celebration-de-190-ans\/"]}]},{"@type":"ImageObject","inLanguage":"fr-FR","@id":"https:\/\/www.gurit.com\/fr\/celebration-de-190-ans\/#primaryimage","url":"https:\/\/www.gurit.com\/wp-content\/uploads\/2025\/03\/gurit-190years-blue-rgb.png","contentUrl":"https:\/\/www.gurit.com\/wp-content\/uploads\/2025\/03\/gurit-190years-blue-rgb.png","width":933,"height":500},{"@type":"BreadcrumbList","@id":"https:\/\/www.gurit.com\/fr\/celebration-de-190-ans\/#breadcrumb","itemListElement":[{"@type":"ListItem","position":1,"name":"Startseite","item":"https:\/\/www.gurit.com\/fr\/marches\/"},{"@type":"ListItem","position":2,"name":"C\u00e9l\u00e9bration de 190 ans"}]},{"@type":"WebSite","@id":"https:\/\/www.gurit.com\/fr\/#website","url":"https:\/\/www.gurit.com\/fr\/","name":"Gurit","description":"Composites avanc\u00e9s pour l'\u00e9nergie \u00e9olienne, la marine, la construction et d'autres industries","publisher":{"@id":"https:\/\/www.gurit.com\/fr\/#organization"},"potentialAction":[{"@type":"SearchAction","target":{"@type":"EntryPoint","urlTemplate":"https:\/\/www.gurit.com\/fr\/?s={search_term_string}"},"query-input":{"@type":"PropertyValueSpecification","valueRequired":true,"valueName":"search_term_string"}}],"inLanguage":"fr-FR"},{"@type":"Organization","@id":"https:\/\/www.gurit.com\/fr\/#organization","name":"Gurit","url":"https:\/\/www.gurit.com\/fr\/","logo":{"@type":"ImageObject","inLanguage":"fr-FR","@id":"https:\/\/www.gurit.com\/fr\/#\/schema\/logo\/image\/","url":"https:\/\/www.gurit.com\/wp-content\/uploads\/2021\/12\/gurit-logo.png","contentUrl":"https:\/\/www.gurit.com\/wp-content\/uploads\/2021\/12\/gurit-logo.png","width":262,"height":100,"caption":"Gurit"},"image":{"@id":"https:\/\/www.gurit.com\/fr\/#\/schema\/logo\/image\/"},"sameAs":["https:\/\/www.facebook.com\/GuritGroup","https:\/\/x.com\/guritgroup","https:\/\/www.linkedin.com\/company\/gurit\/"]},{"@type":"Person","@id":"https:\/\/www.gurit.com\/fr\/#\/schema\/person\/a65cd32243d78bacdfa692f5fd6008cc","name":"simplicate","image":{"@type":"ImageObject","inLanguage":"fr-FR","@id":"https:\/\/secure.gravatar.com\/avatar\/9a8f9ff1310a9be563f7bb74ad701c675616de3f72f797dc49f714eb54922b80?s=96&d=mm&r=g","url":"https:\/\/secure.gravatar.com\/avatar\/9a8f9ff1310a9be563f7bb74ad701c675616de3f72f797dc49f714eb54922b80?s=96&d=mm&r=g","contentUrl":"https:\/\/secure.gravatar.com\/avatar\/9a8f9ff1310a9be563f7bb74ad701c675616de3f72f797dc49f714eb54922b80?s=96&d=mm&r=g","caption":"simplicate"},"sameAs":["http:\/\/gurit.simplicate.de"],"url":"https:\/\/www.gurit.com\/fr\/author\/simplicate_gur\/"}]}},"_links":{"self":[{"href":"https:\/\/www.gurit.com\/fr\/wp-json\/wp\/v2\/posts\/22533","targetHints":{"allow":["GET"]}}],"collection":[{"href":"https:\/\/www.gurit.com\/fr\/wp-json\/wp\/v2\/posts"}],"about":[{"href":"https:\/\/www.gurit.com\/fr\/wp-json\/wp\/v2\/types\/post"}],"author":[{"embeddable":true,"href":"https:\/\/www.gurit.com\/fr\/wp-json\/wp\/v2\/users\/1"}],"replies":[{"embeddable":true,"href":"https:\/\/www.gurit.com\/fr\/wp-json\/wp\/v2\/comments?post=22533"}],"version-history":[{"count":1,"href":"https:\/\/www.gurit.com\/fr\/wp-json\/wp\/v2\/posts\/22533\/revisions"}],"predecessor-version":[{"id":22539,"href":"https:\/\/www.gurit.com\/fr\/wp-json\/wp\/v2\/posts\/22533\/revisions\/22539"}],"wp:featuredmedia":[{"embeddable":true,"href":"https:\/\/www.gurit.com\/fr\/wp-json\/wp\/v2\/media\/22536"}],"wp:attachment":[{"href":"https:\/\/www.gurit.com\/fr\/wp-json\/wp\/v2\/media?parent=22533"}],"wp:term":[{"taxonomy":"category","embeddable":true,"href":"https:\/\/www.gurit.com\/fr\/wp-json\/wp\/v2\/categories?post=22533"},{"taxonomy":"post_tag","embeddable":true,"href":"https:\/\/www.gurit.com\/fr\/wp-json\/wp\/v2\/tags?post=22533"}],"curies":[{"name":"wp","href":"https:\/\/api.w.org\/{rel}","templated":true}]}}