{"id":22547,"date":"2025-05-08T02:00:22","date_gmt":"2025-05-08T00:00:22","guid":{"rendered":"https:\/\/www.gurit.com\/rencontrez-lequipe-les-personnes-a-lorigine-des-progres\/"},"modified":"2026-04-26T15:41:19","modified_gmt":"2026-04-26T13:41:19","slug":"rencontrez-lequipe-les-personnes-a-lorigine-des-progres","status":"publish","type":"post","link":"https:\/\/www.gurit.com\/fr\/rencontrez-lequipe-les-personnes-a-lorigine-des-progres\/","title":{"rendered":"Rencontrez l&rsquo;\u00e9quipe : Les personnes \u00e0 l&rsquo;origine des progr\u00e8s"},"content":{"rendered":"<p>[et_pb_section fb_built=\u00a0\u00bb1&Prime; _builder_version=\u00a0\u00bb4.27.4&Prime; _module_preset=\u00a0\u00bbdefault\u00a0\u00bb background_enable_image=\u00a0\u00bboff\u00a0\u00bb background_size=\u00a0\u00bbcontain\u00a0\u00bb da_disable_devices=\u00a0\u00bboff|off|off\u00a0\u00bb locked=\u00a0\u00bboff\u00a0\u00bb global_colors_info=\u00a0\u00bb{}\u00a0\u00bb theme_builder_area=\u00a0\u00bbpost_content\u00a0\u00bb da_is_popup=\u00a0\u00bboff\u00a0\u00bb da_exit_intent=\u00a0\u00bboff\u00a0\u00bb da_has_close=\u00a0\u00bbon\u00a0\u00bb da_alt_close=\u00a0\u00bboff\u00a0\u00bb da_dark_close=\u00a0\u00bboff\u00a0\u00bb da_not_modal=\u00a0\u00bbon\u00a0\u00bb da_is_singular=\u00a0\u00bboff\u00a0\u00bb da_with_loader=\u00a0\u00bboff\u00a0\u00bb da_has_shadow=\u00a0\u00bbon\u00a0\u00bb][et_pb_row _builder_version=\u00a0\u00bb4.27.4&Prime; _module_preset=\u00a0\u00bbdefault\u00a0\u00bb global_colors_info=\u00a0\u00bb{}\u00a0\u00bb theme_builder_area=\u00a0\u00bbpost_content\u00a0\u00bb][et_pb_column type=\u00a0\u00bb4_4&Prime; _builder_version=\u00a0\u00bb4.27.4&Prime; _module_preset=\u00a0\u00bbdefault\u00a0\u00bb global_colors_info=\u00a0\u00bb{}\u00a0\u00bb theme_builder_area=\u00a0\u00bbpost_content\u00a0\u00bb][et_pb_text _builder_version=\u00a0\u00bb4.27.4&Prime; _module_preset=\u00a0\u00bbdefault\u00a0\u00bb global_colors_info=\u00a0\u00bb{}\u00a0\u00bb theme_builder_area=\u00a0\u00bbpost_content\u00a0\u00bb]<\/p>\n<h1>Rencontrez l&rsquo;\u00e9quipe : Les personnes \u00e0 l&rsquo;origine des progr\u00e8s<\/h1>\n<p>[\/et_pb_text][\/et_pb_column][\/et_pb_row][et_pb_row column_structure=\u00a0\u00bb3_5,2_5&Prime; _builder_version=\u00a0\u00bb4.18.0&Prime; _module_preset=\u00a0\u00bbdefault\u00a0\u00bb global_colors_info=\u00a0\u00bb{}\u00a0\u00bb theme_builder_area=\u00a0\u00bbpost_content\u00a0\u00bb][et_pb_column type=\u00a0\u00bb3_5&Prime; _builder_version=\u00a0\u00bb4.18.0&Prime; _module_preset=\u00a0\u00bbdefault\u00a0\u00bb global_colors_info=\u00a0\u00bb{}\u00a0\u00bb theme_builder_area=\u00a0\u00bbpost_content\u00a0\u00bb][et_pb_text _builder_version=\u00a0\u00bb4.27.4&Prime; _module_preset=\u00a0\u00bbdefault\u00a0\u00bb custom_padding=\u00a0\u00bb||0px|||\u00a0\u00bb global_colors_info=\u00a0\u00bb{}\u00a0\u00bb theme_builder_area=\u00a0\u00bbpost_content\u00a0\u00bb]<\/p>\n<p><span><span class=\"NormalTextRun SCXW175303362 BCX8\" data-ccp-charstyle=\"normaltextrun\" data-ccp-charstyle-defn=\"{\"ObjectId\":\"ac0262f4-8a9e-5820-b908-2d943c5f7113|1\",\"ClassId\":1073872969,\"Properties\":[201342448,\"3\",469777841,\"Arial\",469777842,\"Arial\",469777843,\"\u7b49\u7ebf\",469777844,\"Arial\",469769226,\"Arial,\u7b49\u7ebf\",469775450,\"normaltextrun\",201340122,\"1\",134233614,\"true\",469778129,\"normaltextrun\",335572020,\"1\",469778324,\"Default Paragraph Font\"]}\">Alors que nous marquons des \u00e9tapes cl\u00e9s dans le parcours de notre entreprise, <\/span><span class=\"NormalTextRun SCXW175303362 BCX8\" data-ccp-charstyle=\"normaltextrun\">nous<\/span><span class=\"NormalTextRun SCXW175303362 BCX8\" data-ccp-charstyle=\"normaltextrun\">  c\u00e9l\u00e9brer les personnes dont le d\u00e9vouement, la r\u00e9silience et le leadership ont contribu\u00e9 \u00e0 fa\u00e7onner ce que nous sommes aujourd&rsquo;hui. Nous vous invitons \u00e0 rencontrer certains de nos coll\u00e8gues de longue date du monde entier. <\/span><\/span><\/p>\n<p>[\/et_pb_text][\/et_pb_column][et_pb_column type=\u00a0\u00bb2_5&Prime; _builder_version=\u00a0\u00bb4.18.0&Prime; _module_preset=\u00a0\u00bbdefault\u00a0\u00bb global_colors_info=\u00a0\u00bb{}\u00a0\u00bb theme_builder_area=\u00a0\u00bbpost_content\u00a0\u00bb][et_pb_image src=\u00a0\u00bbhttps:\/\/www.gurit.com\/wp-content\/uploads\/2025\/09\/News-item-thumbnail-8.jpg\u00a0\u00bb title_text=\u00a0\u00bbMiniature de l&#039;article (8)\u00a0\u00bb _builder_version=\u00a0\u00bb4.27.4&Prime; _module_preset=\u00a0\u00bbdefault\u00a0\u00bb width=\u00a0\u00bb66%\u00a0\u00bb global_colors_info=\u00a0\u00bb{}\u00a0\u00bb theme_builder_area=\u00a0\u00bbpost_content\u00a0\u00bb][\/et_pb_image][\/et_pb_column][\/et_pb_row][et_pb_row _builder_version=\u00a0\u00bb4.27.4&Prime; _module_preset=\u00a0\u00bbdefault\u00a0\u00bb global_colors_info=\u00a0\u00bb{}\u00a0\u00bb theme_builder_area=\u00a0\u00bbpost_content\u00a0\u00bb][et_pb_column type=\u00a0\u00bb4_4&Prime; _builder_version=\u00a0\u00bb4.27.4&Prime; _module_preset=\u00a0\u00bbdefault\u00a0\u00bb global_colors_info=\u00a0\u00bb{}\u00a0\u00bb theme_builder_area=\u00a0\u00bbpost_content\u00a0\u00bb][et_pb_divider _builder_version=\u00a0\u00bb4.27.4&Prime; _module_preset=\u00a0\u00bbdefault\u00a0\u00bb global_colors_info=\u00a0\u00bb{}\u00a0\u00bb theme_builder_area=\u00a0\u00bbpost_content\u00a0\u00bb][\/et_pb_divider][\/et_pb_column][\/et_pb_row][et_pb_row _builder_version=\u00a0\u00bb4.27.4&Prime; _module_preset=\u00a0\u00bbdefault\u00a0\u00bb global_colors_info=\u00a0\u00bb{}\u00a0\u00bb theme_builder_area=\u00a0\u00bbpost_content\u00a0\u00bb][et_pb_column type=\u00a0\u00bb4_4&Prime; _builder_version=\u00a0\u00bb4.27.4&Prime; _module_preset=\u00a0\u00bbdefault\u00a0\u00bb global_colors_info=\u00a0\u00bb{}\u00a0\u00bb theme_builder_area=\u00a0\u00bbpost_content\u00a0\u00bb][et_pb_text _builder_version=\u00a0\u00bb4.27.4&Prime; _module_preset=\u00a0\u00bbdefault\u00a0\u00bb global_colors_info=\u00a0\u00bb{}\u00a0\u00bb theme_builder_area=\u00a0\u00bbpost_content\u00a0\u00bb]<\/p>\n<h1>Ray Lewis &#8211; Responsable grands comptes (Wind)<\/h1>\n<p>[\/et_pb_text][\/et_pb_column][\/et_pb_row][et_pb_row column_structure=\u00a0\u00bb3_5,2_5&Prime; _builder_version=\u00a0\u00bb4.27.4&Prime; _module_preset=\u00a0\u00bbdefault\u00a0\u00bb module_alignment=\u00a0\u00bbcenter\u00a0\u00bb global_colors_info=\u00a0\u00bb{}\u00a0\u00bb theme_builder_area=\u00a0\u00bbpost_content\u00a0\u00bb][et_pb_column type=\u00a0\u00bb3_5&Prime; _builder_version=\u00a0\u00bb4.27.4&Prime; _module_preset=\u00a0\u00bbdefault\u00a0\u00bb global_colors_info=\u00a0\u00bb{}\u00a0\u00bb theme_builder_area=\u00a0\u00bbpost_content\u00a0\u00bb][et_pb_text _builder_version=\u00a0\u00bb4.27.4&Prime; _module_preset=\u00a0\u00bbdefault\u00a0\u00bb global_colors_info=\u00a0\u00bb{}\u00a0\u00bb theme_builder_area=\u00a0\u00bbpost_content\u00a0\u00bb]<\/p>\n<p style=\"text-align: justify;\"><strong>15 ans avec Gurit (\u00e0 ce jour)<\/strong><\/p>\n<p style=\"text-align: left;\"><em>\u00ab\u00a0J&rsquo;ai rejoint la soci\u00e9t\u00e9 pour la premi\u00e8re fois en 1998, \u00e0 l&rsquo;\u00e9poque o\u00f9 elle s&rsquo;appelait encore SP Systems. Nous \u00e9tions bas\u00e9s sur l&rsquo;\u00eele de Wight, dans une ancienne laiterie de Love Lane. \u00c0 l&rsquo;\u00e9poque, l&rsquo;entreprise \u00e9tait tr\u00e8s ax\u00e9e sur la marine, mais nous commencions tout juste \u00e0 explorer le march\u00e9 de l&rsquo;\u00e9olien &#8211; et c&rsquo;est l\u00e0 que j&rsquo;ai commenc\u00e9.  <\/em><\/p>\n<p style=\"text-align: left;\"><em>Depuis, j&rsquo;ai vu l&rsquo;entreprise \u00e9voluer pour devenir un acteur mondial dans le domaine des composites. Il y a eu des changements, des acquisitions, de nouveaux march\u00e9s et des restructurations, mais \u00e0 travers tout cela, une chose est rest\u00e9e la m\u00eame : ce <strong>sont les gens qui font la diff\u00e9rence<\/strong>. Qu&rsquo;il s&rsquo;agisse de renouer avec d&rsquo;anciens coll\u00e8gues, de travailler avec de nouvelles \u00e9quipes issues de sites et de cultures diff\u00e9rents, ou de boucler la boucle avec le m\u00eame client \u00e9olien avec lequel j&rsquo;ai travaill\u00e9 \u00e0 l&rsquo;\u00e9poque, ce sont toujours les gens qui ont fait la diff\u00e9rence.  <\/em><\/p>\n<p style=\"text-align: left;\"><em>J&rsquo;ai quitt\u00e9 l&rsquo;entreprise pendant une dizaine d&rsquo;ann\u00e9es pour travailler pour une autre soci\u00e9t\u00e9 dans le domaine des mat\u00e9riaux de base et du kitting. Cette p\u00e9riode m&rsquo;a permis d&rsquo;acqu\u00e9rir une nouvelle perspective et une connaissance suppl\u00e9mentaire des produits. Parfois, nous pensons que l&rsquo;herbe est plus verte, mais les d\u00e9fis de l&rsquo;industrie sont souvent les m\u00eames &#8211; ils sont dict\u00e9s par les forces du march\u00e9, quel que soit l&rsquo;endroit o\u00f9 vous vous trouvez. Aussi, lorsque l&rsquo;occasion s&rsquo;est pr\u00e9sent\u00e9e de r\u00e9int\u00e9grer Gurit et de me concentrer \u00e0 nouveau sur un client avec lequel je travaillais depuis le d\u00e9but, j&rsquo;ai pens\u00e9 que c&rsquo;\u00e9tait le bon moment pour revenir.   <\/em><\/p>\n<p>[\/et_pb_text][\/et_pb_column][et_pb_column type=\u00a0\u00bb2_5&Prime; _builder_version=\u00a0\u00bb4.27.4&Prime; _module_preset=\u00a0\u00bbdefault\u00a0\u00bb global_colors_info=\u00a0\u00bb{}\u00a0\u00bb theme_builder_area=\u00a0\u00bbpost_content\u00a0\u00bb][et_pb_image src=\u00a0\u00bbhttps:\/\/www.gurit.com\/wp-content\/uploads\/2025\/09\/Ray-Lewis_cropped.jpg\u00a0\u00bb title_text=\u00a0\u00bbRay Lewis_cropped\u00a0\u00bb align=\u00a0\u00bbright\u00a0\u00bb _builder_version=\u00a0\u00bb4.27.4&Prime; _module_preset=\u00a0\u00bbdefault\u00a0\u00bb width=\u00a0\u00bb72%\u00a0\u00bb max_width=\u00a0\u00bb72%\u00a0\u00bb global_colors_info=\u00a0\u00bb{}\u00a0\u00bb theme_builder_area=\u00a0\u00bbpost_content\u00a0\u00bb][\/et_pb_image][\/et_pb_column][\/et_pb_row][et_pb_row _builder_version=\u00a0\u00bb4.27.4&Prime; _module_preset=\u00a0\u00bbdefault\u00a0\u00bb global_colors_info=\u00a0\u00bb{}\u00a0\u00bb theme_builder_area=\u00a0\u00bbpost_content\u00a0\u00bb][et_pb_column type=\u00a0\u00bb4_4&Prime; _builder_version=\u00a0\u00bb4.27.4&Prime; _module_preset=\u00a0\u00bbdefault\u00a0\u00bb global_colors_info=\u00a0\u00bb{}\u00a0\u00bb theme_builder_area=\u00a0\u00bbpost_content\u00a0\u00bb][et_pb_text _builder_version=\u00a0\u00bb4.27.4&Prime; _module_preset=\u00a0\u00bbdefault\u00a0\u00bb global_colors_info=\u00a0\u00bb{}\u00a0\u00bb theme_builder_area=\u00a0\u00bbpost_content\u00a0\u00bb]<\/p>\n<p style=\"text-align: left;\"><em>Aujourd&rsquo;hui, <strong>je d\u00e9cris mon r\u00f4le comme celui d&rsquo;un chef d&rsquo;orchestre.<\/strong> J&rsquo;essaie de m&rsquo;assurer que toutes les personnes impliqu\u00e9es dans le compte &#8211; \u00e0 travers les sites, les d\u00e9partements et les zones g\u00e9ographiques &#8211; jouent la m\u00eame partition. <strong>Chacun<\/strong> <strong>apporte sa propre approche, sa propre culture et ses propres forces,<\/strong> ce qui donne plus de sens et d&rsquo;authenticit\u00e9 \u00e0 ce que nous livrons au client.<\/em><\/p>\n<p style=\"text-align: left;\"><em>R\u00e9trospectivement, ma plus grande fiert\u00e9 a \u00e9t\u00e9 de rejoindre l&rsquo;\u00e9quipe \u00e9olienne, un march\u00e9 sur lequel je travaille depuis 25 ans maintenant. Je suis heureux d&rsquo;avoir jou\u00e9 un petit r\u00f4le dans l&rsquo;\u00e9volution de Gurit, et je suis impatient de voir comment Gurit continue d&rsquo;\u00e9voluer et de voir o\u00f9 nous irons ensuite.\u00a0\u00bb <\/em><\/p>\n<p>[\/et_pb_text][\/et_pb_column][\/et_pb_row][et_pb_row _builder_version=\u00a0\u00bb4.27.4&Prime; _module_preset=\u00a0\u00bbdefault\u00a0\u00bb global_colors_info=\u00a0\u00bb{}\u00a0\u00bb theme_builder_area=\u00a0\u00bbpost_content\u00a0\u00bb][et_pb_column type=\u00a0\u00bb4_4&Prime; _builder_version=\u00a0\u00bb4.27.4&Prime; _module_preset=\u00a0\u00bbdefault\u00a0\u00bb global_colors_info=\u00a0\u00bb{}\u00a0\u00bb theme_builder_area=\u00a0\u00bbpost_content\u00a0\u00bb][et_pb_text _builder_version=\u00a0\u00bb4.27.4&Prime; _module_preset=\u00a0\u00bbdefault\u00a0\u00bb global_colors_info=\u00a0\u00bb{}\u00a0\u00bb theme_builder_area=\u00a0\u00bbpost_content\u00a0\u00bb]<\/p>\n<h1>Grace Pan &#8211; Responsable du service client\u00e8le, Gurit Tianjin (Chine)<\/h1>\n<p>[\/et_pb_text][\/et_pb_column][\/et_pb_row][et_pb_row column_structure=\u00a0\u00bb2_5,3_5&Prime; _builder_version=\u00a0\u00bb4.27.4&Prime; _module_preset=\u00a0\u00bbdefault\u00a0\u00bb module_alignment=\u00a0\u00bbcenter\u00a0\u00bb global_colors_info=\u00a0\u00bb{}\u00a0\u00bb theme_builder_area=\u00a0\u00bbpost_content\u00a0\u00bb][et_pb_column type=\u00a0\u00bb2_5&Prime; _builder_version=\u00a0\u00bb4.27.4&Prime; _module_preset=\u00a0\u00bbdefault\u00a0\u00bb global_colors_info=\u00a0\u00bb{}\u00a0\u00bb theme_builder_area=\u00a0\u00bbpost_content\u00a0\u00bb][et_pb_image src=\u00a0\u00bbhttps:\/\/www.gurit.com\/wp-content\/uploads\/2025\/09\/Grace-for-Gurit-190-celebration_cropped-scaled-1.jpg\u00a0\u00bb title_text=\u00a0\u00bbGr\u00e2ce pour Gurit 190 celebration_cropped\u00a0\u00bb _builder_version=\u00a0\u00bb4.27.4&Prime; _module_preset=\u00a0\u00bbdefault\u00a0\u00bb width=\u00a0\u00bb61%\u00a0\u00bb max_height=\u00a0\u00bb1000px\u00a0\u00bb global_colors_info=\u00a0\u00bb{}\u00a0\u00bb theme_builder_area=\u00a0\u00bbpost_content\u00a0\u00bb][\/et_pb_image][\/et_pb_column][et_pb_column type=\u00a0\u00bb3_5&Prime; _builder_version=\u00a0\u00bb4.27.4&Prime; _module_preset=\u00a0\u00bbdefault\u00a0\u00bb global_colors_info=\u00a0\u00bb{}\u00a0\u00bb theme_builder_area=\u00a0\u00bbpost_content\u00a0\u00bb][et_pb_text _builder_version=\u00a0\u00bb4.27.4&Prime; _module_preset=\u00a0\u00bbdefault\u00a0\u00bb global_colors_info=\u00a0\u00bb{}\u00a0\u00bb theme_builder_area=\u00a0\u00bbpost_content\u00a0\u00bb]<\/p>\n<p><strong>Avec Gurit depuis 18 ans<\/strong><\/p>\n<p style=\"text-align: left;\"><em>\u00ab\u00a0Je travaille chez Gurit depuis 18 ans et ce fut un parcours incroyable. J&rsquo;ai beaucoup appris sur la cha\u00eene d&rsquo;approvisionnement de l&rsquo;\u00e9nergie \u00e9olienne &#8211; et voir nos mat\u00e9riaux utilis\u00e9s dans des bateaux de luxe est \u00e9galement tr\u00e8s impressionnant. Ce qui me rend fi\u00e8re, c&rsquo;est que depuis notre site local de Tianjin, nous avons toujours travaill\u00e9 dur pour offrir le m\u00eame niveau de service aux clients du monde entier. <strong>Il est gratifiant de faire partie d&rsquo;une \u00e9quipe qui se pr\u00e9occupe vraiment des autres<\/strong>. Depuis mes d\u00e9buts, le site de Tianjin a beaucoup \u00e9volu\u00e9. Nous avons commenc\u00e9 par fabriquer des pr\u00e9-impr\u00e9gn\u00e9s, puis nous sommes pass\u00e9s au Corecell et, plus tard, nous avons introduit le PET &#8211; nous avons commenc\u00e9 avec une ligne et nous en avons maintenant trois.      <\/em><\/p>\n<p style=\"text-align: left;\"><em>Nous nous sommes adapt\u00e9s \u00e0 une concurrence f\u00e9roce et \u00e0 une \u00e9volution constante, et je pense que c&rsquo;est ce qui distingue Gurit : <strong>nous sommes toujours pr\u00eats \u00e0 nous adapter<\/strong>. La le\u00e7on la plus importante que j&rsquo;ai apprise ?   <strong>Acceptez le changement. N&rsquo;ayez pas peur d&rsquo;apprendre quelque chose de nouveau\u00a0\u00bb. <\/strong><\/em><\/p>\n<p>[\/et_pb_text][\/et_pb_column][\/et_pb_row][et_pb_row _builder_version=\u00a0\u00bb4.27.4&Prime; _module_preset=\u00a0\u00bbdefault\u00a0\u00bb global_colors_info=\u00a0\u00bb{}\u00a0\u00bb theme_builder_area=\u00a0\u00bbpost_content\u00a0\u00bb][et_pb_column type=\u00a0\u00bb4_4&Prime; _builder_version=\u00a0\u00bb4.27.4&Prime; _module_preset=\u00a0\u00bbdefault\u00a0\u00bb global_colors_info=\u00a0\u00bb{}\u00a0\u00bb theme_builder_area=\u00a0\u00bbpost_content\u00a0\u00bb][et_pb_text _builder_version=\u00a0\u00bb4.27.4&Prime; _module_preset=\u00a0\u00bbdefault\u00a0\u00bb global_colors_info=\u00a0\u00bb{}\u00a0\u00bb theme_builder_area=\u00a0\u00bbpost_content\u00a0\u00bb]<\/p>\n<h1>Steve Shaw &#8211; Ing\u00e9nieur principal et chef de l&rsquo;unit\u00e9 de production d&rsquo;\u00e9nergie<\/h1>\n<p>[\/et_pb_text][\/et_pb_column][\/et_pb_row][et_pb_row column_structure=\u00a0\u00bb3_5,2_5&Prime; _builder_version=\u00a0\u00bb4.27.4&Prime; _module_preset=\u00a0\u00bbdefault\u00a0\u00bb custom_padding=\u00a0\u00bb31px|||||\u00a0\u00bb global_colors_info=\u00a0\u00bb{}\u00a0\u00bb theme_builder_area=\u00a0\u00bbpost_content\u00a0\u00bb][et_pb_column type=\u00a0\u00bb3_5&Prime; _builder_version=\u00a0\u00bb4.27.4&Prime; _module_preset=\u00a0\u00bbdefault\u00a0\u00bb global_colors_info=\u00a0\u00bb{}\u00a0\u00bb theme_builder_area=\u00a0\u00bbpost_content\u00a0\u00bb][et_pb_text _builder_version=\u00a0\u00bb4.27.4&Prime; _module_preset=\u00a0\u00bbdefault\u00a0\u00bb global_colors_info=\u00a0\u00bb{}\u00a0\u00bb theme_builder_area=\u00a0\u00bbpost_content\u00a0\u00bb]<\/p>\n<p><strong>Chez Gurit (et anciennement High Modulus) depuis 2006<\/strong><\/p>\n<p style=\"text-align: left;\"><span style=\"font-size: 12.0pt; font-family: 'Arial',sans-serif;\">Le parcours de Steve Shaw au sein de Gurit a commenc\u00e9 il y a pr\u00e8s de vingt ans, lorsqu&rsquo;il a rejoint High Modulus en 2006, avant d&rsquo;int\u00e9grer l&rsquo;\u00e9quipe de Gurit lors de l&rsquo;acquisition en 2010. Aujourd&rsquo;hui, en tant qu&rsquo;ing\u00e9nieur principal et responsable de l&rsquo;ing\u00e9nierie de puissance, il apporte son expertise approfondie, son leadership constant et son souci de la qualit\u00e9 pour r\u00e9soudre des probl\u00e8mes de conception complexes.   <\/span><o:p><\/o:p><span style=\"font-size: 9.0pt; font-family: 'Arial',sans-serif;\"> <\/span><o:p><\/o:p><\/p>\n<p style=\"white-space: pre-wrap; text-align: left;\"><span style=\"font-size: 12.0pt; font-family: 'Arial',sans-serif;\">Qu&rsquo;est-ce qui maintient l&rsquo;int\u00e9r\u00eat apr\u00e8s toutes ces ann\u00e9es ? \u00a0\u00bb <i>La vari\u00e9t\u00e9\u00a0\u00bb,<\/i> dit Steve.  <i>\u00ab\u00a0<strong>M\u00eame pour des bateaux similaires, les constructeurs ont des objectifs, des m\u00e9thodes et des philosophies diff\u00e9rents. Il n&rsquo;y a pas deux projets identiques <\/strong>.\u00a0\u00bb<\/i>  Il appr\u00e9cie \u00e9galement de travailler au-del\u00e0 des fronti\u00e8res et des cultures, en collaborant avec des clients et des coll\u00e8gues du monde entier.  <\/span><o:p><\/o:p><\/p>\n<p style=\"text-align: left;\"><o:p><\/o:p><span style=\"font-size: 12.0pt; font-family: 'Arial',sans-serif;\">Son r\u00f4le est peut-\u00eatre tr\u00e8s technique, mais Steve croit toujours en la valeur d&rsquo;un retour aux sources : <i>\u00ab\u00a0<strong>Si la mod\u00e9lisation et la simulation en 3D sont des outils essentiels pour notre \u00e9quipe, certains probl\u00e8mes peuvent encore \u00eatre r\u00e9solus rapidement \u00e0 l&rsquo;aide d&rsquo;un croquis et d&rsquo;un calcul manuel<\/strong>.\u00a0\u00bb<\/i> <\/span><\/p>\n<p>[\/et_pb_text][\/et_pb_column][et_pb_column type=\u00a0\u00bb2_5&Prime; _builder_version=\u00a0\u00bb4.27.4&Prime; _module_preset=\u00a0\u00bbdefault\u00a0\u00bb global_colors_info=\u00a0\u00bb{}\u00a0\u00bb theme_builder_area=\u00a0\u00bbpost_content\u00a0\u00bb][et_pb_image src=\u00a0\u00bbhttps:\/\/www.gurit.com\/wp-content\/uploads\/2025\/09\/Steve-Shaw-cropped-square.jpeg\u00a0\u00bb title_text=\u00a0\u00bbSteve-Shaw-cropped-square\u00a0\u00bb align=\u00a0\u00bbright\u00a0\u00bb _builder_version=\u00a0\u00bb4.27.4&Prime; _module_preset=\u00a0\u00bbdefault\u00a0\u00bb width=\u00a0\u00bb66%\u00a0\u00bb global_colors_info=\u00a0\u00bb{}\u00a0\u00bb theme_builder_area=\u00a0\u00bbpost_content\u00a0\u00bb][\/et_pb_image][\/et_pb_column][\/et_pb_row][et_pb_row _builder_version=\u00a0\u00bb4.27.4&Prime; _module_preset=\u00a0\u00bbdefault\u00a0\u00bb global_colors_info=\u00a0\u00bb{}\u00a0\u00bb theme_builder_area=\u00a0\u00bbpost_content\u00a0\u00bb][et_pb_column type=\u00a0\u00bb4_4&Prime; _builder_version=\u00a0\u00bb4.27.4&Prime; _module_preset=\u00a0\u00bbdefault\u00a0\u00bb global_colors_info=\u00a0\u00bb{}\u00a0\u00bb theme_builder_area=\u00a0\u00bbpost_content\u00a0\u00bb][et_pb_text _builder_version=\u00a0\u00bb4.27.4&Prime; _module_preset=\u00a0\u00bbdefault\u00a0\u00bb global_colors_info=\u00a0\u00bb{}\u00a0\u00bb theme_builder_area=\u00a0\u00bbpost_content\u00a0\u00bb]<\/p>\n<p style=\"text-align: left;\"><o:p><\/o:p><span style=\"font-size: 12.0pt; font-family: 'Arial',sans-serif;\">Il est particuli\u00e8rement fier d&rsquo;avoir contribu\u00e9 \u00e0 la construction du Gulf Craft Majesty 175, le plus grand superyacht en mat\u00e9riaux composites au monde, et d&rsquo;avoir \u00e9t\u00e9 promu ing\u00e9nieur principal, en reconnaissance de son impact en mati\u00e8re d&rsquo;ing\u00e9nierie et de son \u00e9volution professionnelle.  <\/span><\/p>\n<p style=\"text-align: left;\">Comme beaucoup de nos coll\u00e8gues de longue date, Steve a vu Gurit \u00e9voluer. Il consid\u00e8re l&rsquo;ajout du PET \u00e0 la gamme de produits comme un moment charni\u00e8re qui a ouvert de nouveaux march\u00e9s et s&rsquo;est align\u00e9 sur l&rsquo;importance croissante accord\u00e9e \u00e0 la durabilit\u00e9 &#8211; un aspect qu&rsquo;il est heureux de voir s&rsquo;imposer. Il a \u00e9galement vu l&rsquo;entreprise se renforcer en relevant des d\u00e9fis : \u00ab\u00a0La restructuration de l&rsquo;\u00e9quipe d&rsquo;ing\u00e9nierie des composites en 2021 a \u00e9t\u00e9 difficile, mais elle nous a aid\u00e9s \u00e0 devenir plus efficaces, plus concentr\u00e9s et, en fin de compte, \u00e0 former une \u00e9quipe plus forte\u00a0\u00bb.  <\/p>\n<p style=\"text-align: left;\">Pour l&rsquo;avenir, Steve est particuli\u00e8rement enthousiaste \u00e0 l&rsquo;\u00e9gard des d\u00e9veloppements en mati\u00e8re de kitting et d&rsquo;optimisation &#8211; des technologies qui promettent une am\u00e9lioration de la qualit\u00e9, des constructions plus rapides et une utilisation plus durable des mat\u00e9riaux. \u00ab\u00a0<em><strong>Nous combinons notre exp\u00e9rience avec une automatisation intelligente pour r\u00e9duire les d\u00e9lais et les co\u00fbts, non seulement de la construction, mais aussi de la conception &#8211; et c&rsquo;est un grand pas en avant<\/strong><\/em>.\u00a0\u00bb<\/p>\n<p style=\"text-align: left;\">Malgr\u00e9 tout, Steve reconna\u00eet que l&rsquo;accent mis par Gurit sur la qualit\u00e9 et son personnel sont les \u00e9l\u00e9ments qui la distinguent vraiment des autres. \u00ab\u00a0<em><strong>Je crois \u00e0 l&rsquo;ouverture d&rsquo;esprit et au dialogue avec l&rsquo;ensemble des coll\u00e8gues. Il y a souvent des connaissances ou des exp\u00e9riences au-del\u00e0 de votre propre service qui peuvent vous aider &#8211; et aider les autres <\/strong><\/em>.\u00a0\u00bb Qu&rsquo;il s&rsquo;agisse de construire des projets de classe mondiale ou de maintenir la tradition du g\u00e2teau au bureau pour les anniversaires, sa pr\u00e9sence constante et son esprit de collaboration jouent un r\u00f4le essentiel dans le succ\u00e8s \u00e0 long terme de l&rsquo;\u00e9quipe. <\/p>\n<p>[\/et_pb_text][\/et_pb_column][\/et_pb_row][et_pb_row _builder_version=\u00a0\u00bb4.27.4&Prime; _module_preset=\u00a0\u00bbdefault\u00a0\u00bb global_colors_info=\u00a0\u00bb{}\u00a0\u00bb theme_builder_area=\u00a0\u00bbpost_content\u00a0\u00bb][et_pb_column type=\u00a0\u00bb4_4&Prime; _builder_version=\u00a0\u00bb4.27.4&Prime; _module_preset=\u00a0\u00bbdefault\u00a0\u00bb global_colors_info=\u00a0\u00bb{}\u00a0\u00bb theme_builder_area=\u00a0\u00bbpost_content\u00a0\u00bb][et_pb_text _builder_version=\u00a0\u00bb4.27.4&Prime; _module_preset=\u00a0\u00bbdefault\u00a0\u00bb global_colors_info=\u00a0\u00bb{}\u00a0\u00bb theme_builder_area=\u00a0\u00bbpost_content\u00a0\u00bb]<\/p>\n<h1>Gloria Abia &#8211; Responsable des achats, Gurit Albacete (Espagne)<\/h1>\n<p>[\/et_pb_text][\/et_pb_column][\/et_pb_row][et_pb_row column_structure=\u00a0\u00bb1_3,2_3&Prime; _builder_version=\u00a0\u00bb4.27.4&Prime; _module_preset=\u00a0\u00bbdefault\u00a0\u00bb module_alignment=\u00a0\u00bbcenter\u00a0\u00bb global_colors_info=\u00a0\u00bb{}\u00a0\u00bb theme_builder_area=\u00a0\u00bbpost_content\u00a0\u00bb][et_pb_column type=\u00a0\u00bb1_3&Prime; _builder_version=\u00a0\u00bb4.27.4&Prime; _module_preset=\u00a0\u00bbdefault\u00a0\u00bb global_colors_info=\u00a0\u00bb{}\u00a0\u00bb theme_builder_area=\u00a0\u00bbpost_content\u00a0\u00bb][et_pb_image src=\u00a0\u00bbhttps:\/\/www.gurit.com\/wp-content\/uploads\/2025\/09\/Gloria_Gurit-office_cropped.jpg\u00a0\u00bb title_text=\u00a0\u00bbGloria_Gurit office_cropped\u00a0\u00bb _builder_version=\u00a0\u00bb4.27.4&Prime; _module_preset=\u00a0\u00bbdefault\u00a0\u00bb width=\u00a0\u00bb94%\u00a0\u00bb max_width=\u00a0\u00bb95%\u00a0\u00bb global_colors_info=\u00a0\u00bb{}\u00a0\u00bb theme_builder_area=\u00a0\u00bbpost_content\u00a0\u00bb][\/et_pb_image][\/et_pb_column][et_pb_column type=\u00a0\u00bb2_3&Prime; _builder_version=\u00a0\u00bb4.27.4&Prime; _module_preset=\u00a0\u00bbdefault\u00a0\u00bb global_colors_info=\u00a0\u00bb{}\u00a0\u00bb theme_builder_area=\u00a0\u00bbpost_content\u00a0\u00bb][et_pb_text _builder_version=\u00a0\u00bb4.27.4&Prime; _module_preset=\u00a0\u00bbdefault\u00a0\u00bb global_colors_info=\u00a0\u00bb{}\u00a0\u00bb theme_builder_area=\u00a0\u00bbpost_content\u00a0\u00bb]<\/p>\n<p><strong>Chez Gurit (et anciennement SP Systems) depuis 2000<\/strong><\/p>\n<p>\u00ab\u00a0<em>L&rsquo;entreprise a beaucoup chang\u00e9 depuis mes d\u00e9buts en 2000. \u00c0 l&rsquo;\u00e9poque, il ne s&rsquo;agissait pas de Gurit, mais de SP Systems, et nous nous concentrions sur l&rsquo;\u00e9olien. Au fil des ans, nous avons p\u00e9n\u00e9tr\u00e9 de nouveaux march\u00e9s, \u00e9largi notre client\u00e8le et simplifi\u00e9 nos op\u00e9rations pour am\u00e9liorer notre productivit\u00e9. Cela signifie que nous avons optimis\u00e9 nos cha\u00eenes d&rsquo;approvisionnement et adopt\u00e9 l&rsquo;automatisation.     <\/em><\/p>\n<p><em>L&rsquo;un des souvenirs dont je suis le plus fier remonte \u00e0 2005, lorsque j&rsquo;ai pass\u00e9 un an \u00e0 travailler \u00e0 Newport pour Gurit UK. Les exp\u00e9riences que j&rsquo;ai v\u00e9cues, la culture et les personnes que j&rsquo;ai rencontr\u00e9es en ont fait une ann\u00e9e inoubliable.   <\/em><\/p>\n<p><em>La pand\u00e9mie de COVID-19 a \u00e9t\u00e9 un test majeur. Nous <strong>avons d\u00fb nous adapter rapidement<\/strong> &#8211; pressions financi\u00e8res, travail \u00e0 distance, perturbation de la cha\u00eene d&rsquo;approvisionnement&#8230; <strong>Cela nous a pouss\u00e9s \u00e0 innover et \u00e0 adopter la transformation num\u00e9rique<\/strong> comme nous ne l&rsquo;avions jamais fait auparavant. Cette p\u00e9riode nous a beaucoup appris sur la r\u00e9silience.   <\/em><\/p>\n<p><em><strong>Ce qui distingue Gurit, c&rsquo;est son personnel.<\/strong>  Il existe ici une culture forte qui vous fait sentir engag\u00e9 et valoris\u00e9. Lorsque les gens se sentent ainsi, ils contribuent davantage &#8211; et nous en voyons les r\u00e9sultats.   <strong>Nous sommes \u00e9galement agiles.<\/strong>  Qu&rsquo;il s&rsquo;agisse de l&rsquo;\u00e9volution des exigences des clients ou des d\u00e9fis mondiaux, nous savons comment pivoter et continuer \u00e0 avancer.  <\/em><\/p>\n<p><em>La le\u00e7on la plus importante que j&rsquo;ai apprise ?  <strong>La capacit\u00e9 d&rsquo;adaptation et la r\u00e9silience. Et le pouvoir du travail d&rsquo;\u00e9quipe. <\/strong>  C&rsquo;est en travaillant ensemble \u00e0 la r\u00e9alisation d&rsquo;objectifs communs que tout devient possible\u00a0\u00bb.<\/em><\/p>\n<p>[\/et_pb_text][\/et_pb_column][\/et_pb_row][et_pb_row _builder_version=\u00a0\u00bb4.27.4&Prime; _module_preset=\u00a0\u00bbdefault\u00a0\u00bb global_colors_info=\u00a0\u00bb{}\u00a0\u00bb theme_builder_area=\u00a0\u00bbpost_content\u00a0\u00bb][et_pb_column type=\u00a0\u00bb4_4&Prime; _builder_version=\u00a0\u00bb4.27.4&Prime; _module_preset=\u00a0\u00bbdefault\u00a0\u00bb global_colors_info=\u00a0\u00bb{}\u00a0\u00bb theme_builder_area=\u00a0\u00bbpost_content\u00a0\u00bb][et_pb_text _builder_version=\u00a0\u00bb4.27.4&Prime; _module_preset=\u00a0\u00bbdefault\u00a0\u00bb global_colors_info=\u00a0\u00bb{}\u00a0\u00bb theme_builder_area=\u00a0\u00bbpost_content\u00a0\u00bb]<\/p>\n<h1>Mohan Murali &#8211; Responsable de la maintenance, Gurit Chennai (Inde)<\/h1>\n<p>[\/et_pb_text][\/et_pb_column][\/et_pb_row][et_pb_row column_structure=\u00a0\u00bb1_3,2_3&Prime; _builder_version=\u00a0\u00bb4.27.4&Prime; _module_preset=\u00a0\u00bbdefault\u00a0\u00bb global_colors_info=\u00a0\u00bb{}\u00a0\u00bb theme_builder_area=\u00a0\u00bbpost_content\u00a0\u00bb][et_pb_column type=\u00a0\u00bb1_3&Prime; _builder_version=\u00a0\u00bb4.27.4&Prime; _module_preset=\u00a0\u00bbdefault\u00a0\u00bb global_colors_info=\u00a0\u00bb{}\u00a0\u00bb theme_builder_area=\u00a0\u00bbpost_content\u00a0\u00bb][et_pb_image src=\u00a0\u00bbhttps:\/\/www.gurit.com\/wp-content\/uploads\/2025\/09\/Mohan-Murali_cropped.jpg\u00a0\u00bb title_text=\u00a0\u00bbMohan Murali_cropped\u00a0\u00bb _builder_version=\u00a0\u00bb4.27.4&Prime; _module_preset=\u00a0\u00bbdefault\u00a0\u00bb width=\u00a0\u00bb84%\u00a0\u00bb max_width=\u00a0\u00bb84%\u00a0\u00bb global_colors_info=\u00a0\u00bb{}\u00a0\u00bb theme_builder_area=\u00a0\u00bbpost_content\u00a0\u00bb][\/et_pb_image][\/et_pb_column][et_pb_column type=\u00a0\u00bb2_3&Prime; _builder_version=\u00a0\u00bb4.27.4&Prime; _module_preset=\u00a0\u00bbdefault\u00a0\u00bb global_colors_info=\u00a0\u00bb{}\u00a0\u00bb theme_builder_area=\u00a0\u00bbpost_content\u00a0\u00bb][et_pb_text _builder_version=\u00a0\u00bb4.27.4&Prime; _module_preset=\u00a0\u00bbdefault\u00a0\u00bb global_colors_info=\u00a0\u00bb{}\u00a0\u00bb theme_builder_area=\u00a0\u00bbpost_content\u00a0\u00bb]<\/p>\n<p style=\"text-align: left;\"><strong>Avec Gurit depuis 2021  <\/strong><\/p>\n<p style=\"text-align: left;\"><strong><em>\u00ab\u00a0Chaque d\u00e9fi est une occasion de renforcer la colonne vert\u00e9brale de l&rsquo;usine.<\/em> <\/strong><br \/><strong>-Mohan Murali<\/strong><\/p>\n<p style=\"text-align: left;\">Depuis le tout d\u00e9but, Mohan Murali a jou\u00e9 un r\u00f4le central dans le fa\u00e7onnement de Gurit India. Arriv\u00e9 en 2021, il a contribu\u00e9 \u00e0 poser les fondations litt\u00e9rales et culturelles d&rsquo;un site qui est devenu depuis un mod\u00e8le de haute performance. <\/p>\n<p style=\"text-align: left;\">En tant que responsable de la maintenance, Mohan s&rsquo;\u00e9panouit dans le rythme rapide de sa fonction. \u00ab\u00a0<strong><em>La maintenance joue un r\u00f4le essentiel dans toute entreprise manufacturi\u00e8re. C&rsquo;est le plaisir de r\u00e9soudre des probl\u00e8mes sous pression &#8211; et de voir les r\u00e9sultats tangibles &#8211; qui me pousse \u00e0 continuer. <\/em><\/strong>.\u00a0\u00bb Mentor autant que manager, il est fier de voir son \u00e9quipe grandir, relever les d\u00e9fis et s&rsquo;approprier ses succ\u00e8s. <\/p>\n<p>[\/et_pb_text][\/et_pb_column][\/et_pb_row][et_pb_row _builder_version=\u00a0\u00bb4.27.4&Prime; _module_preset=\u00a0\u00bbdefault\u00a0\u00bb global_colors_info=\u00a0\u00bb{}\u00a0\u00bb theme_builder_area=\u00a0\u00bbpost_content\u00a0\u00bb][et_pb_column type=\u00a0\u00bb4_4&Prime; _builder_version=\u00a0\u00bb4.27.4&Prime; _module_preset=\u00a0\u00bbdefault\u00a0\u00bb global_colors_info=\u00a0\u00bb{}\u00a0\u00bb theme_builder_area=\u00a0\u00bbpost_content\u00a0\u00bb][et_pb_text _builder_version=\u00a0\u00bb4.27.4&Prime; _module_preset=\u00a0\u00bbdefault\u00a0\u00bb global_colors_info=\u00a0\u00bb{}\u00a0\u00bb theme_builder_area=\u00a0\u00bbpost_content\u00a0\u00bb]<\/p>\n<p>Ce sentiment d&rsquo;appartenance n&rsquo;est pas accidentel. Mohan a adopt\u00e9 plusieurs des pratiques caract\u00e9ristiques de Gurit India, notamment Self Driven Team Members &#8211; une culture d'\u00a0\u00bborganisation au sein de l&rsquo;organisation\u00a0\u00bb &#8211; et Power of Zero, qui vise z\u00e9ro d\u00e9faut, z\u00e9ro temps d&rsquo;arr\u00eat et z\u00e9ro d\u00e9chet gr\u00e2ce \u00e0 une approche ax\u00e9e sur le syst\u00e8me. Il y a aussi Pradhakshana, un rituel quotidien unique qui renforce le respect et la connexion entre les employ\u00e9s et les machines.  <\/p>\n<p>\u00ab\u00a0<strong><em>Ces pratiques n&rsquo;am\u00e9liorent pas seulement les op\u00e9rations<\/em><\/strong>\u00ab\u00a0, explique-t-il. \u00ab\u00a0<em><strong>Elles renforcent l&rsquo;\u00e9tat d&rsquo;esprit, la culture et les soins.<\/strong><\/em>.\u00a0\u00bb<\/p>\n<p>L&rsquo;un des moments dont Mohan est le plus fier s&rsquo;est produit \u00e0 un moment difficile : la mise en service de toutes les machines au plus fort de la pand\u00e9mie de COVID-19. Avec un soutien \u00e0 distance limit\u00e9 de la part des autres sites de Gurit, son \u00e9quipe a r\u00e9ussi \u00e0 mettre Chennai en ligne &#8211; une r\u00e9alisation marqu\u00e9e par l&rsquo;engagement, l&rsquo;adaptabilit\u00e9 et l&rsquo;unit\u00e9. La m\u00eame ann\u00e9e, il a \u00e9t\u00e9 d\u00e9sign\u00e9 meilleur employ\u00e9 de l&rsquo;ann\u00e9e, une r\u00e9compense dont il est fier \u00e0 juste titre.  <\/p>\n<p>Qu&rsquo;il s&rsquo;agisse de l&rsquo;esprit de collaboration des r\u00e9unions Sunrise ou de la joie de c\u00e9l\u00e9brer ensemble lors du rassemblement annuel PAVANAM, Mohan croit au pouvoir des rituels, du rythme et du respect pour maintenir l&rsquo;alignement et l&rsquo;\u00e9nergie des \u00e9quipes. En regardant vers l&rsquo;avenir, il reste concentr\u00e9 sur la construction d&rsquo;un syst\u00e8me &#8211; et d&rsquo;une \u00e9quipe &#8211; qui continue \u00e0 se renforcer chaque jour. <\/p>\n<p>&nbsp;<\/p>\n<p>[\/et_pb_text][\/et_pb_column][\/et_pb_row][et_pb_row _builder_version=\u00a0\u00bb4.27.4&Prime; _module_preset=\u00a0\u00bbdefault\u00a0\u00bb global_colors_info=\u00a0\u00bb{}\u00a0\u00bb theme_builder_area=\u00a0\u00bbpost_content\u00a0\u00bb][et_pb_column type=\u00a0\u00bb4_4&Prime; _builder_version=\u00a0\u00bb4.27.4&Prime; _module_preset=\u00a0\u00bbdefault\u00a0\u00bb global_colors_info=\u00a0\u00bb{}\u00a0\u00bb theme_builder_area=\u00a0\u00bbpost_content\u00a0\u00bb][et_pb_text _builder_version=\u00a0\u00bb4.27.4&Prime; _module_preset=\u00a0\u00bbdefault\u00a0\u00bb global_colors_info=\u00a0\u00bb{}\u00a0\u00bb theme_builder_area=\u00a0\u00bbpost_content\u00a0\u00bb]<\/p>\n<h1><span data-contrast=\"none\" lang=\"EN-US\" class=\"TextRun SCXW230831626 BCX8\"><span class=\"NormalTextRun SCXW230831626 BCX8\" data-ccp-charstyle=\"normaltextrun\" data-ccp-charstyle-defn=\"{\"ObjectId\":\"ac0262f4-8a9e-5820-b908-2d943c5f7113|1\",\"ClassId\":1073872969,\"Properties\":[201342448,\"3\",469777841,\"Arial\",469777842,\"Arial\",469777843,\"\u7b49\u7ebf\",469777844,\"Arial\",469769226,\"Arial,\u7b49\u7ebf\",469775450,\"normaltextrun\",201340122,\"1\",134233614,\"true\",469778129,\"normaltextrun\",335572020,\"1\",469778324,\"Default Paragraph Font\"]}\">Yu Chen &#8211; Chef de projet, Gurit Taicang (Chine)<\/span><\/span><span data-contrast=\"none\" lang=\"EN-US\" class=\"TextRun SCXW230831626 BCX8\"><span class=\"NormalTextRun SCXW230831626 BCX8\" data-ccp-charstyle=\"eop\" data-ccp-charstyle-defn=\"{\"ObjectId\":\"920dbcde-2834-5e15-a5fa-062170b236ba|1\",\"ClassId\":1073872969,\"Properties\":[201342448,\"3\",469777841,\"Arial\",469777842,\"Arial\",469777843,\"\u7b49\u7ebf\",469777844,\"Arial\",469769226,\"Arial,\u7b49\u7ebf\",469775450,\"eop\",201340122,\"1\",134233614,\"true\",469778129,\"eop\",335572020,\"1\",469778324,\"Default Paragraph Font\"]}\"><\/span><\/span><span class=\"EOP SCXW230831626 BCX8\" data-ccp-props=\"{\"134233117\":false,\"134233118\":false,\"201341983\":0,\"335559738\":0,\"335559739\":0,\"335559740\":240}\"> <\/span><\/h1>\n<p>[\/et_pb_text][\/et_pb_column][\/et_pb_row][et_pb_row column_structure=\u00a0\u00bb3_5,2_5&Prime; _builder_version=\u00a0\u00bb4.27.4&Prime; _module_preset=\u00a0\u00bbdefault\u00a0\u00bb global_colors_info=\u00a0\u00bb{}\u00a0\u00bb theme_builder_area=\u00a0\u00bbpost_content\u00a0\u00bb][et_pb_column type=\u00a0\u00bb3_5&Prime; _builder_version=\u00a0\u00bb4.27.4&Prime; _module_preset=\u00a0\u00bbdefault\u00a0\u00bb global_colors_info=\u00a0\u00bb{}\u00a0\u00bb theme_builder_area=\u00a0\u00bbpost_content\u00a0\u00bb][et_pb_text _builder_version=\u00a0\u00bb4.27.4&Prime; _module_preset=\u00a0\u00bbdefault\u00a0\u00bb global_colors_info=\u00a0\u00bb{}\u00a0\u00bb theme_builder_area=\u00a0\u00bbpost_content\u00a0\u00bb]<\/p>\n<p><b><span data-contrast=\"auto\">Plus de 16 ans chez Gurit<\/span><\/b><span data-contrast=\"auto\"><\/span><span data-ccp-props=\"{\"134233117\":false,\"134233118\":false,\"201341983\":0,\"335559738\":0,\"335559739\":0,\"335559740\":240}\"> <\/span><\/p>\n<p><b><i><span data-contrast=\"none\">\u00ab\u00a0La v\u00e9ritable croissance se produit souvent en dehors de votre zone de confort.<\/span><\/i><\/b><span><br \/><\/span><b><span data-contrast=\"none\"> -Yu Chen<\/span><\/b><span data-ccp-props=\"{\"134233117\":false,\"134233118\":false,\"335559738\":240,\"335559739\":240}\"> <\/span><\/p>\n<p><span data-contrast=\"none\">Avec plus de 16 ans d&rsquo;anciennet\u00e9 chez Gurit, Yu Chen a v\u00e9cu de pr\u00e8s l&rsquo;\u00e9volution du site de Taicang, depuis ses d\u00e9buts en tant qu&rsquo;ing\u00e9nieur en tra\u00e7age laser jusqu&rsquo;\u00e0 la direction d&rsquo;\u00e9quipes de projet internationales sur plusieurs continents. Il d\u00e9crit sa carri\u00e8re comme un parcours d&rsquo;apprentissage continu et de r\u00e9ussite partag\u00e9e :   <\/span><strong><i>\u00ab\u00a0Travailler avec l&rsquo;\u00e9quipe, se d\u00e9velopper avec l&rsquo;\u00e9quipe et profiter ensemble des r\u00e9sultats positifs.<\/i> <\/strong><\/p>\n<p><span data-contrast=\"none\">Apr\u00e8s \u00eatre pass\u00e9 \u00e0 la gestion de projet en 2011, Yu a dirig\u00e9 des installations et des projets mondiaux complexes, dont un voyage marquant au cours duquel il a emmen\u00e9 l&rsquo;\u00e9quipe chinoise en Allemagne pour l&rsquo;installation de moules. Mais son d\u00e9fi le plus m\u00e9morable a sans doute \u00e9t\u00e9 relev\u00e9 lors d&rsquo;un projet d&rsquo;installation de moules pour \u00e9oliennes au Portugal. Confront\u00e9s \u00e0 une courbe d&rsquo;apprentissage abrupte et \u00e0 des d\u00e9lais serr\u00e9s, lui et son \u00e9quipe ont pers\u00e9v\u00e9r\u00e9 gr\u00e2ce aux heures suppl\u00e9mentaires, \u00e0 la collaboration et \u00e0 la d\u00e9termination.  <\/span><span data-ccp-props=\"{\"134233117\":false,\"134233118\":false,\"335559738\":240,\"335559739\":240}\"> <\/span><\/p>\n<p>[\/et_pb_text][\/et_pb_column][et_pb_column type=\u00a0\u00bb2_5&Prime; _builder_version=\u00a0\u00bb4.27.4&Prime; _module_preset=\u00a0\u00bbdefault\u00a0\u00bb global_colors_info=\u00a0\u00bb{}\u00a0\u00bb theme_builder_area=\u00a0\u00bbpost_content\u00a0\u00bb][et_pb_image src=\u00a0\u00bbhttps:\/\/www.gurit.com\/wp-content\/uploads\/2025\/09\/Yu_cropped.jpg\u00a0\u00bb title_text=\u00a0\u00bbYu_cropped\u00a0\u00bb align=\u00a0\u00bbright\u00a0\u00bb _builder_version=\u00a0\u00bb4.27.4&Prime; _module_preset=\u00a0\u00bbdefault\u00a0\u00bb width=\u00a0\u00bb71%\u00a0\u00bb global_colors_info=\u00a0\u00bb{}\u00a0\u00bb theme_builder_area=\u00a0\u00bbpost_content\u00a0\u00bb][\/et_pb_image][\/et_pb_column][\/et_pb_row][et_pb_row _builder_version=\u00a0\u00bb4.27.4&Prime; _module_preset=\u00a0\u00bbdefault\u00a0\u00bb global_colors_info=\u00a0\u00bb{}\u00a0\u00bb theme_builder_area=\u00a0\u00bbpost_content\u00a0\u00bb][et_pb_column type=\u00a0\u00bb4_4&Prime; _builder_version=\u00a0\u00bb4.27.4&Prime; _module_preset=\u00a0\u00bbdefault\u00a0\u00bb global_colors_info=\u00a0\u00bb{}\u00a0\u00bb theme_builder_area=\u00a0\u00bbpost_content\u00a0\u00bb][et_pb_text _builder_version=\u00a0\u00bb4.27.4&Prime; _module_preset=\u00a0\u00bbdefault\u00a0\u00bb global_colors_info=\u00a0\u00bb{}\u00a0\u00bb theme_builder_area=\u00a0\u00bbpost_content\u00a0\u00bb]<\/p>\n<p><span data-contrast=\"none\">En tant que membre essentiel de l&rsquo;\u00e9quipe de direction du site de Taicang, o\u00f9 une approche flexible et rapide est la cl\u00e9 du succ\u00e8s, Yu adopte cet \u00e9tat d&rsquo;esprit de leadership sans fronti\u00e8res &#8211; contribuant chaque fois que n\u00e9cessaire, \u00e0 la fois dans le cadre et au-del\u00e0 de ses responsabilit\u00e9s formelles, pour aider l&rsquo;ensemble de l&rsquo;\u00e9quipe \u00e0 atteindre des objectifs communs.<\/span><\/p>\n<p><span data-contrast=\"none\">La philosophie de Yu en mati\u00e8re de leadership est fond\u00e9e sur l&rsquo;initiative et la communication. Inspir\u00e9 par l&rsquo;un des hauts responsables de Gurit, il partage une id\u00e9e ma\u00eetresse : <\/span><span data-ccp-props=\"{\"134233117\":false,\"134233118\":false,\"335559738\":240,\"335559739\":240}\"> <\/span><\/p>\n<p><strong><i>Il vaut mieux \u00ab\u00a0oser faire\u00a0\u00bb que \u00ab\u00a0savoir faire\u00a0\u00bb. Prendre des initiatives, r\u00e9agir rapidement en cas d&rsquo;\u00e9chec et r\u00e9soudre des probl\u00e8mes est bien plus pr\u00e9cieux que de se contenter de r\u00e9p\u00e9ter des t\u00e2ches sans se soucier de l&rsquo;efficacit\u00e9.<\/i> <\/strong><\/p>\n<p><span data-contrast=\"none\">Il croit aussi profond\u00e9ment au pouvoir du travail d&rsquo;\u00e9quipe :<\/span><span data-ccp-props=\"{\"134233117\":false,\"134233118\":false,\"335559738\":240,\"335559739\":240}\"> <\/span><strong><i>\u00ab\u00a0Le lieu de travail n&rsquo;est pas un solo, mais une symphonie\u00a0\u00bb.<\/i> <\/strong> <\/p>\n<p><span data-contrast=\"none\">Pour ce qui est de l&rsquo;avenir, M. Yu est optimiste quant \u00e0 la voie que Gurit est en train de tracer dans le domaine des composites et de la durabilit\u00e9.  <\/span><\/p>\n<p><strong><i>\u00ab\u00a0Nous nous engageons \u00e0 former une \u00e9quipe efficace et coop\u00e9rative, \u00e0 am\u00e9liorer la qualit\u00e9 et \u00e0 cr\u00e9er de la valeur pour nos clients. Sur la voie du d\u00e9veloppement durable, l&rsquo;entreprise renforce sa responsabilit\u00e9 sociale et collabore avec ses partenaires pour r\u00e9aliser des progr\u00e8s significatifs.\u00a0\u00bb<\/i> <\/strong><\/p>\n<p>[\/et_pb_text][\/et_pb_column][\/et_pb_row][\/et_pb_section][et_pb_section fb_built=\u00a0\u00bb1&Prime; _builder_version=\u00a0\u00bb4.27.4&Prime; _module_preset=\u00a0\u00bbdefault\u00a0\u00bb da_disable_devices=\u00a0\u00bboff|off|off\u00a0\u00bb global_module=\u00a0\u00bb14535&Prime; saved_tabs=\u00a0\u00bball\u00a0\u00bb locked=\u00a0\u00bboff\u00a0\u00bb global_colors_info=\u00a0\u00bb{}\u00a0\u00bb da_is_popup=\u00a0\u00bboff\u00a0\u00bb da_exit_intent=\u00a0\u00bboff\u00a0\u00bb da_has_close=\u00a0\u00bbon\u00a0\u00bb da_alt_close=\u00a0\u00bboff\u00a0\u00bb da_dark_close=\u00a0\u00bboff\u00a0\u00bb da_not_modal=\u00a0\u00bbon\u00a0\u00bb da_is_singular=\u00a0\u00bboff\u00a0\u00bb da_with_loader=\u00a0\u00bboff\u00a0\u00bb da_has_shadow=\u00a0\u00bbon\u00a0\u00bb][et_pb_row _builder_version=\u00a0\u00bb4.27.4&Prime; _module_preset=\u00a0\u00bbdefault\u00a0\u00bb custom_margin=\u00a0\u00bb-100px||||false|false\u00a0\u00bb global_colors_info=\u00a0\u00bb{}\u00a0\u00bb][et_pb_column type=\u00a0\u00bb4_4&Prime; _builder_version=\u00a0\u00bb4.27.4&Prime; _module_preset=\u00a0\u00bbdefault\u00a0\u00bb global_colors_info=\u00a0\u00bb{}\u00a0\u00bb][et_pb_divider _builder_version=\u00a0\u00bb4.27.4&Prime; _module_preset=\u00a0\u00bbdefault\u00a0\u00bb global_colors_info=\u00a0\u00bb{}\u00a0\u00bb][\/et_pb_divider][et_pb_button button_url=\u00a0\u00bb@ET-DC@eyJkeW5hbWljIjp0cnVlLCJjb250ZW50IjoicG9zdF9saW5rX3VybF9wYWdlIiwic2V0dGluZ3MiOnsicG9zdF9pZCI6IjE2NDE5In19@\u00a0\u00bb button_text=\u00a0\u00bbAper\u00e7u des actualit\u00e9s\u00a0\u00bb button_alignment=\u00a0\u00bbcenter\u00a0\u00bb _builder_version=\u00a0\u00bb4.27.4&Prime; _dynamic_attributes=\u00a0\u00bbbutton_url\u00a0\u00bb _module_preset=\u00a0\u00bbdefault\u00a0\u00bb global_colors_info=\u00a0\u00bb{}\u00a0\u00bb][\/et_pb_button][\/et_pb_column][\/et_pb_row][\/et_pb_section]<\/p>\n","protected":false},"excerpt":{"rendered":"<p>Alors que nous marquons des \u00e9tapes cl\u00e9s dans le parcours de notre entreprise, nous c\u00e9l\u00e9brons les personnes dont le d\u00e9vouement, la r\u00e9silience et le leadership ont contribu\u00e9 \u00e0 fa\u00e7onner ce que nous sommes aujourd&rsquo;hui. Nous vous invitons \u00e0 rencontrer certains de nos coll\u00e8gues de longue date du monde entier.<\/p>\n","protected":false},"author":1,"featured_media":22548,"comment_status":"open","ping_status":"open","sticky":false,"template":"","format":"standard","meta":{"_et_pb_use_builder":"on","_et_pb_old_content":"","_et_gb_content_width":"","footnotes":""},"categories":[84],"tags":[],"class_list":["post-22547","post","type-post","status-publish","format-standard","has-post-thumbnail","hentry","category-nouvelles"],"yoast_head":"<!-- This site is optimized with the Yoast SEO Premium plugin v27.4 (Yoast SEO v27.4) - https:\/\/yoast.com\/product\/yoast-seo-premium-wordpress\/ -->\n<title>Rencontrez l&#039;\u00e9quipe : Les personnes \u00e0 l&#039;origine des progr\u00e8s - Gurit.<\/title>\n<meta name=\"robots\" content=\"index, follow, max-snippet:-1, max-image-preview:large, max-video-preview:-1\" \/>\n<link rel=\"canonical\" href=\"https:\/\/www.gurit.com\/fr\/rencontrez-lequipe-les-personnes-a-lorigine-des-progres\/\" \/>\n<meta property=\"og:locale\" content=\"fr_FR\" \/>\n<meta property=\"og:type\" content=\"article\" \/>\n<meta property=\"og:title\" content=\"Rencontrez l&#039;\u00e9quipe : Les personnes \u00e0 l&#039;origine des progr\u00e8s\" \/>\n<meta property=\"og:description\" content=\"Alors que nous marquons des \u00e9tapes cl\u00e9s dans le parcours de notre entreprise, nous c\u00e9l\u00e9brons les personnes dont le d\u00e9vouement, la r\u00e9silience et le leadership ont contribu\u00e9 \u00e0 fa\u00e7onner ce que nous sommes aujourd&#039;hui. Nous vous invitons \u00e0 rencontrer certains de nos coll\u00e8gues de longue date du monde entier.\" \/>\n<meta property=\"og:url\" content=\"https:\/\/www.gurit.com\/fr\/rencontrez-lequipe-les-personnes-a-lorigine-des-progres\/\" \/>\n<meta property=\"og:site_name\" content=\"Gurit\" \/>\n<meta property=\"article:publisher\" content=\"https:\/\/www.facebook.com\/GuritGroup\" \/>\n<meta property=\"article:published_time\" content=\"2025-05-08T00:00:22+00:00\" \/>\n<meta property=\"article:modified_time\" content=\"2026-04-26T13:41:19+00:00\" \/>\n<meta property=\"og:image\" content=\"https:\/\/www.gurit.com\/wp-content\/uploads\/2025\/06\/News-item-thumbnail-7.jpg\" \/>\n\t<meta property=\"og:image:width\" content=\"1500\" \/>\n\t<meta property=\"og:image:height\" content=\"1000\" \/>\n\t<meta property=\"og:image:type\" content=\"image\/jpeg\" \/>\n<meta name=\"author\" content=\"simplicate\" \/>\n<meta name=\"twitter:card\" content=\"summary_large_image\" \/>\n<meta name=\"twitter:creator\" content=\"@guritgroup\" \/>\n<meta name=\"twitter:site\" content=\"@guritgroup\" \/>\n<meta name=\"twitter:label1\" content=\"\u00c9crit par\" \/>\n\t<meta name=\"twitter:data1\" content=\"simplicate\" \/>\n\t<meta name=\"twitter:label2\" content=\"Dur\u00e9e de lecture estim\u00e9e\" \/>\n\t<meta name=\"twitter:data2\" content=\"21 minutes\" \/>\n<script type=\"application\/ld+json\" class=\"yoast-schema-graph\">{\"@context\":\"https:\\\/\\\/schema.org\",\"@graph\":[{\"@type\":\"Article\",\"@id\":\"https:\\\/\\\/www.gurit.com\\\/fr\\\/rencontrez-lequipe-les-personnes-a-lorigine-des-progres\\\/#article\",\"isPartOf\":{\"@id\":\"https:\\\/\\\/www.gurit.com\\\/fr\\\/rencontrez-lequipe-les-personnes-a-lorigine-des-progres\\\/\"},\"author\":{\"name\":\"simplicate\",\"@id\":\"https:\\\/\\\/www.gurit.com\\\/fr\\\/#\\\/schema\\\/person\\\/a65cd32243d78bacdfa692f5fd6008cc\"},\"headline\":\"Rencontrez l&rsquo;\u00e9quipe : Les personnes \u00e0 l&rsquo;origine des progr\u00e8s\",\"datePublished\":\"2025-05-08T00:00:22+00:00\",\"dateModified\":\"2026-04-26T13:41:19+00:00\",\"mainEntityOfPage\":{\"@id\":\"https:\\\/\\\/www.gurit.com\\\/fr\\\/rencontrez-lequipe-les-personnes-a-lorigine-des-progres\\\/\"},\"wordCount\":4265,\"commentCount\":0,\"publisher\":{\"@id\":\"https:\\\/\\\/www.gurit.com\\\/fr\\\/#organization\"},\"image\":{\"@id\":\"https:\\\/\\\/www.gurit.com\\\/fr\\\/rencontrez-lequipe-les-personnes-a-lorigine-des-progres\\\/#primaryimage\"},\"thumbnailUrl\":\"https:\\\/\\\/www.gurit.com\\\/wp-content\\\/uploads\\\/2025\\\/06\\\/News-item-thumbnail-7.jpg\",\"articleSection\":[\"nouvelles\"],\"inLanguage\":\"fr-FR\",\"potentialAction\":[{\"@type\":\"CommentAction\",\"name\":\"Comment\",\"target\":[\"https:\\\/\\\/www.gurit.com\\\/fr\\\/rencontrez-lequipe-les-personnes-a-lorigine-des-progres\\\/#respond\"]}]},{\"@type\":\"WebPage\",\"@id\":\"https:\\\/\\\/www.gurit.com\\\/fr\\\/rencontrez-lequipe-les-personnes-a-lorigine-des-progres\\\/\",\"url\":\"https:\\\/\\\/www.gurit.com\\\/fr\\\/rencontrez-lequipe-les-personnes-a-lorigine-des-progres\\\/\",\"name\":\"Rencontrez l'\u00e9quipe : Les personnes \u00e0 l'origine des progr\u00e8s - Gurit.\",\"isPartOf\":{\"@id\":\"https:\\\/\\\/www.gurit.com\\\/fr\\\/#website\"},\"primaryImageOfPage\":{\"@id\":\"https:\\\/\\\/www.gurit.com\\\/fr\\\/rencontrez-lequipe-les-personnes-a-lorigine-des-progres\\\/#primaryimage\"},\"image\":{\"@id\":\"https:\\\/\\\/www.gurit.com\\\/fr\\\/rencontrez-lequipe-les-personnes-a-lorigine-des-progres\\\/#primaryimage\"},\"thumbnailUrl\":\"https:\\\/\\\/www.gurit.com\\\/wp-content\\\/uploads\\\/2025\\\/06\\\/News-item-thumbnail-7.jpg\",\"datePublished\":\"2025-05-08T00:00:22+00:00\",\"dateModified\":\"2026-04-26T13:41:19+00:00\",\"breadcrumb\":{\"@id\":\"https:\\\/\\\/www.gurit.com\\\/fr\\\/rencontrez-lequipe-les-personnes-a-lorigine-des-progres\\\/#breadcrumb\"},\"inLanguage\":\"fr-FR\",\"potentialAction\":[{\"@type\":\"ReadAction\",\"target\":[\"https:\\\/\\\/www.gurit.com\\\/fr\\\/rencontrez-lequipe-les-personnes-a-lorigine-des-progres\\\/\"]}]},{\"@type\":\"ImageObject\",\"inLanguage\":\"fr-FR\",\"@id\":\"https:\\\/\\\/www.gurit.com\\\/fr\\\/rencontrez-lequipe-les-personnes-a-lorigine-des-progres\\\/#primaryimage\",\"url\":\"https:\\\/\\\/www.gurit.com\\\/wp-content\\\/uploads\\\/2025\\\/06\\\/News-item-thumbnail-7.jpg\",\"contentUrl\":\"https:\\\/\\\/www.gurit.com\\\/wp-content\\\/uploads\\\/2025\\\/06\\\/News-item-thumbnail-7.jpg\",\"width\":1500,\"height\":1000},{\"@type\":\"BreadcrumbList\",\"@id\":\"https:\\\/\\\/www.gurit.com\\\/fr\\\/rencontrez-lequipe-les-personnes-a-lorigine-des-progres\\\/#breadcrumb\",\"itemListElement\":[{\"@type\":\"ListItem\",\"position\":1,\"name\":\"Startseite\",\"item\":\"https:\\\/\\\/www.gurit.com\\\/fr\\\/marches\\\/\"},{\"@type\":\"ListItem\",\"position\":2,\"name\":\"Rencontrez l&rsquo;\u00e9quipe : Les personnes \u00e0 l&rsquo;origine des progr\u00e8s\"}]},{\"@type\":\"WebSite\",\"@id\":\"https:\\\/\\\/www.gurit.com\\\/fr\\\/#website\",\"url\":\"https:\\\/\\\/www.gurit.com\\\/fr\\\/\",\"name\":\"Gurit\",\"description\":\"Composites avanc\u00e9s pour l'\u00e9nergie \u00e9olienne, la marine, la construction et d'autres industries\",\"publisher\":{\"@id\":\"https:\\\/\\\/www.gurit.com\\\/fr\\\/#organization\"},\"potentialAction\":[{\"@type\":\"SearchAction\",\"target\":{\"@type\":\"EntryPoint\",\"urlTemplate\":\"https:\\\/\\\/www.gurit.com\\\/fr\\\/?s={search_term_string}\"},\"query-input\":{\"@type\":\"PropertyValueSpecification\",\"valueRequired\":true,\"valueName\":\"search_term_string\"}}],\"inLanguage\":\"fr-FR\"},{\"@type\":\"Organization\",\"@id\":\"https:\\\/\\\/www.gurit.com\\\/fr\\\/#organization\",\"name\":\"Gurit\",\"url\":\"https:\\\/\\\/www.gurit.com\\\/fr\\\/\",\"logo\":{\"@type\":\"ImageObject\",\"inLanguage\":\"fr-FR\",\"@id\":\"https:\\\/\\\/www.gurit.com\\\/fr\\\/#\\\/schema\\\/logo\\\/image\\\/\",\"url\":\"https:\\\/\\\/www.gurit.com\\\/wp-content\\\/uploads\\\/2021\\\/12\\\/gurit-logo.png\",\"contentUrl\":\"https:\\\/\\\/www.gurit.com\\\/wp-content\\\/uploads\\\/2021\\\/12\\\/gurit-logo.png\",\"width\":262,\"height\":100,\"caption\":\"Gurit\"},\"image\":{\"@id\":\"https:\\\/\\\/www.gurit.com\\\/fr\\\/#\\\/schema\\\/logo\\\/image\\\/\"},\"sameAs\":[\"https:\\\/\\\/www.facebook.com\\\/GuritGroup\",\"https:\\\/\\\/x.com\\\/guritgroup\",\"https:\\\/\\\/www.linkedin.com\\\/company\\\/gurit\\\/\"]},{\"@type\":\"Person\",\"@id\":\"https:\\\/\\\/www.gurit.com\\\/fr\\\/#\\\/schema\\\/person\\\/a65cd32243d78bacdfa692f5fd6008cc\",\"name\":\"simplicate\",\"image\":{\"@type\":\"ImageObject\",\"inLanguage\":\"fr-FR\",\"@id\":\"https:\\\/\\\/secure.gravatar.com\\\/avatar\\\/9a8f9ff1310a9be563f7bb74ad701c675616de3f72f797dc49f714eb54922b80?s=96&d=mm&r=g\",\"url\":\"https:\\\/\\\/secure.gravatar.com\\\/avatar\\\/9a8f9ff1310a9be563f7bb74ad701c675616de3f72f797dc49f714eb54922b80?s=96&d=mm&r=g\",\"contentUrl\":\"https:\\\/\\\/secure.gravatar.com\\\/avatar\\\/9a8f9ff1310a9be563f7bb74ad701c675616de3f72f797dc49f714eb54922b80?s=96&d=mm&r=g\",\"caption\":\"simplicate\"},\"sameAs\":[\"http:\\\/\\\/gurit.simplicate.de\"],\"url\":\"https:\\\/\\\/www.gurit.com\\\/fr\\\/author\\\/simplicate_gur\\\/\"}]}<\/script>\n<!-- \/ Yoast SEO Premium plugin. -->","yoast_head_json":{"title":"Rencontrez l'\u00e9quipe : Les personnes \u00e0 l'origine des progr\u00e8s - Gurit.","robots":{"index":"index","follow":"follow","max-snippet":"max-snippet:-1","max-image-preview":"max-image-preview:large","max-video-preview":"max-video-preview:-1"},"canonical":"https:\/\/www.gurit.com\/fr\/rencontrez-lequipe-les-personnes-a-lorigine-des-progres\/","og_locale":"fr_FR","og_type":"article","og_title":"Rencontrez l'\u00e9quipe : Les personnes \u00e0 l'origine des progr\u00e8s","og_description":"Alors que nous marquons des \u00e9tapes cl\u00e9s dans le parcours de notre entreprise, nous c\u00e9l\u00e9brons les personnes dont le d\u00e9vouement, la r\u00e9silience et le leadership ont contribu\u00e9 \u00e0 fa\u00e7onner ce que nous sommes aujourd'hui. Nous vous invitons \u00e0 rencontrer certains de nos coll\u00e8gues de longue date du monde entier.","og_url":"https:\/\/www.gurit.com\/fr\/rencontrez-lequipe-les-personnes-a-lorigine-des-progres\/","og_site_name":"Gurit","article_publisher":"https:\/\/www.facebook.com\/GuritGroup","article_published_time":"2025-05-08T00:00:22+00:00","article_modified_time":"2026-04-26T13:41:19+00:00","og_image":[{"width":1500,"height":1000,"url":"https:\/\/www.gurit.com\/wp-content\/uploads\/2025\/06\/News-item-thumbnail-7.jpg","type":"image\/jpeg"}],"author":"simplicate","twitter_card":"summary_large_image","twitter_creator":"@guritgroup","twitter_site":"@guritgroup","twitter_misc":{"\u00c9crit par":"simplicate","Dur\u00e9e de lecture estim\u00e9e":"21 minutes"},"schema":{"@context":"https:\/\/schema.org","@graph":[{"@type":"Article","@id":"https:\/\/www.gurit.com\/fr\/rencontrez-lequipe-les-personnes-a-lorigine-des-progres\/#article","isPartOf":{"@id":"https:\/\/www.gurit.com\/fr\/rencontrez-lequipe-les-personnes-a-lorigine-des-progres\/"},"author":{"name":"simplicate","@id":"https:\/\/www.gurit.com\/fr\/#\/schema\/person\/a65cd32243d78bacdfa692f5fd6008cc"},"headline":"Rencontrez l&rsquo;\u00e9quipe : Les personnes \u00e0 l&rsquo;origine des progr\u00e8s","datePublished":"2025-05-08T00:00:22+00:00","dateModified":"2026-04-26T13:41:19+00:00","mainEntityOfPage":{"@id":"https:\/\/www.gurit.com\/fr\/rencontrez-lequipe-les-personnes-a-lorigine-des-progres\/"},"wordCount":4265,"commentCount":0,"publisher":{"@id":"https:\/\/www.gurit.com\/fr\/#organization"},"image":{"@id":"https:\/\/www.gurit.com\/fr\/rencontrez-lequipe-les-personnes-a-lorigine-des-progres\/#primaryimage"},"thumbnailUrl":"https:\/\/www.gurit.com\/wp-content\/uploads\/2025\/06\/News-item-thumbnail-7.jpg","articleSection":["nouvelles"],"inLanguage":"fr-FR","potentialAction":[{"@type":"CommentAction","name":"Comment","target":["https:\/\/www.gurit.com\/fr\/rencontrez-lequipe-les-personnes-a-lorigine-des-progres\/#respond"]}]},{"@type":"WebPage","@id":"https:\/\/www.gurit.com\/fr\/rencontrez-lequipe-les-personnes-a-lorigine-des-progres\/","url":"https:\/\/www.gurit.com\/fr\/rencontrez-lequipe-les-personnes-a-lorigine-des-progres\/","name":"Rencontrez l'\u00e9quipe : Les personnes \u00e0 l'origine des progr\u00e8s - Gurit.","isPartOf":{"@id":"https:\/\/www.gurit.com\/fr\/#website"},"primaryImageOfPage":{"@id":"https:\/\/www.gurit.com\/fr\/rencontrez-lequipe-les-personnes-a-lorigine-des-progres\/#primaryimage"},"image":{"@id":"https:\/\/www.gurit.com\/fr\/rencontrez-lequipe-les-personnes-a-lorigine-des-progres\/#primaryimage"},"thumbnailUrl":"https:\/\/www.gurit.com\/wp-content\/uploads\/2025\/06\/News-item-thumbnail-7.jpg","datePublished":"2025-05-08T00:00:22+00:00","dateModified":"2026-04-26T13:41:19+00:00","breadcrumb":{"@id":"https:\/\/www.gurit.com\/fr\/rencontrez-lequipe-les-personnes-a-lorigine-des-progres\/#breadcrumb"},"inLanguage":"fr-FR","potentialAction":[{"@type":"ReadAction","target":["https:\/\/www.gurit.com\/fr\/rencontrez-lequipe-les-personnes-a-lorigine-des-progres\/"]}]},{"@type":"ImageObject","inLanguage":"fr-FR","@id":"https:\/\/www.gurit.com\/fr\/rencontrez-lequipe-les-personnes-a-lorigine-des-progres\/#primaryimage","url":"https:\/\/www.gurit.com\/wp-content\/uploads\/2025\/06\/News-item-thumbnail-7.jpg","contentUrl":"https:\/\/www.gurit.com\/wp-content\/uploads\/2025\/06\/News-item-thumbnail-7.jpg","width":1500,"height":1000},{"@type":"BreadcrumbList","@id":"https:\/\/www.gurit.com\/fr\/rencontrez-lequipe-les-personnes-a-lorigine-des-progres\/#breadcrumb","itemListElement":[{"@type":"ListItem","position":1,"name":"Startseite","item":"https:\/\/www.gurit.com\/fr\/marches\/"},{"@type":"ListItem","position":2,"name":"Rencontrez l&rsquo;\u00e9quipe : Les personnes \u00e0 l&rsquo;origine des progr\u00e8s"}]},{"@type":"WebSite","@id":"https:\/\/www.gurit.com\/fr\/#website","url":"https:\/\/www.gurit.com\/fr\/","name":"Gurit","description":"Composites avanc\u00e9s pour l'\u00e9nergie \u00e9olienne, la marine, la construction et d'autres industries","publisher":{"@id":"https:\/\/www.gurit.com\/fr\/#organization"},"potentialAction":[{"@type":"SearchAction","target":{"@type":"EntryPoint","urlTemplate":"https:\/\/www.gurit.com\/fr\/?s={search_term_string}"},"query-input":{"@type":"PropertyValueSpecification","valueRequired":true,"valueName":"search_term_string"}}],"inLanguage":"fr-FR"},{"@type":"Organization","@id":"https:\/\/www.gurit.com\/fr\/#organization","name":"Gurit","url":"https:\/\/www.gurit.com\/fr\/","logo":{"@type":"ImageObject","inLanguage":"fr-FR","@id":"https:\/\/www.gurit.com\/fr\/#\/schema\/logo\/image\/","url":"https:\/\/www.gurit.com\/wp-content\/uploads\/2021\/12\/gurit-logo.png","contentUrl":"https:\/\/www.gurit.com\/wp-content\/uploads\/2021\/12\/gurit-logo.png","width":262,"height":100,"caption":"Gurit"},"image":{"@id":"https:\/\/www.gurit.com\/fr\/#\/schema\/logo\/image\/"},"sameAs":["https:\/\/www.facebook.com\/GuritGroup","https:\/\/x.com\/guritgroup","https:\/\/www.linkedin.com\/company\/gurit\/"]},{"@type":"Person","@id":"https:\/\/www.gurit.com\/fr\/#\/schema\/person\/a65cd32243d78bacdfa692f5fd6008cc","name":"simplicate","image":{"@type":"ImageObject","inLanguage":"fr-FR","@id":"https:\/\/secure.gravatar.com\/avatar\/9a8f9ff1310a9be563f7bb74ad701c675616de3f72f797dc49f714eb54922b80?s=96&d=mm&r=g","url":"https:\/\/secure.gravatar.com\/avatar\/9a8f9ff1310a9be563f7bb74ad701c675616de3f72f797dc49f714eb54922b80?s=96&d=mm&r=g","contentUrl":"https:\/\/secure.gravatar.com\/avatar\/9a8f9ff1310a9be563f7bb74ad701c675616de3f72f797dc49f714eb54922b80?s=96&d=mm&r=g","caption":"simplicate"},"sameAs":["http:\/\/gurit.simplicate.de"],"url":"https:\/\/www.gurit.com\/fr\/author\/simplicate_gur\/"}]}},"_links":{"self":[{"href":"https:\/\/www.gurit.com\/fr\/wp-json\/wp\/v2\/posts\/22547","targetHints":{"allow":["GET"]}}],"collection":[{"href":"https:\/\/www.gurit.com\/fr\/wp-json\/wp\/v2\/posts"}],"about":[{"href":"https:\/\/www.gurit.com\/fr\/wp-json\/wp\/v2\/types\/post"}],"author":[{"embeddable":true,"href":"https:\/\/www.gurit.com\/fr\/wp-json\/wp\/v2\/users\/1"}],"replies":[{"embeddable":true,"href":"https:\/\/www.gurit.com\/fr\/wp-json\/wp\/v2\/comments?post=22547"}],"version-history":[{"count":1,"href":"https:\/\/www.gurit.com\/fr\/wp-json\/wp\/v2\/posts\/22547\/revisions"}],"predecessor-version":[{"id":22552,"href":"https:\/\/www.gurit.com\/fr\/wp-json\/wp\/v2\/posts\/22547\/revisions\/22552"}],"wp:featuredmedia":[{"embeddable":true,"href":"https:\/\/www.gurit.com\/fr\/wp-json\/wp\/v2\/media\/22548"}],"wp:attachment":[{"href":"https:\/\/www.gurit.com\/fr\/wp-json\/wp\/v2\/media?parent=22547"}],"wp:term":[{"taxonomy":"category","embeddable":true,"href":"https:\/\/www.gurit.com\/fr\/wp-json\/wp\/v2\/categories?post=22547"},{"taxonomy":"post_tag","embeddable":true,"href":"https:\/\/www.gurit.com\/fr\/wp-json\/wp\/v2\/tags?post=22547"}],"curies":[{"name":"wp","href":"https:\/\/api.w.org\/{rel}","templated":true}]}}