{"id":22555,"date":"2025-05-30T06:45:00","date_gmt":"2025-05-30T04:45:00","guid":{"rendered":"https:\/\/www.gurit.com\/gurit-annonce-des-changements-au-sein-de-son-conseil-dadministration\/"},"modified":"2025-05-30T06:45:00","modified_gmt":"2025-05-30T04:45:00","slug":"gurit-annonce-des-changements-au-sein-de-son-conseil-dadministration","status":"publish","type":"post","link":"https:\/\/www.gurit.com\/fr\/gurit-annonce-des-changements-au-sein-de-son-conseil-dadministration\/","title":{"rendered":"Gurit annonce des changements au sein de son conseil d&rsquo;administration"},"content":{"rendered":"<div id=\"eqsintro\">\n<div id=\"\" markup=\"intro\">\n<p><span><span><span>Zurich, le 30 mai 2025 &#8211; Annonce ad hoc conform\u00e9ment \u00e0 l&rsquo;art. 53 LR<\/span><\/span><\/span><\/p>\n<\/div>\n<\/div>\n<div id=\"eqssummary\">\n<div id=\"\" markup=\"lead\">\n<p><span><span><span><strong>Gurit (SIX Swiss Exchange : GURN) annonce aujourd&rsquo;hui que le Dr. Javier Perez-Freije, directeur financier et actuellement directeur g\u00e9n\u00e9ral ad interim, quittera la soci\u00e9t\u00e9 \u00e0 la fin du mois de novembre 2025.<\/strong><\/span><\/span><\/span><\/p>\n<\/div>\n<\/div>\n<div id=\"eqscontent\">\n<div id=\"\" markup=\"content\">\n<p><span><span><span>Javier a rejoint Gurit en mai 2024 en tant que directeur financier et a assum\u00e9 le r\u00f4le suppl\u00e9mentaire de directeur g\u00e9n\u00e9ral par int\u00e9rim \u00e0 la fin du mois d&rsquo;octobre 2024. Son leadership constant a jou\u00e9 un r\u00f4le cl\u00e9 dans le maintien de l&rsquo;\u00e9lan, tant au niveau du personnel que des op\u00e9rations commerciales. <\/span><\/span><\/span><\/p>\n<p><span><span><span>Comme indiqu\u00e9 pr\u00e9c\u00e9demment le 1er avril 2025, un PDG permanent, le Dr Tobias L\u00fchrig, a \u00e9t\u00e9 nomm\u00e9 et entrera en fonction le 1er juillet 2025. Dans l&rsquo;intervalle, Gurit lancera le processus de recherche du futur directeur financier de Gurit. La nomination sera annonc\u00e9e en temps voulu.  <\/span><\/span><\/span><\/p>\n<p><span><span><span>Le conseil d&rsquo;administration souhaite exprimer sa sinc\u00e8re reconnaissance \u00e0 Javier. Son leadership a \u00e9t\u00e9 d\u00e9terminant au cours d&rsquo;une p\u00e9riode de transformation, en particulier dans l&rsquo;ex\u00e9cution r\u00e9ussie des efforts de redimensionnement et le pivot vers la nouvelle orientation strat\u00e9gique. Le conseil d&rsquo;administration remercie Javier pour ses services et son d\u00e9vouement et lui souhaite de continuer \u00e0 r\u00e9ussir dans ses futurs projets.  <\/span><\/span><\/span><\/p>\n<\/div>\n<\/div>\n<div id=\"eqscontact\">\n<div id=\"\" markup=\"contact\">\n<p><span><span><strong>Communications du groupe Gurit  <\/strong><\/span><\/span><\/p>\n<p><span><span>T\u00e9l\u00e9phone : +41 44 316 15 50, e-mail : investisseur (at) gurit.com +41 44 316 15 50, e-mail : investor (at) gurit.com  <\/span><\/span><\/p>\n<p><span><span>Toutes les marques commerciales utilis\u00e9es ou mentionn\u00e9es dans le pr\u00e9sent communiqu\u00e9 sont prot\u00e9g\u00e9es par la loi.  <\/span><\/span><\/p>\n<\/div>\n<\/div>\n<div id=\"eqsfooter\">\n<div id=\"\" markup=\"footer\">\n<p><span><span><span><strong>\u00c0 propos de Gurit<\/strong><\/span><\/span><\/span><br \/><span><span><span lang=\"EN-GB\">Les filiales de Gurit Holding AG, Wattwil\/Suisse, (SIX Swiss Exchange : GURN) sont sp\u00e9cialis\u00e9es dans le d\u00e9veloppement et la fabrication de mat\u00e9riaux composites avanc\u00e9s, d&rsquo;\u00e9quipements d&rsquo;outillage composites et de services de kitting. La gamme de produits comprend des mat\u00e9riaux de base structuraux, des profil\u00e9s structuraux, des pr\u00e9impr\u00e9gn\u00e9s, des produits formul\u00e9s tels que des adh\u00e9sifs et des r\u00e9sines, ainsi que l&rsquo;ing\u00e9nierie des composites structuraux. Gurit approvisionne des march\u00e9s mondiaux en pleine croissance tels que l&rsquo;industrie des \u00e9oliennes, la marine, le b\u00e2timent et bien d&rsquo;autres encore. Gurit exploite des sites de production et des bureaux en Australie, au Canada, en Chine, au Danemark, en \u00c9quateur, en Inde, au Mexique, en Nouvelle-Z\u00e9lande, en Pologne, en Espagne, en Suisse, au Royaume-Uni et aux \u00c9tats-Unis.  <\/span><\/span><\/span><br \/><span><span><span><a href=\"http:\/\/www.gurit.com\/fr\/\" style=\"text-decoration: none;\">www.gurit.com<\/a><\/span><\/span><\/span><\/p>\n<\/div>\n<\/div>\n<div id=\"eqsdisclaimer\">\n<div id=\"\" markup=\"disclaimer\">\n<p><span><span><strong>D\u00e9clarations prospectives :<\/strong><br \/>Dans la mesure o\u00f9 cette annonce contient des d\u00e9clarations prospectives, ces d\u00e9clarations sont bas\u00e9es sur des hypoth\u00e8ses, des planifications et des pr\u00e9visions au moment de la publication de cette annonce. Les d\u00e9clarations prospectives comportent toujours des incertitudes. Les risques et d\u00e9veloppements \u00e9conomiques et commerciaux, la conduite des concurrents, les d\u00e9cisions politiques et d&rsquo;autres facteurs peuvent faire en sorte que les r\u00e9sultats r\u00e9els soient mat\u00e9riellement diff\u00e9rents des hypoth\u00e8ses, planifications et pr\u00e9visions au moment de la publication de cette annonce. Par cons\u00e9quent, Gurit Holding AG n&rsquo;assume aucune responsabilit\u00e9 concernant les d\u00e9clarations prospectives contenues dans cette annonce.   <\/span><\/span><\/p>\n<\/div>\n<\/div>\n<!-- WP Attachments -->\r\n        <div style=\"width:100%;margin:10px 0 10px 0;\">\r\n            <h3>Attachments<\/h3>\r\n        <ul class=\"post-attachments\"><li class=\"post-attachment mime-application-pdf\"><a target=\"_blank\" rel=\"noopener noreferrer\" href=\"https:\/\/www.gurit.com\/wp-content\/uploads\/2025\/09\/250530_Mediarelease_Gurit_CFO_final.pdf\">250530_Mediarelease_Gurit_CFO_final<\/a> <small>(98 kB)<\/small><\/li><\/ul><\/div>","protected":false},"excerpt":{"rendered":"<p>Zurich, le 30 mai 2025 &#8211; Annonce ad hoc conform\u00e9ment \u00e0 l&rsquo;art. 53 LR Gurit (SIX Swiss Exchange : GURN) annonce aujourd&rsquo;hui que le Dr. Javier Perez-Freije, directeur financier et [&hellip;]<\/p>\n","protected":false},"author":1,"featured_media":0,"comment_status":"closed","ping_status":"closed","sticky":false,"template":"","format":"standard","meta":{"_et_pb_use_builder":"","_et_pb_old_content":"","_et_gb_content_width":"","footnotes":""},"categories":[82],"tags":[],"class_list":["post-22555","post","type-post","status-publish","format-standard","hentry","category-eqsadhoc"],"yoast_head":"<!-- This site is optimized with the Yoast SEO plugin v27.5 - https:\/\/yoast.com\/product\/yoast-seo-wordpress\/ -->\n<title>Gurit annonce des changements au sein de son conseil d&#039;administration - Gurit.<\/title>\n<meta name=\"robots\" content=\"index, follow, max-snippet:-1, max-image-preview:large, max-video-preview:-1\" \/>\n<link rel=\"canonical\" href=\"https:\/\/www.gurit.com\/fr\/gurit-annonce-des-changements-au-sein-de-son-conseil-dadministration\/\" \/>\n<meta property=\"og:locale\" content=\"fr_FR\" \/>\n<meta property=\"og:type\" content=\"article\" \/>\n<meta property=\"og:title\" content=\"Gurit annonce des changements au sein de son conseil d&#039;administration - Gurit.\" \/>\n<meta property=\"og:description\" content=\"Zurich, le 30 mai 2025 &#8211; Annonce ad hoc conform\u00e9ment \u00e0 l&rsquo;art. 53 LR Gurit (SIX Swiss Exchange : GURN) annonce aujourd&rsquo;hui que le Dr. Javier Perez-Freije, directeur financier et [&hellip;]\" \/>\n<meta property=\"og:url\" content=\"https:\/\/www.gurit.com\/fr\/gurit-annonce-des-changements-au-sein-de-son-conseil-dadministration\/\" \/>\n<meta property=\"og:site_name\" content=\"Gurit\" \/>\n<meta property=\"article:publisher\" content=\"https:\/\/www.facebook.com\/GuritGroup\" \/>\n<meta property=\"article:published_time\" content=\"2025-05-30T04:45:00+00:00\" \/>\n<meta name=\"author\" content=\"simplicate\" \/>\n<meta name=\"twitter:card\" content=\"summary_large_image\" \/>\n<meta name=\"twitter:creator\" content=\"@guritgroup\" \/>\n<meta name=\"twitter:site\" content=\"@guritgroup\" \/>\n<meta name=\"twitter:label1\" content=\"\u00c9crit par\" \/>\n\t<meta name=\"twitter:data1\" content=\"simplicate\" \/>\n\t<meta name=\"twitter:label2\" content=\"Dur\u00e9e de lecture estim\u00e9e\" \/>\n\t<meta name=\"twitter:data2\" content=\"3 minutes\" \/>\n<script type=\"application\/ld+json\" class=\"yoast-schema-graph\">{\"@context\":\"https:\\\/\\\/schema.org\",\"@graph\":[{\"@type\":\"Article\",\"@id\":\"https:\\\/\\\/www.gurit.com\\\/fr\\\/gurit-annonce-des-changements-au-sein-de-son-conseil-dadministration\\\/#article\",\"isPartOf\":{\"@id\":\"https:\\\/\\\/www.gurit.com\\\/fr\\\/gurit-annonce-des-changements-au-sein-de-son-conseil-dadministration\\\/\"},\"author\":{\"name\":\"simplicate\",\"@id\":\"https:\\\/\\\/www.gurit.com\\\/fr\\\/#\\\/schema\\\/person\\\/b119121c55c6dcf772cd743cf20ea81b\"},\"headline\":\"Gurit annonce des changements au sein de son conseil d&rsquo;administration\",\"datePublished\":\"2025-05-30T04:45:00+00:00\",\"mainEntityOfPage\":{\"@id\":\"https:\\\/\\\/www.gurit.com\\\/fr\\\/gurit-annonce-des-changements-au-sein-de-son-conseil-dadministration\\\/\"},\"wordCount\":534,\"publisher\":{\"@id\":\"https:\\\/\\\/www.gurit.com\\\/fr\\\/#organization\"},\"articleSection\":[\"EQSadhoc\"],\"inLanguage\":\"fr-FR\"},{\"@type\":\"WebPage\",\"@id\":\"https:\\\/\\\/www.gurit.com\\\/fr\\\/gurit-annonce-des-changements-au-sein-de-son-conseil-dadministration\\\/\",\"url\":\"https:\\\/\\\/www.gurit.com\\\/fr\\\/gurit-annonce-des-changements-au-sein-de-son-conseil-dadministration\\\/\",\"name\":\"Gurit annonce des changements au sein de son conseil d'administration - Gurit.\",\"isPartOf\":{\"@id\":\"https:\\\/\\\/www.gurit.com\\\/fr\\\/#website\"},\"datePublished\":\"2025-05-30T04:45:00+00:00\",\"breadcrumb\":{\"@id\":\"https:\\\/\\\/www.gurit.com\\\/fr\\\/gurit-annonce-des-changements-au-sein-de-son-conseil-dadministration\\\/#breadcrumb\"},\"inLanguage\":\"fr-FR\",\"potentialAction\":[{\"@type\":\"ReadAction\",\"target\":[\"https:\\\/\\\/www.gurit.com\\\/fr\\\/gurit-annonce-des-changements-au-sein-de-son-conseil-dadministration\\\/\"]}]},{\"@type\":\"BreadcrumbList\",\"@id\":\"https:\\\/\\\/www.gurit.com\\\/fr\\\/gurit-annonce-des-changements-au-sein-de-son-conseil-dadministration\\\/#breadcrumb\",\"itemListElement\":[{\"@type\":\"ListItem\",\"position\":1,\"name\":\"Startseite\",\"item\":\"https:\\\/\\\/www.gurit.com\\\/fr\\\/marches\\\/\"},{\"@type\":\"ListItem\",\"position\":2,\"name\":\"Gurit annonce des changements au sein de son conseil d&#8217;administration\"}]},{\"@type\":\"WebSite\",\"@id\":\"https:\\\/\\\/www.gurit.com\\\/fr\\\/#website\",\"url\":\"https:\\\/\\\/www.gurit.com\\\/fr\\\/\",\"name\":\"Gurit\",\"description\":\"Composites avanc\u00e9s pour l'\u00e9nergie \u00e9olienne, la marine, la construction et d'autres industries\",\"publisher\":{\"@id\":\"https:\\\/\\\/www.gurit.com\\\/fr\\\/#organization\"},\"potentialAction\":[{\"@type\":\"SearchAction\",\"target\":{\"@type\":\"EntryPoint\",\"urlTemplate\":\"https:\\\/\\\/www.gurit.com\\\/fr\\\/?s={search_term_string}\"},\"query-input\":{\"@type\":\"PropertyValueSpecification\",\"valueRequired\":true,\"valueName\":\"search_term_string\"}}],\"inLanguage\":\"fr-FR\"},{\"@type\":\"Organization\",\"@id\":\"https:\\\/\\\/www.gurit.com\\\/fr\\\/#organization\",\"name\":\"Gurit\",\"url\":\"https:\\\/\\\/www.gurit.com\\\/fr\\\/\",\"logo\":{\"@type\":\"ImageObject\",\"inLanguage\":\"fr-FR\",\"@id\":\"https:\\\/\\\/www.gurit.com\\\/fr\\\/#\\\/schema\\\/logo\\\/image\\\/\",\"url\":\"https:\\\/\\\/www.gurit.com\\\/wp-content\\\/uploads\\\/2021\\\/12\\\/gurit-logo.png\",\"contentUrl\":\"https:\\\/\\\/www.gurit.com\\\/wp-content\\\/uploads\\\/2021\\\/12\\\/gurit-logo.png\",\"width\":262,\"height\":100,\"caption\":\"Gurit\"},\"image\":{\"@id\":\"https:\\\/\\\/www.gurit.com\\\/fr\\\/#\\\/schema\\\/logo\\\/image\\\/\"},\"sameAs\":[\"https:\\\/\\\/www.facebook.com\\\/GuritGroup\",\"https:\\\/\\\/x.com\\\/guritgroup\",\"https:\\\/\\\/www.linkedin.com\\\/company\\\/gurit\\\/\"]},{\"@type\":\"Person\",\"@id\":\"https:\\\/\\\/www.gurit.com\\\/fr\\\/#\\\/schema\\\/person\\\/b119121c55c6dcf772cd743cf20ea81b\",\"name\":\"simplicate\",\"image\":{\"@type\":\"ImageObject\",\"inLanguage\":\"fr-FR\",\"@id\":\"https:\\\/\\\/secure.gravatar.com\\\/avatar\\\/9a8f9ff1310a9be563f7bb74ad701c675616de3f72f797dc49f714eb54922b80?s=96&d=mm&r=g\",\"url\":\"https:\\\/\\\/secure.gravatar.com\\\/avatar\\\/9a8f9ff1310a9be563f7bb74ad701c675616de3f72f797dc49f714eb54922b80?s=96&d=mm&r=g\",\"contentUrl\":\"https:\\\/\\\/secure.gravatar.com\\\/avatar\\\/9a8f9ff1310a9be563f7bb74ad701c675616de3f72f797dc49f714eb54922b80?s=96&d=mm&r=g\",\"caption\":\"simplicate\"},\"sameAs\":[\"http:\\\/\\\/gurit.simplicate.de\"],\"url\":\"https:\\\/\\\/www.gurit.com\\\/fr\\\/author\\\/simplicate_gur\\\/\"}]}<\/script>\n<!-- \/ Yoast SEO plugin. -->","yoast_head_json":{"title":"Gurit annonce des changements au sein de son conseil d'administration - Gurit.","robots":{"index":"index","follow":"follow","max-snippet":"max-snippet:-1","max-image-preview":"max-image-preview:large","max-video-preview":"max-video-preview:-1"},"canonical":"https:\/\/www.gurit.com\/fr\/gurit-annonce-des-changements-au-sein-de-son-conseil-dadministration\/","og_locale":"fr_FR","og_type":"article","og_title":"Gurit annonce des changements au sein de son conseil d'administration - Gurit.","og_description":"Zurich, le 30 mai 2025 &#8211; Annonce ad hoc conform\u00e9ment \u00e0 l&rsquo;art. 53 LR Gurit (SIX Swiss Exchange : GURN) annonce aujourd&rsquo;hui que le Dr. Javier Perez-Freije, directeur financier et [&hellip;]","og_url":"https:\/\/www.gurit.com\/fr\/gurit-annonce-des-changements-au-sein-de-son-conseil-dadministration\/","og_site_name":"Gurit","article_publisher":"https:\/\/www.facebook.com\/GuritGroup","article_published_time":"2025-05-30T04:45:00+00:00","author":"simplicate","twitter_card":"summary_large_image","twitter_creator":"@guritgroup","twitter_site":"@guritgroup","twitter_misc":{"\u00c9crit par":"simplicate","Dur\u00e9e de lecture estim\u00e9e":"3 minutes"},"schema":{"@context":"https:\/\/schema.org","@graph":[{"@type":"Article","@id":"https:\/\/www.gurit.com\/fr\/gurit-annonce-des-changements-au-sein-de-son-conseil-dadministration\/#article","isPartOf":{"@id":"https:\/\/www.gurit.com\/fr\/gurit-annonce-des-changements-au-sein-de-son-conseil-dadministration\/"},"author":{"name":"simplicate","@id":"https:\/\/www.gurit.com\/fr\/#\/schema\/person\/b119121c55c6dcf772cd743cf20ea81b"},"headline":"Gurit annonce des changements au sein de son conseil d&rsquo;administration","datePublished":"2025-05-30T04:45:00+00:00","mainEntityOfPage":{"@id":"https:\/\/www.gurit.com\/fr\/gurit-annonce-des-changements-au-sein-de-son-conseil-dadministration\/"},"wordCount":534,"publisher":{"@id":"https:\/\/www.gurit.com\/fr\/#organization"},"articleSection":["EQSadhoc"],"inLanguage":"fr-FR"},{"@type":"WebPage","@id":"https:\/\/www.gurit.com\/fr\/gurit-annonce-des-changements-au-sein-de-son-conseil-dadministration\/","url":"https:\/\/www.gurit.com\/fr\/gurit-annonce-des-changements-au-sein-de-son-conseil-dadministration\/","name":"Gurit annonce des changements au sein de son conseil d'administration - Gurit.","isPartOf":{"@id":"https:\/\/www.gurit.com\/fr\/#website"},"datePublished":"2025-05-30T04:45:00+00:00","breadcrumb":{"@id":"https:\/\/www.gurit.com\/fr\/gurit-annonce-des-changements-au-sein-de-son-conseil-dadministration\/#breadcrumb"},"inLanguage":"fr-FR","potentialAction":[{"@type":"ReadAction","target":["https:\/\/www.gurit.com\/fr\/gurit-annonce-des-changements-au-sein-de-son-conseil-dadministration\/"]}]},{"@type":"BreadcrumbList","@id":"https:\/\/www.gurit.com\/fr\/gurit-annonce-des-changements-au-sein-de-son-conseil-dadministration\/#breadcrumb","itemListElement":[{"@type":"ListItem","position":1,"name":"Startseite","item":"https:\/\/www.gurit.com\/fr\/marches\/"},{"@type":"ListItem","position":2,"name":"Gurit annonce des changements au sein de son conseil d&#8217;administration"}]},{"@type":"WebSite","@id":"https:\/\/www.gurit.com\/fr\/#website","url":"https:\/\/www.gurit.com\/fr\/","name":"Gurit","description":"Composites avanc\u00e9s pour l'\u00e9nergie \u00e9olienne, la marine, la construction et d'autres industries","publisher":{"@id":"https:\/\/www.gurit.com\/fr\/#organization"},"potentialAction":[{"@type":"SearchAction","target":{"@type":"EntryPoint","urlTemplate":"https:\/\/www.gurit.com\/fr\/?s={search_term_string}"},"query-input":{"@type":"PropertyValueSpecification","valueRequired":true,"valueName":"search_term_string"}}],"inLanguage":"fr-FR"},{"@type":"Organization","@id":"https:\/\/www.gurit.com\/fr\/#organization","name":"Gurit","url":"https:\/\/www.gurit.com\/fr\/","logo":{"@type":"ImageObject","inLanguage":"fr-FR","@id":"https:\/\/www.gurit.com\/fr\/#\/schema\/logo\/image\/","url":"https:\/\/www.gurit.com\/wp-content\/uploads\/2021\/12\/gurit-logo.png","contentUrl":"https:\/\/www.gurit.com\/wp-content\/uploads\/2021\/12\/gurit-logo.png","width":262,"height":100,"caption":"Gurit"},"image":{"@id":"https:\/\/www.gurit.com\/fr\/#\/schema\/logo\/image\/"},"sameAs":["https:\/\/www.facebook.com\/GuritGroup","https:\/\/x.com\/guritgroup","https:\/\/www.linkedin.com\/company\/gurit\/"]},{"@type":"Person","@id":"https:\/\/www.gurit.com\/fr\/#\/schema\/person\/b119121c55c6dcf772cd743cf20ea81b","name":"simplicate","image":{"@type":"ImageObject","inLanguage":"fr-FR","@id":"https:\/\/secure.gravatar.com\/avatar\/9a8f9ff1310a9be563f7bb74ad701c675616de3f72f797dc49f714eb54922b80?s=96&d=mm&r=g","url":"https:\/\/secure.gravatar.com\/avatar\/9a8f9ff1310a9be563f7bb74ad701c675616de3f72f797dc49f714eb54922b80?s=96&d=mm&r=g","contentUrl":"https:\/\/secure.gravatar.com\/avatar\/9a8f9ff1310a9be563f7bb74ad701c675616de3f72f797dc49f714eb54922b80?s=96&d=mm&r=g","caption":"simplicate"},"sameAs":["http:\/\/gurit.simplicate.de"],"url":"https:\/\/www.gurit.com\/fr\/author\/simplicate_gur\/"}]}},"_links":{"self":[{"href":"https:\/\/www.gurit.com\/fr\/wp-json\/wp\/v2\/posts\/22555","targetHints":{"allow":["GET"]}}],"collection":[{"href":"https:\/\/www.gurit.com\/fr\/wp-json\/wp\/v2\/posts"}],"about":[{"href":"https:\/\/www.gurit.com\/fr\/wp-json\/wp\/v2\/types\/post"}],"author":[{"embeddable":true,"href":"https:\/\/www.gurit.com\/fr\/wp-json\/wp\/v2\/users\/1"}],"replies":[{"embeddable":true,"href":"https:\/\/www.gurit.com\/fr\/wp-json\/wp\/v2\/comments?post=22555"}],"version-history":[{"count":0,"href":"https:\/\/www.gurit.com\/fr\/wp-json\/wp\/v2\/posts\/22555\/revisions"}],"wp:attachment":[{"href":"https:\/\/www.gurit.com\/fr\/wp-json\/wp\/v2\/media?parent=22555"}],"wp:term":[{"taxonomy":"category","embeddable":true,"href":"https:\/\/www.gurit.com\/fr\/wp-json\/wp\/v2\/categories?post=22555"},{"taxonomy":"post_tag","embeddable":true,"href":"https:\/\/www.gurit.com\/fr\/wp-json\/wp\/v2\/tags?post=22555"}],"curies":[{"name":"wp","href":"https:\/\/api.w.org\/{rel}","templated":true}]}}