{"id":22671,"date":"2025-09-22T07:00:00","date_gmt":"2025-09-22T05:00:00","guid":{"rendered":"https:\/\/www.gurit.com\/gurit-annonce-la-nomination-de-viktor-bernhardt-au-poste-de-directeur-financier\/"},"modified":"2025-09-22T07:00:00","modified_gmt":"2025-09-22T05:00:00","slug":"gurit-annonce-la-nomination-de-viktor-bernhardt-au-poste-de-directeur-financier","status":"publish","type":"post","link":"https:\/\/www.gurit.com\/fr\/gurit-annonce-la-nomination-de-viktor-bernhardt-au-poste-de-directeur-financier\/","title":{"rendered":"Gurit annonce la nomination de Viktor Bernhardt au poste de directeur financier"},"content":{"rendered":"<div id=\"eqsintro\">\n<div id=\"\" markup=\"intro\">\n<p><span><span><span>Zurich, le 22 septembre 2025<\/span><\/span><\/span><\/p>\n<\/div>\n<\/div>\n<div id=\"eqssummary\">\n<div id=\"\" markup=\"lead\">\n<p><span><span><span><strong>Gurit (SIX Swiss Exchange : GURN) a le plaisir d&rsquo;annoncer la nomination de Viktor Bernhardt au poste de directeur financier, \u00e0 compter du 1er d\u00e9cembre 2025. Viktor, de nationalit\u00e9 allemande, succ\u00e9dera \u00e0 Javier Perez-Freije, qui quittera l&rsquo;entreprise \u00e0 la fin du mois de novembre 2025, comme annonc\u00e9 pr\u00e9c\u00e9demment.   <\/strong><\/span><\/span><\/span><\/p>\n<\/div>\n<\/div>\n<div id=\"eqscontent\">\n<div id=\"\" markup=\"content\">\n<p><span><span><span>Viktor apporte plus de 25 ans d&rsquo;exp\u00e9rience en finance internationale et en leadership, ayant occup\u00e9 des postes de direction au sein de soci\u00e9t\u00e9s multinationales, de soci\u00e9t\u00e9s de portefeuille de capital-investissement et d&rsquo;entreprises familiales. Il a une longue exp\u00e9rience de la transformation des entreprises, de la restructuration, de l&rsquo;ex\u00e9cution de fusions-acquisitions et de la croissance strat\u00e9gique.   <\/p>\n<p>Sa grande exp\u00e9rience de la gestion financi\u00e8re sera d\u00e9terminante pour guider l&rsquo;entreprise dans sa prochaine phase. Gurit est convaincue que Viktor contribuera de mani\u00e8re significative \u00e0 sa strat\u00e9gie financi\u00e8re et \u00e0 son succ\u00e8s global. <\/p>\n<p>Viktor est titulaire d&rsquo;un dipl\u00f4me en administration des affaires de la TA Wuppertal (Allemagne) et a suivi une formation pour cadres \u00e0 l&rsquo;INSEAD, \u00e0 Fontainebleau (France). Derni\u00e8rement, Viktor a occup\u00e9 le poste de directeur financier du groupe KWC. <\/span><\/span><\/span><\/p>\n<\/div>\n<div id=\"\" markup=\"content\" style=\"display: inline-block; width: 100%;\">\n<div style=\"display: block; width: 100%;\">\n                    <a><br \/>\n                        <img decoding=\"async\" src=\"https:\/\/mailing-ircockpit.eqs.com\/crm-mailing\/5c26ff94-ea7c-11e8-902f-2c44fd856d8c\/1773ef53-3aa4-4500-99ee-26d28c2a9659\/12cae013-d622-41f2-94da-e458c7adfcd2\/Viktor+Bernhardt.png\" style=\"width: 100%;\"><br \/>\n                    <\/a>\n                <\/div>\n<\/p><\/div>\n<div id=\"\" markup=\"content\"><\/div>\n<div id=\"\" markup=\"content\">\n<div><\/div>\n<hr>\n<\/div>\n<div id=\"\" markup=\"content\">\n<p><span><span>\u00ab\u00a0Je suis tr\u00e8s heureux de rejoindre Gurit\u00a0\u00bb, a d\u00e9clar\u00e9 Viktor Bernhardt. \u00ab\u00a0Je me r\u00e9jouis de collaborer avec l&rsquo;\u00e9quipe pour obtenir de solides performances financi\u00e8res et contribuer de mani\u00e8re significative \u00e0 la r\u00e9ussite \u00e0 long terme de l&rsquo;entreprise. <\/span><\/span><\/p>\n<\/div>\n<div id=\"\" markup=\"content\">\n<p><span><span>\u00ab\u00a0Au nom du conseil d&rsquo;administration, je tiens \u00e0 remercier sinc\u00e8rement Javier pour son d\u00e9vouement et \u00e0 lui souhaiter le meilleur pour l&rsquo;avenir. Je souhaite \u00e9galement la bienvenue \u00e0 Viktor au sein de notre \u00e9quipe de direction et je lui souhaite un bon d\u00e9part et beaucoup de succ\u00e8s dans son r\u00f4le de pivot chez Gurit\u00a0\u00bb, a d\u00e9clar\u00e9 Tobias L\u00fchrig, pr\u00e9sident-directeur g\u00e9n\u00e9ral de Gurit.  <\/span><\/span><\/p>\n<\/div>\n<\/div>\n<div id=\"eqscontact\">\n<div id=\"\" markup=\"contact\">\n<p><span><span><strong>Communications du groupe Gurit  <\/strong><\/span><\/span><\/p>\n<p><span><span>T\u00e9l\u00e9phone : +41 44 316 15 50, e-mail : investisseur (at) gurit.com +41 44 316 15 50, e-mail : investor (at) gurit.com  <\/span><\/span><\/p>\n<p><span><span>Toutes les marques commerciales utilis\u00e9es ou mentionn\u00e9es dans le pr\u00e9sent communiqu\u00e9 sont prot\u00e9g\u00e9es par la loi.  <\/span><\/span><\/p>\n<\/div>\n<\/div>\n<div id=\"eqsfooter\">\n<div id=\"\" markup=\"footer\">\n<p><span><span><span><strong>\u00c0 propos de Gurit<\/strong><\/span><\/span><\/span><br \/><span><span><span lang=\"EN-GB\">Les filiales de Gurit Holding AG, Wattwil\/Suisse, (SIX Swiss Exchange : GURN) sont sp\u00e9cialis\u00e9es dans le d\u00e9veloppement et la fabrication de mat\u00e9riaux composites avanc\u00e9s, d&rsquo;\u00e9quipements d&rsquo;outillage composites et de services de kitting. La gamme de produits comprend des mat\u00e9riaux de base structuraux, des profil\u00e9s structuraux, des pr\u00e9impr\u00e9gn\u00e9s, des produits formul\u00e9s tels que des adh\u00e9sifs et des r\u00e9sines, ainsi que l&rsquo;ing\u00e9nierie des composites structuraux. Gurit approvisionne des march\u00e9s mondiaux en pleine croissance tels que l&rsquo;industrie des \u00e9oliennes, la marine, le b\u00e2timent et bien d&rsquo;autres encore. Gurit exploite des sites de production et des bureaux en Australie, au Canada, en Chine, au Danemark, en \u00c9quateur, en Inde, au Mexique, en Nouvelle-Z\u00e9lande, en Pologne, en Espagne, en Suisse, au Royaume-Uni et aux \u00c9tats-Unis.  <\/span><\/span><\/span><br \/><span><span><span><a href=\"http:\/\/www.gurit.com\/fr\/\" style=\"text-decoration: none;\">www.gurit.com<\/a><\/span><\/span><\/span><\/p>\n<\/div>\n<\/div>\n<div id=\"eqsdisclaimer\">\n<div id=\"\" markup=\"disclaimer\">\n<p><span><span><strong>D\u00e9clarations prospectives :<\/strong><br \/>Dans la mesure o\u00f9 cette annonce contient des d\u00e9clarations prospectives, ces d\u00e9clarations sont bas\u00e9es sur des hypoth\u00e8ses, des planifications et des pr\u00e9visions au moment de la publication de cette annonce. Les d\u00e9clarations prospectives comportent toujours des incertitudes. Les risques et d\u00e9veloppements \u00e9conomiques et commerciaux, la conduite des concurrents, les d\u00e9cisions politiques et d&rsquo;autres facteurs peuvent faire en sorte que les r\u00e9sultats r\u00e9els soient mat\u00e9riellement diff\u00e9rents des hypoth\u00e8ses, planifications et pr\u00e9visions au moment de la publication de cette annonce. Par cons\u00e9quent, Gurit Holding AG n&rsquo;assume aucune responsabilit\u00e9 concernant les d\u00e9clarations prospectives contenues dans cette annonce.   <\/span><\/span><\/p>\n<\/div>\n<\/div>\n<!-- WP Attachments -->\r\n        <div style=\"width:100%;margin:10px 0 10px 0;\">\r\n            <h3>Attachments<\/h3>\r\n        <ul class=\"post-attachments\"><li class=\"post-attachment mime-application-pdf\"><a target=\"_blank\" rel=\"noopener noreferrer\" href=\"https:\/\/www.gurit.com\/wp-content\/uploads\/2025\/09\/250922_Mediarelease_Gurit_CFO.pdf\">250922_Mediarelease_Gurit_CFO<\/a> <small>(177 kB)<\/small><\/li><\/ul><\/div>","protected":false},"excerpt":{"rendered":"<p>Zurich, le 22 septembre 2025 Gurit (SIX Swiss Exchange : GURN) a le plaisir d&rsquo;annoncer la nomination de Viktor Bernhardt au poste de directeur financier, \u00e0 compter du 1er d\u00e9cembre [&hellip;]<\/p>\n","protected":false},"author":1,"featured_media":0,"comment_status":"closed","ping_status":"closed","sticky":false,"template":"","format":"standard","meta":{"_et_pb_use_builder":"","_et_pb_old_content":"","_et_gb_content_width":"","footnotes":""},"categories":[83],"tags":[],"class_list":["post-22671","post","type-post","status-publish","format-standard","hentry","category-eqsmedia"],"yoast_head":"<!-- This site is optimized with the Yoast SEO plugin v27.5 - https:\/\/yoast.com\/product\/yoast-seo-wordpress\/ -->\n<title>Gurit annonce la nomination de Viktor Bernhardt au poste de directeur financier - Gurit.<\/title>\n<meta name=\"robots\" content=\"index, follow, max-snippet:-1, max-image-preview:large, max-video-preview:-1\" \/>\n<link rel=\"canonical\" href=\"https:\/\/www.gurit.com\/fr\/gurit-annonce-la-nomination-de-viktor-bernhardt-au-poste-de-directeur-financier\/\" \/>\n<meta property=\"og:locale\" content=\"fr_FR\" \/>\n<meta property=\"og:type\" content=\"article\" \/>\n<meta property=\"og:title\" content=\"Gurit annonce la nomination de Viktor Bernhardt au poste de directeur financier - Gurit.\" \/>\n<meta property=\"og:description\" content=\"Zurich, le 22 septembre 2025 Gurit (SIX Swiss Exchange : GURN) a le plaisir d&rsquo;annoncer la nomination de Viktor Bernhardt au poste de directeur financier, \u00e0 compter du 1er d\u00e9cembre [&hellip;]\" \/>\n<meta property=\"og:url\" content=\"https:\/\/www.gurit.com\/fr\/gurit-annonce-la-nomination-de-viktor-bernhardt-au-poste-de-directeur-financier\/\" \/>\n<meta property=\"og:site_name\" content=\"Gurit\" \/>\n<meta property=\"article:publisher\" content=\"https:\/\/www.facebook.com\/GuritGroup\" \/>\n<meta property=\"article:published_time\" content=\"2025-09-22T05:00:00+00:00\" \/>\n<meta property=\"og:image\" content=\"https:\/\/mailing-ircockpit.eqs.com\/crm-mailing\/5c26ff94-ea7c-11e8-902f-2c44fd856d8c\/1773ef53-3aa4-4500-99ee-26d28c2a9659\/12cae013-d622-41f2-94da-e458c7adfcd2\/Viktor+Bernhardt.png\" \/>\n<meta name=\"author\" content=\"simplicate\" \/>\n<meta name=\"twitter:card\" content=\"summary_large_image\" \/>\n<meta name=\"twitter:creator\" content=\"@guritgroup\" \/>\n<meta name=\"twitter:site\" content=\"@guritgroup\" \/>\n<meta name=\"twitter:label1\" content=\"\u00c9crit par\" \/>\n\t<meta name=\"twitter:data1\" content=\"simplicate\" \/>\n\t<meta name=\"twitter:label2\" content=\"Dur\u00e9e de lecture estim\u00e9e\" \/>\n\t<meta name=\"twitter:data2\" content=\"3 minutes\" \/>\n<script type=\"application\/ld+json\" class=\"yoast-schema-graph\">{\"@context\":\"https:\\\/\\\/schema.org\",\"@graph\":[{\"@type\":\"Article\",\"@id\":\"https:\\\/\\\/www.gurit.com\\\/fr\\\/gurit-annonce-la-nomination-de-viktor-bernhardt-au-poste-de-directeur-financier\\\/#article\",\"isPartOf\":{\"@id\":\"https:\\\/\\\/www.gurit.com\\\/fr\\\/gurit-annonce-la-nomination-de-viktor-bernhardt-au-poste-de-directeur-financier\\\/\"},\"author\":{\"name\":\"simplicate\",\"@id\":\"https:\\\/\\\/www.gurit.com\\\/fr\\\/#\\\/schema\\\/person\\\/b119121c55c6dcf772cd743cf20ea81b\"},\"headline\":\"Gurit annonce la nomination de Viktor Bernhardt au poste de directeur financier\",\"datePublished\":\"2025-09-22T05:00:00+00:00\",\"mainEntityOfPage\":{\"@id\":\"https:\\\/\\\/www.gurit.com\\\/fr\\\/gurit-annonce-la-nomination-de-viktor-bernhardt-au-poste-de-directeur-financier\\\/\"},\"wordCount\":623,\"publisher\":{\"@id\":\"https:\\\/\\\/www.gurit.com\\\/fr\\\/#organization\"},\"image\":{\"@id\":\"https:\\\/\\\/www.gurit.com\\\/fr\\\/gurit-annonce-la-nomination-de-viktor-bernhardt-au-poste-de-directeur-financier\\\/#primaryimage\"},\"thumbnailUrl\":\"https:\\\/\\\/mailing-ircockpit.eqs.com\\\/crm-mailing\\\/5c26ff94-ea7c-11e8-902f-2c44fd856d8c\\\/1773ef53-3aa4-4500-99ee-26d28c2a9659\\\/12cae013-d622-41f2-94da-e458c7adfcd2\\\/Viktor+Bernhardt.png\",\"articleSection\":[\"EQSmedia\"],\"inLanguage\":\"fr-FR\"},{\"@type\":\"WebPage\",\"@id\":\"https:\\\/\\\/www.gurit.com\\\/fr\\\/gurit-annonce-la-nomination-de-viktor-bernhardt-au-poste-de-directeur-financier\\\/\",\"url\":\"https:\\\/\\\/www.gurit.com\\\/fr\\\/gurit-annonce-la-nomination-de-viktor-bernhardt-au-poste-de-directeur-financier\\\/\",\"name\":\"Gurit annonce la nomination de Viktor Bernhardt au poste de directeur financier - Gurit.\",\"isPartOf\":{\"@id\":\"https:\\\/\\\/www.gurit.com\\\/fr\\\/#website\"},\"primaryImageOfPage\":{\"@id\":\"https:\\\/\\\/www.gurit.com\\\/fr\\\/gurit-annonce-la-nomination-de-viktor-bernhardt-au-poste-de-directeur-financier\\\/#primaryimage\"},\"image\":{\"@id\":\"https:\\\/\\\/www.gurit.com\\\/fr\\\/gurit-annonce-la-nomination-de-viktor-bernhardt-au-poste-de-directeur-financier\\\/#primaryimage\"},\"thumbnailUrl\":\"https:\\\/\\\/mailing-ircockpit.eqs.com\\\/crm-mailing\\\/5c26ff94-ea7c-11e8-902f-2c44fd856d8c\\\/1773ef53-3aa4-4500-99ee-26d28c2a9659\\\/12cae013-d622-41f2-94da-e458c7adfcd2\\\/Viktor+Bernhardt.png\",\"datePublished\":\"2025-09-22T05:00:00+00:00\",\"breadcrumb\":{\"@id\":\"https:\\\/\\\/www.gurit.com\\\/fr\\\/gurit-annonce-la-nomination-de-viktor-bernhardt-au-poste-de-directeur-financier\\\/#breadcrumb\"},\"inLanguage\":\"fr-FR\",\"potentialAction\":[{\"@type\":\"ReadAction\",\"target\":[\"https:\\\/\\\/www.gurit.com\\\/fr\\\/gurit-annonce-la-nomination-de-viktor-bernhardt-au-poste-de-directeur-financier\\\/\"]}]},{\"@type\":\"ImageObject\",\"inLanguage\":\"fr-FR\",\"@id\":\"https:\\\/\\\/www.gurit.com\\\/fr\\\/gurit-annonce-la-nomination-de-viktor-bernhardt-au-poste-de-directeur-financier\\\/#primaryimage\",\"url\":\"https:\\\/\\\/mailing-ircockpit.eqs.com\\\/crm-mailing\\\/5c26ff94-ea7c-11e8-902f-2c44fd856d8c\\\/1773ef53-3aa4-4500-99ee-26d28c2a9659\\\/12cae013-d622-41f2-94da-e458c7adfcd2\\\/Viktor+Bernhardt.png\",\"contentUrl\":\"https:\\\/\\\/mailing-ircockpit.eqs.com\\\/crm-mailing\\\/5c26ff94-ea7c-11e8-902f-2c44fd856d8c\\\/1773ef53-3aa4-4500-99ee-26d28c2a9659\\\/12cae013-d622-41f2-94da-e458c7adfcd2\\\/Viktor+Bernhardt.png\"},{\"@type\":\"BreadcrumbList\",\"@id\":\"https:\\\/\\\/www.gurit.com\\\/fr\\\/gurit-annonce-la-nomination-de-viktor-bernhardt-au-poste-de-directeur-financier\\\/#breadcrumb\",\"itemListElement\":[{\"@type\":\"ListItem\",\"position\":1,\"name\":\"Startseite\",\"item\":\"https:\\\/\\\/www.gurit.com\\\/fr\\\/marches\\\/\"},{\"@type\":\"ListItem\",\"position\":2,\"name\":\"Gurit annonce la nomination de Viktor Bernhardt au poste de directeur financier\"}]},{\"@type\":\"WebSite\",\"@id\":\"https:\\\/\\\/www.gurit.com\\\/fr\\\/#website\",\"url\":\"https:\\\/\\\/www.gurit.com\\\/fr\\\/\",\"name\":\"Gurit\",\"description\":\"Composites avanc\u00e9s pour l'\u00e9nergie \u00e9olienne, la marine, la construction et d'autres industries\",\"publisher\":{\"@id\":\"https:\\\/\\\/www.gurit.com\\\/fr\\\/#organization\"},\"potentialAction\":[{\"@type\":\"SearchAction\",\"target\":{\"@type\":\"EntryPoint\",\"urlTemplate\":\"https:\\\/\\\/www.gurit.com\\\/fr\\\/?s={search_term_string}\"},\"query-input\":{\"@type\":\"PropertyValueSpecification\",\"valueRequired\":true,\"valueName\":\"search_term_string\"}}],\"inLanguage\":\"fr-FR\"},{\"@type\":\"Organization\",\"@id\":\"https:\\\/\\\/www.gurit.com\\\/fr\\\/#organization\",\"name\":\"Gurit\",\"url\":\"https:\\\/\\\/www.gurit.com\\\/fr\\\/\",\"logo\":{\"@type\":\"ImageObject\",\"inLanguage\":\"fr-FR\",\"@id\":\"https:\\\/\\\/www.gurit.com\\\/fr\\\/#\\\/schema\\\/logo\\\/image\\\/\",\"url\":\"https:\\\/\\\/www.gurit.com\\\/wp-content\\\/uploads\\\/2021\\\/12\\\/gurit-logo.png\",\"contentUrl\":\"https:\\\/\\\/www.gurit.com\\\/wp-content\\\/uploads\\\/2021\\\/12\\\/gurit-logo.png\",\"width\":262,\"height\":100,\"caption\":\"Gurit\"},\"image\":{\"@id\":\"https:\\\/\\\/www.gurit.com\\\/fr\\\/#\\\/schema\\\/logo\\\/image\\\/\"},\"sameAs\":[\"https:\\\/\\\/www.facebook.com\\\/GuritGroup\",\"https:\\\/\\\/x.com\\\/guritgroup\",\"https:\\\/\\\/www.linkedin.com\\\/company\\\/gurit\\\/\"]},{\"@type\":\"Person\",\"@id\":\"https:\\\/\\\/www.gurit.com\\\/fr\\\/#\\\/schema\\\/person\\\/b119121c55c6dcf772cd743cf20ea81b\",\"name\":\"simplicate\",\"image\":{\"@type\":\"ImageObject\",\"inLanguage\":\"fr-FR\",\"@id\":\"https:\\\/\\\/secure.gravatar.com\\\/avatar\\\/9a8f9ff1310a9be563f7bb74ad701c675616de3f72f797dc49f714eb54922b80?s=96&d=mm&r=g\",\"url\":\"https:\\\/\\\/secure.gravatar.com\\\/avatar\\\/9a8f9ff1310a9be563f7bb74ad701c675616de3f72f797dc49f714eb54922b80?s=96&d=mm&r=g\",\"contentUrl\":\"https:\\\/\\\/secure.gravatar.com\\\/avatar\\\/9a8f9ff1310a9be563f7bb74ad701c675616de3f72f797dc49f714eb54922b80?s=96&d=mm&r=g\",\"caption\":\"simplicate\"},\"sameAs\":[\"http:\\\/\\\/gurit.simplicate.de\"],\"url\":\"https:\\\/\\\/www.gurit.com\\\/fr\\\/author\\\/simplicate_gur\\\/\"}]}<\/script>\n<!-- \/ Yoast SEO plugin. -->","yoast_head_json":{"title":"Gurit annonce la nomination de Viktor Bernhardt au poste de directeur financier - Gurit.","robots":{"index":"index","follow":"follow","max-snippet":"max-snippet:-1","max-image-preview":"max-image-preview:large","max-video-preview":"max-video-preview:-1"},"canonical":"https:\/\/www.gurit.com\/fr\/gurit-annonce-la-nomination-de-viktor-bernhardt-au-poste-de-directeur-financier\/","og_locale":"fr_FR","og_type":"article","og_title":"Gurit annonce la nomination de Viktor Bernhardt au poste de directeur financier - Gurit.","og_description":"Zurich, le 22 septembre 2025 Gurit (SIX Swiss Exchange : GURN) a le plaisir d&rsquo;annoncer la nomination de Viktor Bernhardt au poste de directeur financier, \u00e0 compter du 1er d\u00e9cembre [&hellip;]","og_url":"https:\/\/www.gurit.com\/fr\/gurit-annonce-la-nomination-de-viktor-bernhardt-au-poste-de-directeur-financier\/","og_site_name":"Gurit","article_publisher":"https:\/\/www.facebook.com\/GuritGroup","article_published_time":"2025-09-22T05:00:00+00:00","og_image":[{"url":"https:\/\/mailing-ircockpit.eqs.com\/crm-mailing\/5c26ff94-ea7c-11e8-902f-2c44fd856d8c\/1773ef53-3aa4-4500-99ee-26d28c2a9659\/12cae013-d622-41f2-94da-e458c7adfcd2\/Viktor+Bernhardt.png","type":"","width":"","height":""}],"author":"simplicate","twitter_card":"summary_large_image","twitter_creator":"@guritgroup","twitter_site":"@guritgroup","twitter_misc":{"\u00c9crit par":"simplicate","Dur\u00e9e de lecture estim\u00e9e":"3 minutes"},"schema":{"@context":"https:\/\/schema.org","@graph":[{"@type":"Article","@id":"https:\/\/www.gurit.com\/fr\/gurit-annonce-la-nomination-de-viktor-bernhardt-au-poste-de-directeur-financier\/#article","isPartOf":{"@id":"https:\/\/www.gurit.com\/fr\/gurit-annonce-la-nomination-de-viktor-bernhardt-au-poste-de-directeur-financier\/"},"author":{"name":"simplicate","@id":"https:\/\/www.gurit.com\/fr\/#\/schema\/person\/b119121c55c6dcf772cd743cf20ea81b"},"headline":"Gurit annonce la nomination de Viktor Bernhardt au poste de directeur financier","datePublished":"2025-09-22T05:00:00+00:00","mainEntityOfPage":{"@id":"https:\/\/www.gurit.com\/fr\/gurit-annonce-la-nomination-de-viktor-bernhardt-au-poste-de-directeur-financier\/"},"wordCount":623,"publisher":{"@id":"https:\/\/www.gurit.com\/fr\/#organization"},"image":{"@id":"https:\/\/www.gurit.com\/fr\/gurit-annonce-la-nomination-de-viktor-bernhardt-au-poste-de-directeur-financier\/#primaryimage"},"thumbnailUrl":"https:\/\/mailing-ircockpit.eqs.com\/crm-mailing\/5c26ff94-ea7c-11e8-902f-2c44fd856d8c\/1773ef53-3aa4-4500-99ee-26d28c2a9659\/12cae013-d622-41f2-94da-e458c7adfcd2\/Viktor+Bernhardt.png","articleSection":["EQSmedia"],"inLanguage":"fr-FR"},{"@type":"WebPage","@id":"https:\/\/www.gurit.com\/fr\/gurit-annonce-la-nomination-de-viktor-bernhardt-au-poste-de-directeur-financier\/","url":"https:\/\/www.gurit.com\/fr\/gurit-annonce-la-nomination-de-viktor-bernhardt-au-poste-de-directeur-financier\/","name":"Gurit annonce la nomination de Viktor Bernhardt au poste de directeur financier - Gurit.","isPartOf":{"@id":"https:\/\/www.gurit.com\/fr\/#website"},"primaryImageOfPage":{"@id":"https:\/\/www.gurit.com\/fr\/gurit-annonce-la-nomination-de-viktor-bernhardt-au-poste-de-directeur-financier\/#primaryimage"},"image":{"@id":"https:\/\/www.gurit.com\/fr\/gurit-annonce-la-nomination-de-viktor-bernhardt-au-poste-de-directeur-financier\/#primaryimage"},"thumbnailUrl":"https:\/\/mailing-ircockpit.eqs.com\/crm-mailing\/5c26ff94-ea7c-11e8-902f-2c44fd856d8c\/1773ef53-3aa4-4500-99ee-26d28c2a9659\/12cae013-d622-41f2-94da-e458c7adfcd2\/Viktor+Bernhardt.png","datePublished":"2025-09-22T05:00:00+00:00","breadcrumb":{"@id":"https:\/\/www.gurit.com\/fr\/gurit-annonce-la-nomination-de-viktor-bernhardt-au-poste-de-directeur-financier\/#breadcrumb"},"inLanguage":"fr-FR","potentialAction":[{"@type":"ReadAction","target":["https:\/\/www.gurit.com\/fr\/gurit-annonce-la-nomination-de-viktor-bernhardt-au-poste-de-directeur-financier\/"]}]},{"@type":"ImageObject","inLanguage":"fr-FR","@id":"https:\/\/www.gurit.com\/fr\/gurit-annonce-la-nomination-de-viktor-bernhardt-au-poste-de-directeur-financier\/#primaryimage","url":"https:\/\/mailing-ircockpit.eqs.com\/crm-mailing\/5c26ff94-ea7c-11e8-902f-2c44fd856d8c\/1773ef53-3aa4-4500-99ee-26d28c2a9659\/12cae013-d622-41f2-94da-e458c7adfcd2\/Viktor+Bernhardt.png","contentUrl":"https:\/\/mailing-ircockpit.eqs.com\/crm-mailing\/5c26ff94-ea7c-11e8-902f-2c44fd856d8c\/1773ef53-3aa4-4500-99ee-26d28c2a9659\/12cae013-d622-41f2-94da-e458c7adfcd2\/Viktor+Bernhardt.png"},{"@type":"BreadcrumbList","@id":"https:\/\/www.gurit.com\/fr\/gurit-annonce-la-nomination-de-viktor-bernhardt-au-poste-de-directeur-financier\/#breadcrumb","itemListElement":[{"@type":"ListItem","position":1,"name":"Startseite","item":"https:\/\/www.gurit.com\/fr\/marches\/"},{"@type":"ListItem","position":2,"name":"Gurit annonce la nomination de Viktor Bernhardt au poste de directeur financier"}]},{"@type":"WebSite","@id":"https:\/\/www.gurit.com\/fr\/#website","url":"https:\/\/www.gurit.com\/fr\/","name":"Gurit","description":"Composites avanc\u00e9s pour l'\u00e9nergie \u00e9olienne, la marine, la construction et d'autres industries","publisher":{"@id":"https:\/\/www.gurit.com\/fr\/#organization"},"potentialAction":[{"@type":"SearchAction","target":{"@type":"EntryPoint","urlTemplate":"https:\/\/www.gurit.com\/fr\/?s={search_term_string}"},"query-input":{"@type":"PropertyValueSpecification","valueRequired":true,"valueName":"search_term_string"}}],"inLanguage":"fr-FR"},{"@type":"Organization","@id":"https:\/\/www.gurit.com\/fr\/#organization","name":"Gurit","url":"https:\/\/www.gurit.com\/fr\/","logo":{"@type":"ImageObject","inLanguage":"fr-FR","@id":"https:\/\/www.gurit.com\/fr\/#\/schema\/logo\/image\/","url":"https:\/\/www.gurit.com\/wp-content\/uploads\/2021\/12\/gurit-logo.png","contentUrl":"https:\/\/www.gurit.com\/wp-content\/uploads\/2021\/12\/gurit-logo.png","width":262,"height":100,"caption":"Gurit"},"image":{"@id":"https:\/\/www.gurit.com\/fr\/#\/schema\/logo\/image\/"},"sameAs":["https:\/\/www.facebook.com\/GuritGroup","https:\/\/x.com\/guritgroup","https:\/\/www.linkedin.com\/company\/gurit\/"]},{"@type":"Person","@id":"https:\/\/www.gurit.com\/fr\/#\/schema\/person\/b119121c55c6dcf772cd743cf20ea81b","name":"simplicate","image":{"@type":"ImageObject","inLanguage":"fr-FR","@id":"https:\/\/secure.gravatar.com\/avatar\/9a8f9ff1310a9be563f7bb74ad701c675616de3f72f797dc49f714eb54922b80?s=96&d=mm&r=g","url":"https:\/\/secure.gravatar.com\/avatar\/9a8f9ff1310a9be563f7bb74ad701c675616de3f72f797dc49f714eb54922b80?s=96&d=mm&r=g","contentUrl":"https:\/\/secure.gravatar.com\/avatar\/9a8f9ff1310a9be563f7bb74ad701c675616de3f72f797dc49f714eb54922b80?s=96&d=mm&r=g","caption":"simplicate"},"sameAs":["http:\/\/gurit.simplicate.de"],"url":"https:\/\/www.gurit.com\/fr\/author\/simplicate_gur\/"}]}},"_links":{"self":[{"href":"https:\/\/www.gurit.com\/fr\/wp-json\/wp\/v2\/posts\/22671","targetHints":{"allow":["GET"]}}],"collection":[{"href":"https:\/\/www.gurit.com\/fr\/wp-json\/wp\/v2\/posts"}],"about":[{"href":"https:\/\/www.gurit.com\/fr\/wp-json\/wp\/v2\/types\/post"}],"author":[{"embeddable":true,"href":"https:\/\/www.gurit.com\/fr\/wp-json\/wp\/v2\/users\/1"}],"replies":[{"embeddable":true,"href":"https:\/\/www.gurit.com\/fr\/wp-json\/wp\/v2\/comments?post=22671"}],"version-history":[{"count":0,"href":"https:\/\/www.gurit.com\/fr\/wp-json\/wp\/v2\/posts\/22671\/revisions"}],"wp:attachment":[{"href":"https:\/\/www.gurit.com\/fr\/wp-json\/wp\/v2\/media?parent=22671"}],"wp:term":[{"taxonomy":"category","embeddable":true,"href":"https:\/\/www.gurit.com\/fr\/wp-json\/wp\/v2\/categories?post=22671"},{"taxonomy":"post_tag","embeddable":true,"href":"https:\/\/www.gurit.com\/fr\/wp-json\/wp\/v2\/tags?post=22671"}],"curies":[{"name":"wp","href":"https:\/\/api.w.org\/{rel}","templated":true}]}}