{"id":22715,"date":"2026-03-09T09:09:36","date_gmt":"2026-03-09T08:09:36","guid":{"rendered":"https:\/\/www.gurit.com\/contrat-de-fourniture-de-deux-ans-pour-des-renforts-de-racine-de-lame-en-verre-pultrude\/"},"modified":"2026-04-26T15:42:29","modified_gmt":"2026-04-26T13:42:29","slug":"contrat-de-fourniture-de-deux-ans-pour-des-renforts-de-racine-de-lame-en-verre-pultrude","status":"publish","type":"post","link":"https:\/\/www.gurit.com\/fr\/contrat-de-fourniture-de-deux-ans-pour-des-renforts-de-racine-de-lame-en-verre-pultrude\/","title":{"rendered":"Contrat de fourniture de deux ans pour des renforts de racine de lame en verre pultrud\u00e9"},"content":{"rendered":"<p>[et_pb_section fb_built=\u00a0\u00bb1&Prime; _builder_version=\u00a0\u00bb4.27.4&Prime; _module_preset=\u00a0\u00bbdefault\u00a0\u00bb use_background_color_gradient=\u00a0\u00bbon\u00a0\u00bb background_image=\u00a0\u00bbhttps:\/\/www.gurit.com\/wp-content\/uploads\/2025\/09\/visual-header-news-and-media.jpg\u00a0\u00bb min_height=\u00a0\u00bb420px\u00a0\u00bb custom_margin=\u00a0\u00bb||||false|false\u00a0\u00bb custom_padding=\u00a0\u00bb||||false|false\u00a0\u00bb da_disable_devices=\u00a0\u00bboff|off|off\u00a0\u00bb global_module=\u00a0\u00bb14527&Prime; saved_tabs=\u00a0\u00bball\u00a0\u00bb locked=\u00a0\u00bboff\u00a0\u00bb global_colors_info=\u00a0\u00bb{}\u00a0\u00bb da_is_popup=\u00a0\u00bboff\u00a0\u00bb da_exit_intent=\u00a0\u00bboff\u00a0\u00bb da_has_close=\u00a0\u00bbon\u00a0\u00bb da_alt_close=\u00a0\u00bboff\u00a0\u00bb da_dark_close=\u00a0\u00bboff\u00a0\u00bb da_not_modal=\u00a0\u00bbon\u00a0\u00bb da_is_singular=\u00a0\u00bboff\u00a0\u00bb da_with_loader=\u00a0\u00bboff\u00a0\u00bb da_has_shadow=\u00a0\u00bbon\u00a0\u00bb][et_pb_row _builder_version=\u00a0\u00bb4.27.4&Prime; _module_preset=\u00a0\u00bbdefault\u00a0\u00bb locked=\u00a0\u00bboff\u00a0\u00bb global_colors_info=\u00a0\u00bb{}\u00a0\u00bb][et_pb_column type=\u00a0\u00bb4_4&Prime; _builder_version=\u00a0\u00bb4.27.4&Prime; _module_preset=\u00a0\u00bbdefault\u00a0\u00bb global_colors_info=\u00a0\u00bb{}\u00a0\u00bb][et_pb_text _builder_version=\u00a0\u00bb4.27.4&Prime; _module_preset=\u00a0\u00bbdefault\u00a0\u00bb header_font=\u00a0\u00bb||||||||\u00a0\u00bb header_text_color=\u00a0\u00bb#FFFFFF\u00a0\u00bb header_font_size=\u00a0\u00bb5vw\u00a0\u00bb animation_style=\u00a0\u00bbslide\u00a0\u00bb animation_direction=\u00a0\u00bbleft\u00a0\u00bb animation_starting_opacity=\u00a0\u00bb15%\u00a0\u00bb global_colors_info=\u00a0\u00bb{}\u00a0\u00bb]<\/p>\n<h1>Nouvelles et <br \/>\u00c9v\u00e9nements<\/h1>\n<p>[\/et_pb_text][et_pb_divider color=\u00a0\u00bb#44A12B\u00a0\u00bb divider_weight=\u00a0\u00bb5px\u00a0\u00bb _builder_version=\u00a0\u00bb4.27.4&Prime; _module_preset=\u00a0\u00bbdefault\u00a0\u00bb width=\u00a0\u00bb100px\u00a0\u00bb global_colors_info=\u00a0\u00bb{}\u00a0\u00bb][\/et_pb_divider][et_pb_button button_url=\u00a0\u00bb\/contact\u00a0\u00bb button_text=\u00a0\u00bbContactez nous\u00a0\u00bb _builder_version=\u00a0\u00bb4.27.4&Prime; _module_preset=\u00a0\u00bbdefault\u00a0\u00bb custom_button=\u00a0\u00bbon\u00a0\u00bb button_bg_color=\u00a0\u00bb#44A12B\u00a0\u00bb button_border_width=\u00a0\u00bb0px\u00a0\u00bb button_border_color=\u00a0\u00bb#142E73&Prime; button_on_hover=\u00a0\u00bboff\u00a0\u00bb global_colors_info=\u00a0\u00bb{}\u00a0\u00bb button_border_width__hover_enabled=\u00a0\u00bbon|desktop\u00a0\u00bb button_border_radius__hover_enabled=\u00a0\u00bbon|hover\u00a0\u00bb button_bg_color__hover_enabled=\u00a0\u00bbon|hover\u00a0\u00bb button_bg_color__hover=\u00a0\u00bb#142E73&Prime; button_bg_enable_color__hover=\u00a0\u00bbon\u00a0\u00bb button_border_width__hover=\u00a0\u00bb0px\u00a0\u00bb][\/et_pb_button][\/et_pb_column][\/et_pb_row][\/et_pb_section][et_pb_section fb_built=\u00a0\u00bb1&Prime; _builder_version=\u00a0\u00bb4.27.4&Prime; _module_preset=\u00a0\u00bbdefault\u00a0\u00bb background_enable_image=\u00a0\u00bboff\u00a0\u00bb background_size=\u00a0\u00bbcontain\u00a0\u00bb da_disable_devices=\u00a0\u00bboff|off|off\u00a0\u00bb locked=\u00a0\u00bboff\u00a0\u00bb global_colors_info=\u00a0\u00bb{}\u00a0\u00bb da_is_popup=\u00a0\u00bboff\u00a0\u00bb da_exit_intent=\u00a0\u00bboff\u00a0\u00bb da_has_close=\u00a0\u00bbon\u00a0\u00bb da_alt_close=\u00a0\u00bboff\u00a0\u00bb da_dark_close=\u00a0\u00bboff\u00a0\u00bb da_not_modal=\u00a0\u00bbon\u00a0\u00bb da_is_singular=\u00a0\u00bboff\u00a0\u00bb da_with_loader=\u00a0\u00bboff\u00a0\u00bb da_has_shadow=\u00a0\u00bbon\u00a0\u00bb][et_pb_row _builder_version=\u00a0\u00bb4.27.4&Prime; _module_preset=\u00a0\u00bbdefault\u00a0\u00bb global_colors_info=\u00a0\u00bb{}\u00a0\u00bb][et_pb_column type=\u00a0\u00bb4_4&Prime; _builder_version=\u00a0\u00bb4.27.4&Prime; _module_preset=\u00a0\u00bbdefault\u00a0\u00bb global_colors_info=\u00a0\u00bb{}\u00a0\u00bb][et_pb_text _builder_version=\u00a0\u00bb4.27.6&Prime; _module_preset=\u00a0\u00bbdefault\u00a0\u00bb global_colors_info=\u00a0\u00bb{}\u00a0\u00bb]<\/p>\n<h1>CONTRAT DE DEUX ANS POUR DES RENFORTS DE RACINE DE LAME EN VERRE PULTRUD\u00c9<\/h1>\n<p>[\/et_pb_text][\/et_pb_column][\/et_pb_row][et_pb_row column_structure=\u00a0\u00bb2_5,3_5&Prime; _builder_version=\u00a0\u00bb4.18.0&Prime; _module_preset=\u00a0\u00bbdefault\u00a0\u00bb global_colors_info=\u00a0\u00bb{}\u00a0\u00bb][et_pb_column type=\u00a0\u00bb2_5&Prime; _builder_version=\u00a0\u00bb4.18.0&Prime; _module_preset=\u00a0\u00bbdefault\u00a0\u00bb global_colors_info=\u00a0\u00bb{}\u00a0\u00bb][et_pb_text _builder_version=\u00a0\u00bb4.27.6&Prime; _module_preset=\u00a0\u00bbdefault\u00a0\u00bb custom_padding=\u00a0\u00bb||0px|||\u00a0\u00bb hover_enabled=\u00a0\u00bb0&Prime; global_colors_info=\u00a0\u00bb{}\u00a0\u00bb sticky_enabled=\u00a0\u00bb0&Prime;]<\/p>\n<p><strong>Nous avons annonc\u00e9 aujourd&rsquo;hui la signature d&rsquo;un nouveau contrat de fourniture de deux ans pour notre solution de renforcement des pieds de pale en verre pultrud\u00e9 avec un fabricant d&rsquo;\u00e9oliennes de premier plan dans la r\u00e9gion Asie-Pacifique. Le contrat est \u00e9valu\u00e9 \u00e0 plus de 10 millions de francs suisses sur la dur\u00e9e du contrat. <\/strong><\/p>\n<p>La taille des pales d&rsquo;\u00e9oliennes ne cessant d&rsquo;augmenter, les exigences structurelles impos\u00e9es aux racines des pales augmentent en cons\u00e9quence. Pour r\u00e9pondre \u00e0 ces exigences en constante \u00e9volution, de nombreux fabricants de pales occidentaux et chinois s&rsquo;orientent vers des solutions de renforcement plus avanc\u00e9es. <\/p>\n<p>Nos renforts d&#8217;emplanture pultrud\u00e9s haute performance sont con\u00e7us sur mesure pour chaque mod\u00e8le de pale afin de garantir des performances de collage exceptionnelles au niveau de l&rsquo;interface critique entre l&#8217;emplanture et la connexion, r\u00e9duisant ainsi le risque de cisaillement de la bague. Notre conception unique permet de concevoir des emplantures plus efficaces et de resserrer l&rsquo;espacement des bagues, ce qui se traduit par des diam\u00e8tres d&#8217;emplanture plus petits et des structures globales plus l\u00e9g\u00e8res, sans compromettre la r\u00e9sistance. <\/p>\n<p>L&rsquo;attribution de ce contrat souligne la d\u00e9cision strat\u00e9gique de maintenir et de d\u00e9velopper notre gamme de produits de pultrusion du verre, en reconnaissant l&rsquo;importance \u00e0 long terme de la conception des lames de nouvelle g\u00e9n\u00e9ration.<\/p>\n<p>Notre exp\u00e9rience, notre expertise en ing\u00e9nierie et la fiabilit\u00e9 de nos performances nous ont permis de devenir un fournisseur privil\u00e9gi\u00e9 sur le march\u00e9 tr\u00e8s concurrentiel de l&rsquo;\u00e9olien, au service de plusieurs \u00e9quipementiers sur les march\u00e9s occidentaux et chinois.<\/p>\n<p>[\/et_pb_text][\/et_pb_column][et_pb_column type=\u00a0\u00bb3_5&Prime; _builder_version=\u00a0\u00bb4.18.0&Prime; _module_preset=\u00a0\u00bbdefault\u00a0\u00bb global_colors_info=\u00a0\u00bb{}\u00a0\u00bb][et_pb_image src=\u00a0\u00bbhttps:\/\/www.gurit.com\/wp-content\/uploads\/2026\/03\/Root-reinf-image-1920&#215;1080-b.jpg\u00a0\u00bb alt=\u00a0\u00bbGurit remporte la m\u00e9daille d&#039;or EcoVadis\u00a0\u00bb title_text=\u00a0\u00bbImage de r\u00e9int\u00e9gration de la racine 1920&#215;1080 b\u00a0\u00bb _builder_version=\u00a0\u00bb4.27.5&Prime; _module_preset=\u00a0\u00bbdefault\u00a0\u00bb width=\u00a0\u00bb93.1%\u00a0\u00bb module_alignment=\u00a0\u00bbleft\u00a0\u00bb custom_margin=\u00a0\u00bb||7px|||\u00a0\u00bb custom_padding=\u00a0\u00bb|||0px||\u00a0\u00bb global_colors_info=\u00a0\u00bb{}\u00a0\u00bb][\/et_pb_image][\/et_pb_column][\/et_pb_row][\/et_pb_section]<\/p>\n","protected":false},"excerpt":{"rendered":"<p>Nous avons annonc\u00e9 aujourd&rsquo;hui la signature d&rsquo;un nouveau contrat de fourniture de deux ans pour notre solution de renforcement des pieds de pale en verre pultrud\u00e9 avec un fabricant d&rsquo;\u00e9oliennes de premier plan dans la r\u00e9gion Asie-Pacifique.<\/p>\n","protected":false},"author":7,"featured_media":22717,"comment_status":"open","ping_status":"open","sticky":false,"template":"","format":"standard","meta":{"_et_pb_use_builder":"on","_et_pb_old_content":"","_et_gb_content_width":"","footnotes":""},"categories":[84],"tags":[],"class_list":["post-22715","post","type-post","status-publish","format-standard","has-post-thumbnail","hentry","category-nouvelles"],"yoast_head":"<!-- This site is optimized with the Yoast SEO Premium plugin v27.4 (Yoast SEO v27.4) - https:\/\/yoast.com\/product\/yoast-seo-premium-wordpress\/ -->\n<title>Contrat de fourniture de deux ans pour des renforts de racine de lame en verre pultrud\u00e9 - Gurit.<\/title>\n<meta name=\"robots\" content=\"index, follow, max-snippet:-1, max-image-preview:large, max-video-preview:-1\" \/>\n<link rel=\"canonical\" href=\"https:\/\/www.gurit.com\/fr\/contrat-de-fourniture-de-deux-ans-pour-des-renforts-de-racine-de-lame-en-verre-pultrude\/\" \/>\n<meta property=\"og:locale\" content=\"fr_FR\" \/>\n<meta property=\"og:type\" content=\"article\" \/>\n<meta property=\"og:title\" content=\"Contrat de fourniture de deux ans pour des renforts de racine de lame en verre pultrud\u00e9\" \/>\n<meta property=\"og:description\" content=\"Nous avons annonc\u00e9 aujourd&#039;hui la signature d&#039;un nouveau contrat de fourniture de deux ans pour notre solution de renforcement des pieds de pale en verre pultrud\u00e9 avec un fabricant d&#039;\u00e9oliennes de premier plan dans la r\u00e9gion Asie-Pacifique.\" \/>\n<meta property=\"og:url\" content=\"https:\/\/www.gurit.com\/fr\/contrat-de-fourniture-de-deux-ans-pour-des-renforts-de-racine-de-lame-en-verre-pultrude\/\" \/>\n<meta property=\"og:site_name\" content=\"Gurit\" \/>\n<meta property=\"article:publisher\" content=\"https:\/\/www.facebook.com\/GuritGroup\" \/>\n<meta property=\"article:published_time\" content=\"2026-03-09T08:09:36+00:00\" \/>\n<meta property=\"article:modified_time\" content=\"2026-04-26T13:42:29+00:00\" \/>\n<meta property=\"og:image\" content=\"https:\/\/www.gurit.com\/wp-content\/uploads\/2026\/03\/Root-reinforcement_thumb.jpg\" \/>\n\t<meta property=\"og:image:width\" content=\"1500\" \/>\n\t<meta property=\"og:image:height\" content=\"1000\" \/>\n\t<meta property=\"og:image:type\" content=\"image\/jpeg\" \/>\n<meta name=\"author\" content=\"Dave Russell\" \/>\n<meta name=\"twitter:card\" content=\"summary_large_image\" \/>\n<meta name=\"twitter:creator\" content=\"@guritgroup\" \/>\n<meta name=\"twitter:site\" content=\"@guritgroup\" \/>\n<meta name=\"twitter:label1\" content=\"\u00c9crit par\" \/>\n\t<meta name=\"twitter:data1\" content=\"Dave Russell\" \/>\n\t<meta name=\"twitter:label2\" content=\"Dur\u00e9e de lecture estim\u00e9e\" \/>\n\t<meta name=\"twitter:data2\" content=\"4 minutes\" \/>\n<script type=\"application\/ld+json\" class=\"yoast-schema-graph\">{\"@context\":\"https:\\\/\\\/schema.org\",\"@graph\":[{\"@type\":\"Article\",\"@id\":\"https:\\\/\\\/www.gurit.com\\\/fr\\\/contrat-de-fourniture-de-deux-ans-pour-des-renforts-de-racine-de-lame-en-verre-pultrude\\\/#article\",\"isPartOf\":{\"@id\":\"https:\\\/\\\/www.gurit.com\\\/fr\\\/contrat-de-fourniture-de-deux-ans-pour-des-renforts-de-racine-de-lame-en-verre-pultrude\\\/\"},\"author\":{\"name\":\"Dave Russell\",\"@id\":\"https:\\\/\\\/www.gurit.com\\\/fr\\\/#\\\/schema\\\/person\\\/7b8131e21779b4b32bb40c47cca5805c\"},\"headline\":\"Contrat de fourniture de deux ans pour des renforts de racine de lame en verre pultrud\u00e9\",\"datePublished\":\"2026-03-09T08:09:36+00:00\",\"dateModified\":\"2026-04-26T13:42:29+00:00\",\"mainEntityOfPage\":{\"@id\":\"https:\\\/\\\/www.gurit.com\\\/fr\\\/contrat-de-fourniture-de-deux-ans-pour-des-renforts-de-racine-de-lame-en-verre-pultrude\\\/\"},\"wordCount\":804,\"commentCount\":0,\"publisher\":{\"@id\":\"https:\\\/\\\/www.gurit.com\\\/fr\\\/#organization\"},\"image\":{\"@id\":\"https:\\\/\\\/www.gurit.com\\\/fr\\\/contrat-de-fourniture-de-deux-ans-pour-des-renforts-de-racine-de-lame-en-verre-pultrude\\\/#primaryimage\"},\"thumbnailUrl\":\"https:\\\/\\\/www.gurit.com\\\/wp-content\\\/uploads\\\/2026\\\/03\\\/Root-reinforcement_thumb.jpg\",\"articleSection\":[\"nouvelles\"],\"inLanguage\":\"fr-FR\",\"potentialAction\":[{\"@type\":\"CommentAction\",\"name\":\"Comment\",\"target\":[\"https:\\\/\\\/www.gurit.com\\\/fr\\\/contrat-de-fourniture-de-deux-ans-pour-des-renforts-de-racine-de-lame-en-verre-pultrude\\\/#respond\"]}]},{\"@type\":\"WebPage\",\"@id\":\"https:\\\/\\\/www.gurit.com\\\/fr\\\/contrat-de-fourniture-de-deux-ans-pour-des-renforts-de-racine-de-lame-en-verre-pultrude\\\/\",\"url\":\"https:\\\/\\\/www.gurit.com\\\/fr\\\/contrat-de-fourniture-de-deux-ans-pour-des-renforts-de-racine-de-lame-en-verre-pultrude\\\/\",\"name\":\"Contrat de fourniture de deux ans pour des renforts de racine de lame en verre pultrud\u00e9 - Gurit.\",\"isPartOf\":{\"@id\":\"https:\\\/\\\/www.gurit.com\\\/fr\\\/#website\"},\"primaryImageOfPage\":{\"@id\":\"https:\\\/\\\/www.gurit.com\\\/fr\\\/contrat-de-fourniture-de-deux-ans-pour-des-renforts-de-racine-de-lame-en-verre-pultrude\\\/#primaryimage\"},\"image\":{\"@id\":\"https:\\\/\\\/www.gurit.com\\\/fr\\\/contrat-de-fourniture-de-deux-ans-pour-des-renforts-de-racine-de-lame-en-verre-pultrude\\\/#primaryimage\"},\"thumbnailUrl\":\"https:\\\/\\\/www.gurit.com\\\/wp-content\\\/uploads\\\/2026\\\/03\\\/Root-reinforcement_thumb.jpg\",\"datePublished\":\"2026-03-09T08:09:36+00:00\",\"dateModified\":\"2026-04-26T13:42:29+00:00\",\"breadcrumb\":{\"@id\":\"https:\\\/\\\/www.gurit.com\\\/fr\\\/contrat-de-fourniture-de-deux-ans-pour-des-renforts-de-racine-de-lame-en-verre-pultrude\\\/#breadcrumb\"},\"inLanguage\":\"fr-FR\",\"potentialAction\":[{\"@type\":\"ReadAction\",\"target\":[\"https:\\\/\\\/www.gurit.com\\\/fr\\\/contrat-de-fourniture-de-deux-ans-pour-des-renforts-de-racine-de-lame-en-verre-pultrude\\\/\"]}]},{\"@type\":\"ImageObject\",\"inLanguage\":\"fr-FR\",\"@id\":\"https:\\\/\\\/www.gurit.com\\\/fr\\\/contrat-de-fourniture-de-deux-ans-pour-des-renforts-de-racine-de-lame-en-verre-pultrude\\\/#primaryimage\",\"url\":\"https:\\\/\\\/www.gurit.com\\\/wp-content\\\/uploads\\\/2026\\\/03\\\/Root-reinforcement_thumb.jpg\",\"contentUrl\":\"https:\\\/\\\/www.gurit.com\\\/wp-content\\\/uploads\\\/2026\\\/03\\\/Root-reinforcement_thumb.jpg\",\"width\":1500,\"height\":1000},{\"@type\":\"BreadcrumbList\",\"@id\":\"https:\\\/\\\/www.gurit.com\\\/fr\\\/contrat-de-fourniture-de-deux-ans-pour-des-renforts-de-racine-de-lame-en-verre-pultrude\\\/#breadcrumb\",\"itemListElement\":[{\"@type\":\"ListItem\",\"position\":1,\"name\":\"Startseite\",\"item\":\"https:\\\/\\\/www.gurit.com\\\/fr\\\/marches\\\/\"},{\"@type\":\"ListItem\",\"position\":2,\"name\":\"Contrat de fourniture de deux ans pour des renforts de racine de lame en verre pultrud\u00e9\"}]},{\"@type\":\"WebSite\",\"@id\":\"https:\\\/\\\/www.gurit.com\\\/fr\\\/#website\",\"url\":\"https:\\\/\\\/www.gurit.com\\\/fr\\\/\",\"name\":\"Gurit\",\"description\":\"Composites avanc\u00e9s pour l'\u00e9nergie \u00e9olienne, la marine, la construction et d'autres industries\",\"publisher\":{\"@id\":\"https:\\\/\\\/www.gurit.com\\\/fr\\\/#organization\"},\"potentialAction\":[{\"@type\":\"SearchAction\",\"target\":{\"@type\":\"EntryPoint\",\"urlTemplate\":\"https:\\\/\\\/www.gurit.com\\\/fr\\\/?s={search_term_string}\"},\"query-input\":{\"@type\":\"PropertyValueSpecification\",\"valueRequired\":true,\"valueName\":\"search_term_string\"}}],\"inLanguage\":\"fr-FR\"},{\"@type\":\"Organization\",\"@id\":\"https:\\\/\\\/www.gurit.com\\\/fr\\\/#organization\",\"name\":\"Gurit\",\"url\":\"https:\\\/\\\/www.gurit.com\\\/fr\\\/\",\"logo\":{\"@type\":\"ImageObject\",\"inLanguage\":\"fr-FR\",\"@id\":\"https:\\\/\\\/www.gurit.com\\\/fr\\\/#\\\/schema\\\/logo\\\/image\\\/\",\"url\":\"https:\\\/\\\/www.gurit.com\\\/wp-content\\\/uploads\\\/2021\\\/12\\\/gurit-logo.png\",\"contentUrl\":\"https:\\\/\\\/www.gurit.com\\\/wp-content\\\/uploads\\\/2021\\\/12\\\/gurit-logo.png\",\"width\":262,\"height\":100,\"caption\":\"Gurit\"},\"image\":{\"@id\":\"https:\\\/\\\/www.gurit.com\\\/fr\\\/#\\\/schema\\\/logo\\\/image\\\/\"},\"sameAs\":[\"https:\\\/\\\/www.facebook.com\\\/GuritGroup\",\"https:\\\/\\\/x.com\\\/guritgroup\",\"https:\\\/\\\/www.linkedin.com\\\/company\\\/gurit\\\/\"]},{\"@type\":\"Person\",\"@id\":\"https:\\\/\\\/www.gurit.com\\\/fr\\\/#\\\/schema\\\/person\\\/7b8131e21779b4b32bb40c47cca5805c\",\"name\":\"Dave Russell\",\"image\":{\"@type\":\"ImageObject\",\"inLanguage\":\"fr-FR\",\"@id\":\"https:\\\/\\\/secure.gravatar.com\\\/avatar\\\/13640954a268a79f9f520361c5ae0ba28879ec1c3a29e722044890e786640966?s=96&d=mm&r=g\",\"url\":\"https:\\\/\\\/secure.gravatar.com\\\/avatar\\\/13640954a268a79f9f520361c5ae0ba28879ec1c3a29e722044890e786640966?s=96&d=mm&r=g\",\"contentUrl\":\"https:\\\/\\\/secure.gravatar.com\\\/avatar\\\/13640954a268a79f9f520361c5ae0ba28879ec1c3a29e722044890e786640966?s=96&d=mm&r=g\",\"caption\":\"Dave Russell\"},\"url\":\"https:\\\/\\\/www.gurit.com\\\/fr\\\/author\\\/dave\\\/\"}]}<\/script>\n<!-- \/ Yoast SEO Premium plugin. -->","yoast_head_json":{"title":"Contrat de fourniture de deux ans pour des renforts de racine de lame en verre pultrud\u00e9 - Gurit.","robots":{"index":"index","follow":"follow","max-snippet":"max-snippet:-1","max-image-preview":"max-image-preview:large","max-video-preview":"max-video-preview:-1"},"canonical":"https:\/\/www.gurit.com\/fr\/contrat-de-fourniture-de-deux-ans-pour-des-renforts-de-racine-de-lame-en-verre-pultrude\/","og_locale":"fr_FR","og_type":"article","og_title":"Contrat de fourniture de deux ans pour des renforts de racine de lame en verre pultrud\u00e9","og_description":"Nous avons annonc\u00e9 aujourd'hui la signature d'un nouveau contrat de fourniture de deux ans pour notre solution de renforcement des pieds de pale en verre pultrud\u00e9 avec un fabricant d'\u00e9oliennes de premier plan dans la r\u00e9gion Asie-Pacifique.","og_url":"https:\/\/www.gurit.com\/fr\/contrat-de-fourniture-de-deux-ans-pour-des-renforts-de-racine-de-lame-en-verre-pultrude\/","og_site_name":"Gurit","article_publisher":"https:\/\/www.facebook.com\/GuritGroup","article_published_time":"2026-03-09T08:09:36+00:00","article_modified_time":"2026-04-26T13:42:29+00:00","og_image":[{"width":1500,"height":1000,"url":"https:\/\/www.gurit.com\/wp-content\/uploads\/2026\/03\/Root-reinforcement_thumb.jpg","type":"image\/jpeg"}],"author":"Dave Russell","twitter_card":"summary_large_image","twitter_creator":"@guritgroup","twitter_site":"@guritgroup","twitter_misc":{"\u00c9crit par":"Dave Russell","Dur\u00e9e de lecture estim\u00e9e":"4 minutes"},"schema":{"@context":"https:\/\/schema.org","@graph":[{"@type":"Article","@id":"https:\/\/www.gurit.com\/fr\/contrat-de-fourniture-de-deux-ans-pour-des-renforts-de-racine-de-lame-en-verre-pultrude\/#article","isPartOf":{"@id":"https:\/\/www.gurit.com\/fr\/contrat-de-fourniture-de-deux-ans-pour-des-renforts-de-racine-de-lame-en-verre-pultrude\/"},"author":{"name":"Dave Russell","@id":"https:\/\/www.gurit.com\/fr\/#\/schema\/person\/7b8131e21779b4b32bb40c47cca5805c"},"headline":"Contrat de fourniture de deux ans pour des renforts de racine de lame en verre pultrud\u00e9","datePublished":"2026-03-09T08:09:36+00:00","dateModified":"2026-04-26T13:42:29+00:00","mainEntityOfPage":{"@id":"https:\/\/www.gurit.com\/fr\/contrat-de-fourniture-de-deux-ans-pour-des-renforts-de-racine-de-lame-en-verre-pultrude\/"},"wordCount":804,"commentCount":0,"publisher":{"@id":"https:\/\/www.gurit.com\/fr\/#organization"},"image":{"@id":"https:\/\/www.gurit.com\/fr\/contrat-de-fourniture-de-deux-ans-pour-des-renforts-de-racine-de-lame-en-verre-pultrude\/#primaryimage"},"thumbnailUrl":"https:\/\/www.gurit.com\/wp-content\/uploads\/2026\/03\/Root-reinforcement_thumb.jpg","articleSection":["nouvelles"],"inLanguage":"fr-FR","potentialAction":[{"@type":"CommentAction","name":"Comment","target":["https:\/\/www.gurit.com\/fr\/contrat-de-fourniture-de-deux-ans-pour-des-renforts-de-racine-de-lame-en-verre-pultrude\/#respond"]}]},{"@type":"WebPage","@id":"https:\/\/www.gurit.com\/fr\/contrat-de-fourniture-de-deux-ans-pour-des-renforts-de-racine-de-lame-en-verre-pultrude\/","url":"https:\/\/www.gurit.com\/fr\/contrat-de-fourniture-de-deux-ans-pour-des-renforts-de-racine-de-lame-en-verre-pultrude\/","name":"Contrat de fourniture de deux ans pour des renforts de racine de lame en verre pultrud\u00e9 - Gurit.","isPartOf":{"@id":"https:\/\/www.gurit.com\/fr\/#website"},"primaryImageOfPage":{"@id":"https:\/\/www.gurit.com\/fr\/contrat-de-fourniture-de-deux-ans-pour-des-renforts-de-racine-de-lame-en-verre-pultrude\/#primaryimage"},"image":{"@id":"https:\/\/www.gurit.com\/fr\/contrat-de-fourniture-de-deux-ans-pour-des-renforts-de-racine-de-lame-en-verre-pultrude\/#primaryimage"},"thumbnailUrl":"https:\/\/www.gurit.com\/wp-content\/uploads\/2026\/03\/Root-reinforcement_thumb.jpg","datePublished":"2026-03-09T08:09:36+00:00","dateModified":"2026-04-26T13:42:29+00:00","breadcrumb":{"@id":"https:\/\/www.gurit.com\/fr\/contrat-de-fourniture-de-deux-ans-pour-des-renforts-de-racine-de-lame-en-verre-pultrude\/#breadcrumb"},"inLanguage":"fr-FR","potentialAction":[{"@type":"ReadAction","target":["https:\/\/www.gurit.com\/fr\/contrat-de-fourniture-de-deux-ans-pour-des-renforts-de-racine-de-lame-en-verre-pultrude\/"]}]},{"@type":"ImageObject","inLanguage":"fr-FR","@id":"https:\/\/www.gurit.com\/fr\/contrat-de-fourniture-de-deux-ans-pour-des-renforts-de-racine-de-lame-en-verre-pultrude\/#primaryimage","url":"https:\/\/www.gurit.com\/wp-content\/uploads\/2026\/03\/Root-reinforcement_thumb.jpg","contentUrl":"https:\/\/www.gurit.com\/wp-content\/uploads\/2026\/03\/Root-reinforcement_thumb.jpg","width":1500,"height":1000},{"@type":"BreadcrumbList","@id":"https:\/\/www.gurit.com\/fr\/contrat-de-fourniture-de-deux-ans-pour-des-renforts-de-racine-de-lame-en-verre-pultrude\/#breadcrumb","itemListElement":[{"@type":"ListItem","position":1,"name":"Startseite","item":"https:\/\/www.gurit.com\/fr\/marches\/"},{"@type":"ListItem","position":2,"name":"Contrat de fourniture de deux ans pour des renforts de racine de lame en verre pultrud\u00e9"}]},{"@type":"WebSite","@id":"https:\/\/www.gurit.com\/fr\/#website","url":"https:\/\/www.gurit.com\/fr\/","name":"Gurit","description":"Composites avanc\u00e9s pour l'\u00e9nergie \u00e9olienne, la marine, la construction et d'autres industries","publisher":{"@id":"https:\/\/www.gurit.com\/fr\/#organization"},"potentialAction":[{"@type":"SearchAction","target":{"@type":"EntryPoint","urlTemplate":"https:\/\/www.gurit.com\/fr\/?s={search_term_string}"},"query-input":{"@type":"PropertyValueSpecification","valueRequired":true,"valueName":"search_term_string"}}],"inLanguage":"fr-FR"},{"@type":"Organization","@id":"https:\/\/www.gurit.com\/fr\/#organization","name":"Gurit","url":"https:\/\/www.gurit.com\/fr\/","logo":{"@type":"ImageObject","inLanguage":"fr-FR","@id":"https:\/\/www.gurit.com\/fr\/#\/schema\/logo\/image\/","url":"https:\/\/www.gurit.com\/wp-content\/uploads\/2021\/12\/gurit-logo.png","contentUrl":"https:\/\/www.gurit.com\/wp-content\/uploads\/2021\/12\/gurit-logo.png","width":262,"height":100,"caption":"Gurit"},"image":{"@id":"https:\/\/www.gurit.com\/fr\/#\/schema\/logo\/image\/"},"sameAs":["https:\/\/www.facebook.com\/GuritGroup","https:\/\/x.com\/guritgroup","https:\/\/www.linkedin.com\/company\/gurit\/"]},{"@type":"Person","@id":"https:\/\/www.gurit.com\/fr\/#\/schema\/person\/7b8131e21779b4b32bb40c47cca5805c","name":"Dave Russell","image":{"@type":"ImageObject","inLanguage":"fr-FR","@id":"https:\/\/secure.gravatar.com\/avatar\/13640954a268a79f9f520361c5ae0ba28879ec1c3a29e722044890e786640966?s=96&d=mm&r=g","url":"https:\/\/secure.gravatar.com\/avatar\/13640954a268a79f9f520361c5ae0ba28879ec1c3a29e722044890e786640966?s=96&d=mm&r=g","contentUrl":"https:\/\/secure.gravatar.com\/avatar\/13640954a268a79f9f520361c5ae0ba28879ec1c3a29e722044890e786640966?s=96&d=mm&r=g","caption":"Dave Russell"},"url":"https:\/\/www.gurit.com\/fr\/author\/dave\/"}]}},"_links":{"self":[{"href":"https:\/\/www.gurit.com\/fr\/wp-json\/wp\/v2\/posts\/22715","targetHints":{"allow":["GET"]}}],"collection":[{"href":"https:\/\/www.gurit.com\/fr\/wp-json\/wp\/v2\/posts"}],"about":[{"href":"https:\/\/www.gurit.com\/fr\/wp-json\/wp\/v2\/types\/post"}],"author":[{"embeddable":true,"href":"https:\/\/www.gurit.com\/fr\/wp-json\/wp\/v2\/users\/7"}],"replies":[{"embeddable":true,"href":"https:\/\/www.gurit.com\/fr\/wp-json\/wp\/v2\/comments?post=22715"}],"version-history":[{"count":10,"href":"https:\/\/www.gurit.com\/fr\/wp-json\/wp\/v2\/posts\/22715\/revisions"}],"predecessor-version":[{"id":22755,"href":"https:\/\/www.gurit.com\/fr\/wp-json\/wp\/v2\/posts\/22715\/revisions\/22755"}],"wp:featuredmedia":[{"embeddable":true,"href":"https:\/\/www.gurit.com\/fr\/wp-json\/wp\/v2\/media\/22717"}],"wp:attachment":[{"href":"https:\/\/www.gurit.com\/fr\/wp-json\/wp\/v2\/media?parent=22715"}],"wp:term":[{"taxonomy":"category","embeddable":true,"href":"https:\/\/www.gurit.com\/fr\/wp-json\/wp\/v2\/categories?post=22715"},{"taxonomy":"post_tag","embeddable":true,"href":"https:\/\/www.gurit.com\/fr\/wp-json\/wp\/v2\/tags?post=22715"}],"curies":[{"name":"wp","href":"https:\/\/api.w.org\/{rel}","templated":true}]}}